{"id":359104,"date":"2021-07-22T12:45:30","date_gmt":"2021-07-22T09:45:30","guid":{"rendered":"http:\/\/arantv.az\/?p=359104"},"modified":"2021-07-22T12:45:30","modified_gmt":"2021-07-22T09:45:30","slug":"polad-h%c9%99simov-h%c9%99r-zaman-ist%c9%99yirdi-ki-insanlar-rahat-yasasinlar-ofelya-h%c9%99simova","status":"publish","type":"post","link":"https:\/\/arantv.az\/?p=359104","title":{"rendered":"Polad H\u0259\u015fimov h\u0259r zaman ist\u0259yirdi ki, insanlar rahat ya\u015fas\u0131nlar &#8211; Ofelya H\u0259\u015fimova"},"content":{"rendered":"<p>Polad H\u0259\u015fimov h\u0259r zaman ist\u0259yirdi ki, abadl\u0131q olsun, insanlar rahat ya\u015fas\u0131nlar.<\/p>\n<p>ARANTV.AZ <a href=\"https:\/\/az.trend.az\/\" target=\"_blank\" rel=\"noopener\">Trend<\/a>-\u0259 istinad\u0259n bildirir ki,\u00a0bunu X\u0259tai rayonunda yerl\u0259\u015f\u0259n Az\u0259rbaycan\u0131n Milli Q\u0259hr\u0259man\u0131, general Polad H\u0259\u015fimovun ad\u0131na yarad\u0131lan park\u0131n a\u00e7\u0131l\u0131\u015f m\u0259rasimind\u0259 onun h\u0259yat yolda\u015f\u0131 Ofelya H\u0259\u015fimova deyib.<\/p>\n<p>O bildirib ki, Polad H\u0259\u015fimov v\u0259 dig\u0259r \u015f\u0259hidl\u0259rimiz \u00fc\u00e7\u00fcn bu g\u00fcn \u0259kil\u0259n a\u011faclar b\u00f6y\u00fcd\u00fckc\u0259, onlar\u0131n da ruhu \u015fad olacaq: &#8220;Xatir\u0259 l\u00f6vh\u0259sind\u0259 onunla birg\u0259 dig\u0259r \u015f\u0259hidl\u0259rimizin d\u0259 \u015f\u0259kill\u0259rinin olmas\u0131 m\u0259ni t\u0259sirl\u0259ndirdi. Allah general\u0131m\u0131za v\u0259 b\u00fct\u00fcn \u015f\u0259hidl\u0259rimiz\u0259 r\u0259hm\u0259t el\u0259sin. Biz onlarla q\u00fcr\u00fcr duyuruq. B\u00fct\u00fcn \u015f\u0259hid ail\u0259l\u0259rin\u0259 sonsuz h\u00f6rm\u0259t v\u0259 ehtiram\u0131m\u0131 bildirir\u0259m&#8221;.<\/p>\n","protected":false},"excerpt":{"rendered":"<p>Polad H\u0259\u015fimov h\u0259r zaman ist\u0259yirdi ki, abadl\u0131q olsun, insanlar rahat ya\u015fas\u0131nlar. ARANTV.AZ Trend-\u0259 istinad\u0259n bildirir ki,\u00a0bunu X\u0259tai rayonunda yerl\u0259\u015f\u0259n Az\u0259rbaycan\u0131n Milli Q\u0259hr\u0259man\u0131, general Polad H\u0259\u015fimovun ad\u0131na yarad\u0131lan park\u0131n a\u00e7\u0131l\u0131\u015f m\u0259rasimind\u0259 onun h\u0259yat yolda\u015f\u0131 Ofelya H\u0259\u015fimova deyib. O bildirib ki, Polad H\u0259\u015fimov v\u0259 dig\u0259r \u015f\u0259hidl\u0259rimiz \u00fc\u00e7\u00fcn bu g\u00fcn \u0259kil\u0259n a\u011faclar b\u00f6y\u00fcd\u00fckc\u0259, onlar\u0131n da ruhu \u015fad olacaq: &#8220;Xatir\u0259 l\u00f6vh\u0259sind\u0259 onunla birg\u0259 dig\u0259r \u015f\u0259hidl\u0259rimizin d\u0259 \u015f\u0259kill\u0259rinin olmas\u0131 m\u0259ni t\u0259sirl\u0259ndirdi. Allah general\u0131m\u0131za v\u0259 b\u00fct\u00fcn \u015f\u0259hidl\u0259rimiz\u0259 r\u0259hm\u0259t el\u0259sin. Biz onlarla q\u00fcr\u00fcr duyuruq. B\u00fct\u00fcn \u015f\u0259hid ail\u0259l\u0259rin\u0259 sonsuz h\u00f6rm\u0259t v\u0259 ehtiram\u0131m\u0131 bildirir\u0259m&#8221;.<\/p>\n","protected":false},"author":2,"featured_media":359105,"comment_status":"closed","ping_status":"closed","sticky":false,"template":"","format":"standard","meta":{"om_disable_all_campaigns":false,"_monsterinsights_skip_tracking":false,"_monsterinsights_sitenote_active":false,"_monsterinsights_sitenote_note":"","_monsterinsights_sitenote_category":0},"categories":[1],"tags":[],"aioseo_notices":[],"gutentor_comment":0,"rttpg_featured_image_url":{"full":["https:\/\/arantv.az\/wp-content\/uploads\/2021\/07\/trend_polad_heshimov_park_220721_5.jpg",1156,868,false],"landscape":["https:\/\/arantv.az\/wp-content\/uploads\/2021\/07\/trend_polad_heshimov_park_220721_5.jpg",1156,868,false],"portraits":["https:\/\/arantv.az\/wp-content\/uploads\/2021\/07\/trend_polad_heshimov_park_220721_5.jpg",1156,868,false],"thumbnail":["https:\/\/arantv.az\/wp-content\/uploads\/2021\/07\/trend_polad_heshimov_park_220721_5-500x280.jpg",500,280,true],"medium":["https:\/\/arantv.az\/wp-content\/uploads\/2021\/07\/trend_polad_heshimov_park_220721_5-486x365.jpg",486,365,true],"large":["https:\/\/arantv.az\/wp-content\/uploads\/2021\/07\/trend_polad_heshimov_park_220721_5-840x631.jpg",640,481,true],"1536x1536":["https:\/\/arantv.az\/wp-content\/uploads\/2021\/07\/trend_polad_heshimov_park_220721_5.jpg",1156,868,false],"2048x2048":["https:\/\/arantv.az\/wp-content\/uploads\/2021\/07\/trend_polad_heshimov_park_220721_5.jpg",1156,868,false],"post-thumbnail":["https:\/\/arantv.az\/wp-content\/uploads\/2021\/07\/trend_polad_heshimov_park_220721_5-240x172.jpg",240,172,true],"advps-thumb-one":["https:\/\/arantv.az\/wp-content\/uploads\/2021\/07\/trend_polad_heshimov_park_220721_5-1156x620.jpg",1156,620,true]},"rttpg_author":{"display_name":"V\u00fcsal Rafiqo\u011flu","author_link":"https:\/\/arantv.az\/?author=2"},"rttpg_comment":0,"rttpg_category":"<a href=\"https:\/\/arantv.az\/?cat=1\" rel=\"category\">C\u0259miyy\u0259t<\/a>","rttpg_excerpt":"Polad H\u0259\u015fimov h\u0259r zaman ist\u0259yirdi ki, abadl\u0131q olsun, insanlar rahat ya\u015fas\u0131nlar. ARANTV.AZ Trend-\u0259 istinad\u0259n bildirir ki,\u00a0bunu X\u0259tai rayonunda yerl\u0259\u015f\u0259n Az\u0259rbaycan\u0131n Milli Q\u0259hr\u0259man\u0131, general Polad H\u0259\u015fimovun ad\u0131na yarad\u0131lan park\u0131n a\u00e7\u0131l\u0131\u015f m\u0259rasimind\u0259 onun h\u0259yat yolda\u015f\u0131 Ofelya H\u0259\u015fimova deyib. O bildirib ki, Polad H\u0259\u015fimov v\u0259 dig\u0259r \u015f\u0259hidl\u0259rimiz \u00fc\u00e7\u00fcn bu g\u00fcn \u0259kil\u0259n a\u011faclar b\u00f6y\u00fcd\u00fckc\u0259, onlar\u0131n da ruhu \u015fad olacaq:&hellip;","_links":{"self":[{"href":"https:\/\/arantv.az\/index.php?rest_route=\/wp\/v2\/posts\/359104"}],"collection":[{"href":"https:\/\/arantv.az\/index.php?rest_route=\/wp\/v2\/posts"}],"about":[{"href":"https:\/\/arantv.az\/index.php?rest_route=\/wp\/v2\/types\/post"}],"author":[{"embeddable":true,"href":"https:\/\/arantv.az\/index.php?rest_route=\/wp\/v2\/users\/2"}],"replies":[{"embeddable":true,"href":"https:\/\/arantv.az\/index.php?rest_route=%2Fwp%2Fv2%2Fcomments&post=359104"}],"version-history":[{"count":0,"href":"https:\/\/arantv.az\/index.php?rest_route=\/wp\/v2\/posts\/359104\/revisions"}],"wp:featuredmedia":[{"embeddable":true,"href":"https:\/\/arantv.az\/index.php?rest_route=\/wp\/v2\/media\/359105"}],"wp:attachment":[{"href":"https:\/\/arantv.az\/index.php?rest_route=%2Fwp%2Fv2%2Fmedia&parent=359104"}],"wp:term":[{"taxonomy":"category","embeddable":true,"href":"https:\/\/arantv.az\/index.php?rest_route=%2Fwp%2Fv2%2Fcategories&post=359104"},{"taxonomy":"post_tag","embeddable":true,"href":"https:\/\/arantv.az\/index.php?rest_route=%2Fwp%2Fv2%2Ftags&post=359104"}],"curies":[{"name":"wp","href":"https:\/\/api.w.org\/{rel}","templated":true}]}}