{"id":359107,"date":"2021-07-22T12:48:43","date_gmt":"2021-07-22T09:48:43","guid":{"rendered":"http:\/\/arantv.az\/?p=359107"},"modified":"2021-07-22T12:48:43","modified_gmt":"2021-07-22T09:48:43","slug":"ilham-%c9%99liyev-dask%c9%99s%c9%99nd%c9%99-heyd%c9%99r-%c9%99liyevin-abid%c9%99sini-ziyar%c9%99t-etdi-foto","status":"publish","type":"post","link":"https:\/\/arantv.az\/?p=359107","title":{"rendered":"\u0130lham \u018fliyev Da\u015fk\u0259s\u0259nd\u0259 Heyd\u0259r \u018fliyevin abid\u0259sini ziyar\u0259t etdi &#8211; FOTO"},"content":{"rendered":"<article class=\"news\">\n<div class=\"news-inner\">\n<p>Az\u0259rbaycan Respublikas\u0131n\u0131n Prezidenti \u0130lham \u018fliyev iyulun 22-d\u0259 Da\u015fk\u0259s\u0259n rayonunda s\u0259f\u0259rd\u0259dir.<\/p>\n<p><a href=\"https:\/\/azertag.az\/xeber\/Prezident_Ilham_Aliyev_Daskesen_rayonuna_sefere_gelib__Ulu_onder_Heyder_Aliyevin_abidesini_ziyaret_YENILANACAK-1835705\" target=\"_blank\" rel=\"noopener\">AZ\u018fRTAC<\/a>\u00a0x\u0259b\u0259r verir ki, d\u00f6vl\u0259timizin ba\u015f\u00e7\u0131s\u0131 Da\u015fk\u0259s\u0259n \u015f\u0259h\u0259rind\u0259 ulu \u00f6nd\u0259r Heyd\u0259r \u018fliyevin abid\u0259sini ziyar\u0259t edib.<\/p>\n<div id=\"AdviadNativeVideo0\" class=\"AdviadNativeVideo\"><\/div>\n<p>Prezident \u0130lham \u018fliyev \u00fcmummilli lider Heyd\u0259r \u018fliyevin xatir\u0259sini ehtiramla an\u0131b, abid\u0259si \u00f6n\u00fcn\u0259 g\u00fcl d\u0259st\u0259si qoyub.<\/p>\n<p>&nbsp;<\/p>\n<div class=\"gallery\">\n<div class=\"gallery-i\"><img src=\"https:\/\/cdn.oxu.az\/uploads\/W1siZiIsIjIwMjEvMDcvMjIvMTMvNDYvNTIvOWI4ZTc0MDMtZDQxNS00ZjkwLTg3ODYtMTczMjlmYjFlNDg2LzE2MjY5NDcxMjU0MDA0MTUwMTI5XzEwMDB4NjY5LmpwZyJdLFsicCIsImVuY29kZSIsImpwZyIsIi1xdWFsaXR5IDgwIl0sWyJwIiwidGh1bWIiLCI1OTB4NTkwXHUwMDNlIl1d?sha=6b438d6f987d1f7c\" alt=\"\" \/><\/p>\n<div class=\"gallery-i-caption\"><\/div>\n<\/div>\n<\/div>\n<\/div>\n<\/article>\n","protected":false},"excerpt":{"rendered":"<p>Az\u0259rbaycan Respublikas\u0131n\u0131n Prezidenti \u0130lham \u018fliyev iyulun 22-d\u0259 Da\u015fk\u0259s\u0259n rayonunda s\u0259f\u0259rd\u0259dir. AZ\u018fRTAC\u00a0x\u0259b\u0259r verir ki, d\u00f6vl\u0259timizin ba\u015f\u00e7\u0131s\u0131 Da\u015fk\u0259s\u0259n \u015f\u0259h\u0259rind\u0259 ulu \u00f6nd\u0259r Heyd\u0259r \u018fliyevin abid\u0259sini ziyar\u0259t edib. Prezident \u0130lham \u018fliyev \u00fcmummilli lider Heyd\u0259r \u018fliyevin xatir\u0259sini ehtiramla an\u0131b, abid\u0259si \u00f6n\u00fcn\u0259 g\u00fcl d\u0259st\u0259si qoyub. &nbsp;<\/p>\n","protected":false},"author":2,"featured_media":359108,"comment_status":"closed","ping_status":"closed","sticky":false,"template":"","format":"standard","meta":{"om_disable_all_campaigns":false,"_monsterinsights_skip_tracking":false,"_monsterinsights_sitenote_active":false,"_monsterinsights_sitenote_note":"","_monsterinsights_sitenote_category":0},"categories":[1],"tags":[],"aioseo_notices":[],"gutentor_comment":0,"rttpg_featured_image_url":{"full":["https:\/\/arantv.az\/wp-content\/uploads\/2021\/07\/16269471255393636572_1000x669.jpg",571,465,false],"landscape":["https:\/\/arantv.az\/wp-content\/uploads\/2021\/07\/16269471255393636572_1000x669.jpg",571,465,false],"portraits":["https:\/\/arantv.az\/wp-content\/uploads\/2021\/07\/16269471255393636572_1000x669.jpg",571,465,false],"thumbnail":["https:\/\/arantv.az\/wp-content\/uploads\/2021\/07\/16269471255393636572_1000x669-500x280.jpg",500,280,true],"medium":["https:\/\/arantv.az\/wp-content\/uploads\/2021\/07\/16269471255393636572_1000x669-448x365.jpg",448,365,true],"large":["https:\/\/arantv.az\/wp-content\/uploads\/2021\/07\/16269471255393636572_1000x669.jpg",571,465,false],"1536x1536":["https:\/\/arantv.az\/wp-content\/uploads\/2021\/07\/16269471255393636572_1000x669.jpg",571,465,false],"2048x2048":["https:\/\/arantv.az\/wp-content\/uploads\/2021\/07\/16269471255393636572_1000x669.jpg",571,465,false],"post-thumbnail":["https:\/\/arantv.az\/wp-content\/uploads\/2021\/07\/16269471255393636572_1000x669-240x172.jpg",240,172,true],"advps-thumb-one":["https:\/\/arantv.az\/wp-content\/uploads\/2021\/07\/16269471255393636572_1000x669.jpg",571,465,false]},"rttpg_author":{"display_name":"V\u00fcsal Rafiqo\u011flu","author_link":"https:\/\/arantv.az\/?author=2"},"rttpg_comment":0,"rttpg_category":"<a href=\"https:\/\/arantv.az\/?cat=1\" rel=\"category\">C\u0259miyy\u0259t<\/a>","rttpg_excerpt":"Az\u0259rbaycan Respublikas\u0131n\u0131n Prezidenti \u0130lham \u018fliyev iyulun 22-d\u0259 Da\u015fk\u0259s\u0259n rayonunda s\u0259f\u0259rd\u0259dir. AZ\u018fRTAC\u00a0x\u0259b\u0259r verir ki, d\u00f6vl\u0259timizin ba\u015f\u00e7\u0131s\u0131 Da\u015fk\u0259s\u0259n \u015f\u0259h\u0259rind\u0259 ulu \u00f6nd\u0259r Heyd\u0259r \u018fliyevin abid\u0259sini ziyar\u0259t edib. Prezident \u0130lham \u018fliyev \u00fcmummilli lider Heyd\u0259r \u018fliyevin xatir\u0259sini ehtiramla an\u0131b, abid\u0259si \u00f6n\u00fcn\u0259 g\u00fcl d\u0259st\u0259si qoyub. &nbsp;","_links":{"self":[{"href":"https:\/\/arantv.az\/index.php?rest_route=\/wp\/v2\/posts\/359107"}],"collection":[{"href":"https:\/\/arantv.az\/index.php?rest_route=\/wp\/v2\/posts"}],"about":[{"href":"https:\/\/arantv.az\/index.php?rest_route=\/wp\/v2\/types\/post"}],"author":[{"embeddable":true,"href":"https:\/\/arantv.az\/index.php?rest_route=\/wp\/v2\/users\/2"}],"replies":[{"embeddable":true,"href":"https:\/\/arantv.az\/index.php?rest_route=%2Fwp%2Fv2%2Fcomments&post=359107"}],"version-history":[{"count":0,"href":"https:\/\/arantv.az\/index.php?rest_route=\/wp\/v2\/posts\/359107\/revisions"}],"wp:featuredmedia":[{"embeddable":true,"href":"https:\/\/arantv.az\/index.php?rest_route=\/wp\/v2\/media\/359108"}],"wp:attachment":[{"href":"https:\/\/arantv.az\/index.php?rest_route=%2Fwp%2Fv2%2Fmedia&parent=359107"}],"wp:term":[{"taxonomy":"category","embeddable":true,"href":"https:\/\/arantv.az\/index.php?rest_route=%2Fwp%2Fv2%2Fcategories&post=359107"},{"taxonomy":"post_tag","embeddable":true,"href":"https:\/\/arantv.az\/index.php?rest_route=%2Fwp%2Fv2%2Ftags&post=359107"}],"curies":[{"name":"wp","href":"https:\/\/api.w.org\/{rel}","templated":true}]}}