{"id":35911,"date":"2019-01-30T15:56:44","date_gmt":"2019-01-30T12:56:44","guid":{"rendered":"http:\/\/arantv.az\/?p=35911"},"modified":"2019-01-30T15:56:44","modified_gmt":"2019-01-30T12:56:44","slug":"politoloq-con-boltonla-prezident-ilham-%c9%99liyev-arasinda-muzakir%c9%99l%c9%99r-az%c9%99rbaycan-abs-munasib%c9%99tl%c9%99rinin-daha-da-yaxinlasmasina-tohf%c9%99-ver%c9%99c%c9%99k","status":"publish","type":"post","link":"https:\/\/arantv.az\/?p=35911","title":{"rendered":"Politoloq: &#8220;Con Boltonla Prezident \u0130lham \u018fliyev aras\u0131nda m\u00fczakir\u0259l\u0259r Az\u0259rbaycan-AB\u015e m\u00fcnasib\u0259tl\u0259rinin daha da yax\u0131nla\u015fmas\u0131na t\u00f6hf\u0259 ver\u0259c\u0259k&#8221;"},"content":{"rendered":"<p>D\u00fcnyada g\u0259rgin siyasi v\u0259ziyy\u0259t fonunda AB\u015e Prezidentinin milli t\u0259hl\u00fck\u0259sizlik m\u0259s\u0259l\u0259l\u0259ri \u00fczr\u0259 m\u00fc\u015faviri Con Boltonun Az\u0259rbaycan Prezidenti \u0130lham \u018fliyev\u0259 telefon z\u0259ngi v\u0259 bir s\u0131ra m\u00fch\u00fcm m\u0259s\u0259l\u0259l\u0259rin m\u00fczakir\u0259si ona i\u015far\u0259 edir ki, Az\u0259rbaycan\u0131n d\u00fcnyada rolu v\u0259 yeri kifay\u0259t q\u0259d\u0259r y\u00fcks\u0259kdir, Az\u0259rbaycan n\u0259inki C\u0259nubi Qafqaz regionunda, h\u0259tta d\u00fcnya miqyas\u0131nda apar\u0131c\u0131 bir oyun\u00e7uya \u00e7evrilib.<\/p>\n<p><strong>ARANTV.AZ\u00a0<\/strong> bildirir ki, bunu\u00a0<a href=\"http:\/\/az.trend.az\/\" target=\"_blank\" rel=\"noopener\">Trend<\/a>-\u0259\u00a0politoloq\u00a0<strong>Fikr\u0259t Sad\u0131qov<\/strong>\u00a0deyib.<\/p>\n<p>F.Sad\u0131qov bildirib ki, Az\u0259rbaycan d\u00fcnyada enerji t\u0259hl\u00fck\u0259sizliyind\u0259 rolunu art\u0131r\u0131r v\u0259 telefon dan\u0131\u015f\u0131\u011f\u0131 zaman\u0131 apar\u0131lan m\u00fczakir\u0259l\u0259r AB\u015e-\u0131n Az\u0259rbaycan\u0131n enerji t\u0259hl\u00fck\u0259sizliyi sah\u0259sind\u0259 g\u00f6rd\u00fcy\u00fc i\u015fl\u0259ri y\u00fcks\u0259k qiym\u0259tl\u0259ndirdiyini g\u00f6st\u0259rir:<\/p>\n<p>&#8220;\u00c7\u00fcnki Az\u0259rbaycan\u0131n h\u0259yata ke\u00e7irdiyi irimiqyasl\u0131 beyn\u0259lxalq enerji v\u0259 n\u0259qliyyat layih\u0259l\u0259ri \u00f6z-\u00f6zl\u00fcy\u00fcnd\u0259 bir g\u00f6st\u0259ricidir. Birl\u0259\u015fmi\u015f \u015etatlar\u0131n Az\u0259rbaycanla m\u00fcnasib\u0259tl\u0259r\u0259 m\u00fch\u00fcm \u00f6n\u0259m verm\u0259si h\u0259tta AB\u015e Prezidentinin d\u00f6vl\u0259timizin ba\u015f\u00e7\u0131s\u0131na \u00fcnvanlad\u0131\u011f\u0131 bir s\u0131ra m\u0259ktublardan ayd\u0131n olur. Bel\u0259 ki, Donald Tramp\u0131n Az\u0259rbaycan Xalq C\u00fcmhuriyy\u0259tinin 100 illiyi v\u0259 dig\u0259r m\u0259s\u0259l\u0259l\u0259rl\u0259 ba\u011fl\u0131 t\u0259brikind\u0259 Az\u0259rbaycan\u0131n rolu y\u00fcks\u0259k qiym\u0259tl\u0259ndirilir&#8221;.<\/p>\n<p>Politoloq hesab edir ki, C.Bolton t\u0259hl\u00fck\u0259sizlik m\u0259s\u0259l\u0259l\u0259ri il\u0259 m\u0259\u015f\u011ful olan bir \u015f\u0259xs kimi Az\u0259rbaycan Prezidenti \u0130lham \u018fliyev il\u0259 bu sah\u0259d\u0259 bir s\u0131ra m\u00fch\u00fcm m\u0259s\u0259l\u0259l\u0259ri m\u00fczakir\u0259 edib:<\/p>\n<p>&#8220;D\u00fc\u015f\u00fcn\u00fcr\u0259m ki, Con Boltonun c\u0259nab Prezident \u0130lham \u018fliyev\u0259 z\u0259ngi, h\u0259m\u00e7inin onu g\u00f6st\u0259rir ki, AB\u015e Erm\u0259nistan-Az\u0259rbaycan Da\u011fl\u0131q Qaraba\u011f m\u00fcnaqi\u015f\u0259sinin h\u0259llind\u0259 m\u00fc\u015fahid\u0259 olunan m\u00fcsb\u0259t dinamikan\u0131 y\u00fcks\u0259k qiym\u0259tl\u0259ndirir, problemin aradan qald\u0131r\u0131lmas\u0131 il\u0259 ba\u011fl\u0131 s\u0259yl\u0259rini davam etdir\u0259c\u0259yi bar\u0259d\u0259 a\u00e7\u0131q mesaj verir. Eyni zamanda, \u0259min\u0259m ki, d\u00f6vl\u0259timizin ba\u015f\u00e7\u0131s\u0131 Az\u0259rbaycan\u0131n Da\u011fl\u0131q Qaraba\u011f m\u00fcnaqi\u015f\u0259si il\u0259 ba\u011fl\u0131 q\u0259ti m\u00f6vqeyini AB\u015e-a \u00e7atd\u0131r\u0131b. Hesab edir\u0259m ki, y\u00fcks\u0259k r\u00fctb\u0259li AB\u015e siyas\u0259t\u00e7isi il\u0259 bu istiqam\u0259td\u0259 dan\u0131\u015f\u0131qlar\u0131n b\u00f6y\u00fck \u0259h\u0259miyy\u0259ti var&#8221;.<\/p>\n<p>F.Sad\u0131qov \u0259lav\u0259 edib ki, \u00fcmumilikd\u0259 telefon dan\u0131\u015f\u0131\u011f\u0131 zaman\u0131 C.Bolton v\u0259 Prezident \u0130lham \u018fliyev aras\u0131nda m\u00fczakir\u0259l\u0259r m\u00fch\u00fcm \u0259h\u0259miyy\u0259t k\u0259sb edir, AB\u015e-\u0131n Az\u0259rbaycan\u0131n g\u00f6rd\u00fcy\u00fc i\u015fl\u0259r\u0259, h\u0259yata ke\u00e7irdiyi beyn\u0259lxalq enerji, n\u0259qliyyat v\u0259 dig\u0259r layih\u0259l\u0259r\u0259 d\u0259st\u0259yini ifad\u0259 edir v\u0259 Az\u0259rbaycan-AB\u015e m\u00fcnasib\u0259tl\u0259rinin daha da yax\u0131nla\u015fmas\u0131na t\u00f6hf\u0259 ver\u0259c\u0259k.<\/p>\n","protected":false},"excerpt":{"rendered":"<p>D\u00fcnyada g\u0259rgin siyasi v\u0259ziyy\u0259t fonunda AB\u015e Prezidentinin milli t\u0259hl\u00fck\u0259sizlik m\u0259s\u0259l\u0259l\u0259ri \u00fczr\u0259 m\u00fc\u015faviri Con Boltonun Az\u0259rbaycan Prezidenti \u0130lham \u018fliyev\u0259 telefon z\u0259ngi v\u0259 bir s\u0131ra m\u00fch\u00fcm m\u0259s\u0259l\u0259l\u0259rin m\u00fczakir\u0259si ona i\u015far\u0259 edir ki, Az\u0259rbaycan\u0131n d\u00fcnyada rolu v\u0259 yeri kifay\u0259t q\u0259d\u0259r y\u00fcks\u0259kdir, Az\u0259rbaycan n\u0259inki C\u0259nubi Qafqaz regionunda, h\u0259tta d\u00fcnya miqyas\u0131nda apar\u0131c\u0131 bir oyun\u00e7uya \u00e7evrilib. ARANTV.AZ\u00a0 bildirir ki, bunu\u00a0Trend-\u0259\u00a0politoloq\u00a0Fikr\u0259t Sad\u0131qov\u00a0deyib. F.Sad\u0131qov bildirib ki, Az\u0259rbaycan d\u00fcnyada enerji t\u0259hl\u00fck\u0259sizliyind\u0259 rolunu art\u0131r\u0131r v\u0259 telefon dan\u0131\u015f\u0131\u011f\u0131 zaman\u0131 apar\u0131lan m\u00fczakir\u0259l\u0259r AB\u015e-\u0131n Az\u0259rbaycan\u0131n enerji t\u0259hl\u00fck\u0259sizliyi sah\u0259sind\u0259 g\u00f6rd\u00fcy\u00fc i\u015fl\u0259ri y\u00fcks\u0259k qiym\u0259tl\u0259ndirdiyini g\u00f6st\u0259rir: &#8220;\u00c7\u00fcnki Az\u0259rbaycan\u0131n h\u0259yata ke\u00e7irdiyi irimiqyasl\u0131 beyn\u0259lxalq enerji v\u0259 n\u0259qliyyat layih\u0259l\u0259ri&hellip;<\/p>\n","protected":false},"author":2,"featured_media":35912,"comment_status":"closed","ping_status":"closed","sticky":false,"template":"","format":"standard","meta":{"om_disable_all_campaigns":false,"_monsterinsights_skip_tracking":false,"_monsterinsights_sitenote_active":false,"_monsterinsights_sitenote_note":"","_monsterinsights_sitenote_category":0},"categories":[4],"tags":[],"aioseo_notices":[],"gutentor_comment":0,"rttpg_featured_image_url":{"full":["https:\/\/arantv.az\/wp-content\/uploads\/2019\/01\/726110.jpg",800,600,false],"landscape":["https:\/\/arantv.az\/wp-content\/uploads\/2019\/01\/726110.jpg",800,600,false],"portraits":["https:\/\/arantv.az\/wp-content\/uploads\/2019\/01\/726110.jpg",800,600,false],"thumbnail":["https:\/\/arantv.az\/wp-content\/uploads\/2019\/01\/726110-150x150.jpg",150,150,true],"medium":["https:\/\/arantv.az\/wp-content\/uploads\/2019\/01\/726110-300x225.jpg",300,225,true],"large":["https:\/\/arantv.az\/wp-content\/uploads\/2019\/01\/726110.jpg",640,480,false],"1536x1536":["https:\/\/arantv.az\/wp-content\/uploads\/2019\/01\/726110.jpg",800,600,false],"2048x2048":["https:\/\/arantv.az\/wp-content\/uploads\/2019\/01\/726110.jpg",800,600,false],"post-thumbnail":["https:\/\/arantv.az\/wp-content\/uploads\/2019\/01\/726110-240x172.jpg",240,172,true],"advps-thumb-one":["https:\/\/arantv.az\/wp-content\/uploads\/2019\/01\/726110.jpg",800,600,false]},"rttpg_author":{"display_name":"V\u00fcsal Rafiqo\u011flu","author_link":"https:\/\/arantv.az\/?author=2"},"rttpg_comment":0,"rttpg_category":"<a href=\"https:\/\/arantv.az\/?cat=4\" rel=\"category\">Siyas\u0259t<\/a>","rttpg_excerpt":"D\u00fcnyada g\u0259rgin siyasi v\u0259ziyy\u0259t fonunda AB\u015e Prezidentinin milli t\u0259hl\u00fck\u0259sizlik m\u0259s\u0259l\u0259l\u0259ri \u00fczr\u0259 m\u00fc\u015faviri Con Boltonun Az\u0259rbaycan Prezidenti \u0130lham \u018fliyev\u0259 telefon z\u0259ngi v\u0259 bir s\u0131ra m\u00fch\u00fcm m\u0259s\u0259l\u0259l\u0259rin m\u00fczakir\u0259si ona i\u015far\u0259 edir ki, Az\u0259rbaycan\u0131n d\u00fcnyada rolu v\u0259 yeri kifay\u0259t q\u0259d\u0259r y\u00fcks\u0259kdir, Az\u0259rbaycan n\u0259inki C\u0259nubi Qafqaz regionunda, h\u0259tta d\u00fcnya miqyas\u0131nda apar\u0131c\u0131 bir oyun\u00e7uya \u00e7evrilib. ARANTV.AZ\u00a0 bildirir ki, bunu\u00a0Trend-\u0259\u00a0politoloq\u00a0Fikr\u0259t Sad\u0131qov\u00a0deyib.&hellip;","_links":{"self":[{"href":"https:\/\/arantv.az\/index.php?rest_route=\/wp\/v2\/posts\/35911"}],"collection":[{"href":"https:\/\/arantv.az\/index.php?rest_route=\/wp\/v2\/posts"}],"about":[{"href":"https:\/\/arantv.az\/index.php?rest_route=\/wp\/v2\/types\/post"}],"author":[{"embeddable":true,"href":"https:\/\/arantv.az\/index.php?rest_route=\/wp\/v2\/users\/2"}],"replies":[{"embeddable":true,"href":"https:\/\/arantv.az\/index.php?rest_route=%2Fwp%2Fv2%2Fcomments&post=35911"}],"version-history":[{"count":0,"href":"https:\/\/arantv.az\/index.php?rest_route=\/wp\/v2\/posts\/35911\/revisions"}],"wp:featuredmedia":[{"embeddable":true,"href":"https:\/\/arantv.az\/index.php?rest_route=\/wp\/v2\/media\/35912"}],"wp:attachment":[{"href":"https:\/\/arantv.az\/index.php?rest_route=%2Fwp%2Fv2%2Fmedia&parent=35911"}],"wp:term":[{"taxonomy":"category","embeddable":true,"href":"https:\/\/arantv.az\/index.php?rest_route=%2Fwp%2Fv2%2Fcategories&post=35911"},{"taxonomy":"post_tag","embeddable":true,"href":"https:\/\/arantv.az\/index.php?rest_route=%2Fwp%2Fv2%2Ftags&post=35911"}],"curies":[{"name":"wp","href":"https:\/\/api.w.org\/{rel}","templated":true}]}}