{"id":359116,"date":"2021-07-22T12:51:33","date_gmt":"2021-07-22T09:51:33","guid":{"rendered":"http:\/\/arantv.az\/?p=359116"},"modified":"2021-07-22T12:51:33","modified_gmt":"2021-07-22T09:51:33","slug":"az%c9%99rbaycan-v%c9%99-rusiya-x%c9%99z%c9%99r-regionu-il%c9%99-bunu-muzakir%c9%99-edir","status":"publish","type":"post","link":"https:\/\/arantv.az\/?p=359116","title":{"rendered":"Az\u0259rbaycan v\u0259 Rusiya X\u0259z\u0259r regionu il\u0259 bunu m\u00fczakir\u0259 edir"},"content":{"rendered":"<p>&#8220;Rusiya D\u0259mir Yollar\u0131&#8221; \u015firk\u0259ti il\u0259 &#8220;Az\u0259rbaycan D\u0259mir Yollar\u0131&#8221; QSC Uzaq \u015e\u0259rql\u0259 X\u0259z\u0259ryan\u0131 region aras\u0131nda d\u0259niz da\u015f\u0131malar\u0131n\u0131n f\u0259alla\u015fd\u0131r\u0131lmas\u0131 imkanlar\u0131n\u0131 m\u00fczakir\u0259 edir.<\/p>\n<p>ARANTV.AZ bildirir ki, bunu <a href=\"https:\/\/az.trend.az\/\" target=\"_blank\" rel=\"noopener\">Trend<\/a>-\u0259\u00a0rusiyal\u0131 politoloq, Rusiya Elml\u0259r Akademiyas\u0131n\u0131n \u0130qtisadiyyat \u0130nstitutunun elmi i\u015f\u00e7isi Aleksandr Karavayev deyib.<\/p>\n<p>Onun s\u00f6zl\u0259rin\u0259 g\u00f6r\u0259, X\u0259z\u0259ryan\u0131 \u00f6lk\u0259l\u0259rin n\u0259qliyyat kommunikasiyalar\u0131 \u00e7oxdan formala\u015f\u0131b. Bu regionun Fars k\u00f6rf\u0259zi \u00f6lk\u0259l\u0259rin\u0259 \u00e7\u0131x\u0131\u015f\u0131 \u00fc\u00e7\u00fcn \u015eimal-C\u0259nub n\u0259qliyyat mar\u015frutu x\u00fcsusi \u0259h\u0259miyy\u0259t da\u015f\u0131y\u0131r.<\/p>\n<p>Politoloqun fikrinc\u0259, bu sah\u0259d\u0259 daha bir perspektiv istiqam\u0259t Rusiyan\u0131n Uzaq \u015e\u0259rq regionudur: &#8220;Bu istiqam\u0259t \u00fczr\u0259 &#8220;Rusiya D\u0259mir Yollar\u0131&#8221; il\u0259 &#8220;Az\u0259rbaycan D\u0259mir Yollar\u0131&#8221; aras\u0131nda m\u00fczakir\u0259l\u0259r apar\u0131l\u0131r. Uzaq \u015e\u0259rq b\u0259z\u0259n C\u0259nubi v\u0259 \u015eimali Qafqazda yeti\u015fdiril\u0259n m\u0259hsullar\u0131n \u00e7at\u0131\u015fmazl\u0131\u011f\u0131n\u0131 hiss edir. M\u00fcvafiq raz\u0131la\u015fman\u0131n \u0259ld\u0259 olunmas\u0131 Uzaq \u015e\u0259rq\u0259 konteyner qatarlar\u0131n\u0131n yola sal\u0131nmas\u0131 imkan\u0131n\u0131 yaradacaq. \u018fks istiqam\u0259td\u0259 is\u0259 Qafqaza d\u0259niz m\u0259hsullar\u0131 da\u015f\u0131na bil\u0259r&#8221;.<\/p>\n<p>Ekspert \u0259lav\u0259 edib ki, bu g\u00fcn X\u0259z\u0259ryan\u0131 \u00f6lk\u0259l\u0259rin b\u00fct\u00fcn limanlar\u0131 multimodal funksionall\u0131\u011fa malikdir v\u0259 y\u00fck da\u015f\u0131malar\u0131n\u0131 h\u0259m avtomobil, h\u0259m d\u0259 d\u0259miryol n\u0259qliyyat\u0131 il\u0259 t\u0259min ed\u0259 bil\u0259r.<\/p>\n","protected":false},"excerpt":{"rendered":"<p>&#8220;Rusiya D\u0259mir Yollar\u0131&#8221; \u015firk\u0259ti il\u0259 &#8220;Az\u0259rbaycan D\u0259mir Yollar\u0131&#8221; QSC Uzaq \u015e\u0259rql\u0259 X\u0259z\u0259ryan\u0131 region aras\u0131nda d\u0259niz da\u015f\u0131malar\u0131n\u0131n f\u0259alla\u015fd\u0131r\u0131lmas\u0131 imkanlar\u0131n\u0131 m\u00fczakir\u0259 edir. ARANTV.AZ bildirir ki, bunu Trend-\u0259\u00a0rusiyal\u0131 politoloq, Rusiya Elml\u0259r Akademiyas\u0131n\u0131n \u0130qtisadiyyat \u0130nstitutunun elmi i\u015f\u00e7isi Aleksandr Karavayev deyib. Onun s\u00f6zl\u0259rin\u0259 g\u00f6r\u0259, X\u0259z\u0259ryan\u0131 \u00f6lk\u0259l\u0259rin n\u0259qliyyat kommunikasiyalar\u0131 \u00e7oxdan formala\u015f\u0131b. Bu regionun Fars k\u00f6rf\u0259zi \u00f6lk\u0259l\u0259rin\u0259 \u00e7\u0131x\u0131\u015f\u0131 \u00fc\u00e7\u00fcn \u015eimal-C\u0259nub n\u0259qliyyat mar\u015frutu x\u00fcsusi \u0259h\u0259miyy\u0259t da\u015f\u0131y\u0131r. Politoloqun fikrinc\u0259, bu sah\u0259d\u0259 daha bir perspektiv istiqam\u0259t Rusiyan\u0131n Uzaq \u015e\u0259rq regionudur: &#8220;Bu istiqam\u0259t \u00fczr\u0259 &#8220;Rusiya D\u0259mir Yollar\u0131&#8221; il\u0259 &#8220;Az\u0259rbaycan D\u0259mir Yollar\u0131&#8221; aras\u0131nda m\u00fczakir\u0259l\u0259r apar\u0131l\u0131r. Uzaq \u015e\u0259rq b\u0259z\u0259n C\u0259nubi v\u0259 \u015eimali Qafqazda&hellip;<\/p>\n","protected":false},"author":2,"featured_media":359117,"comment_status":"closed","ping_status":"closed","sticky":false,"template":"","format":"standard","meta":{"om_disable_all_campaigns":false,"_monsterinsights_skip_tracking":false,"_monsterinsights_sitenote_active":false,"_monsterinsights_sitenote_note":"","_monsterinsights_sitenote_category":0},"categories":[19],"tags":[],"aioseo_notices":[],"gutentor_comment":0,"rttpg_featured_image_url":{"full":["https:\/\/arantv.az\/wp-content\/uploads\/2021\/07\/azerbaijan_russia_flag_030419.jpg",550,390,false],"landscape":["https:\/\/arantv.az\/wp-content\/uploads\/2021\/07\/azerbaijan_russia_flag_030419.jpg",550,390,false],"portraits":["https:\/\/arantv.az\/wp-content\/uploads\/2021\/07\/azerbaijan_russia_flag_030419.jpg",550,390,false],"thumbnail":["https:\/\/arantv.az\/wp-content\/uploads\/2021\/07\/azerbaijan_russia_flag_030419-500x280.jpg",500,280,true],"medium":["https:\/\/arantv.az\/wp-content\/uploads\/2021\/07\/azerbaijan_russia_flag_030419-515x365.jpg",515,365,true],"large":["https:\/\/arantv.az\/wp-content\/uploads\/2021\/07\/azerbaijan_russia_flag_030419.jpg",550,390,false],"1536x1536":["https:\/\/arantv.az\/wp-content\/uploads\/2021\/07\/azerbaijan_russia_flag_030419.jpg",550,390,false],"2048x2048":["https:\/\/arantv.az\/wp-content\/uploads\/2021\/07\/azerbaijan_russia_flag_030419.jpg",550,390,false],"post-thumbnail":["https:\/\/arantv.az\/wp-content\/uploads\/2021\/07\/azerbaijan_russia_flag_030419-240x172.jpg",240,172,true],"advps-thumb-one":["https:\/\/arantv.az\/wp-content\/uploads\/2021\/07\/azerbaijan_russia_flag_030419.jpg",550,390,false]},"rttpg_author":{"display_name":"V\u00fcsal Rafiqo\u011flu","author_link":"https:\/\/arantv.az\/?author=2"},"rttpg_comment":0,"rttpg_category":"<a href=\"https:\/\/arantv.az\/?cat=19\" rel=\"category\">G\u00fcnd\u0259m<\/a>","rttpg_excerpt":"&#8220;Rusiya D\u0259mir Yollar\u0131&#8221; \u015firk\u0259ti il\u0259 &#8220;Az\u0259rbaycan D\u0259mir Yollar\u0131&#8221; QSC Uzaq \u015e\u0259rql\u0259 X\u0259z\u0259ryan\u0131 region aras\u0131nda d\u0259niz da\u015f\u0131malar\u0131n\u0131n f\u0259alla\u015fd\u0131r\u0131lmas\u0131 imkanlar\u0131n\u0131 m\u00fczakir\u0259 edir. ARANTV.AZ bildirir ki, bunu Trend-\u0259\u00a0rusiyal\u0131 politoloq, Rusiya Elml\u0259r Akademiyas\u0131n\u0131n \u0130qtisadiyyat \u0130nstitutunun elmi i\u015f\u00e7isi Aleksandr Karavayev deyib. Onun s\u00f6zl\u0259rin\u0259 g\u00f6r\u0259, X\u0259z\u0259ryan\u0131 \u00f6lk\u0259l\u0259rin n\u0259qliyyat kommunikasiyalar\u0131 \u00e7oxdan formala\u015f\u0131b. Bu regionun Fars k\u00f6rf\u0259zi \u00f6lk\u0259l\u0259rin\u0259 \u00e7\u0131x\u0131\u015f\u0131 \u00fc\u00e7\u00fcn \u015eimal-C\u0259nub n\u0259qliyyat mar\u015frutu&hellip;","_links":{"self":[{"href":"https:\/\/arantv.az\/index.php?rest_route=\/wp\/v2\/posts\/359116"}],"collection":[{"href":"https:\/\/arantv.az\/index.php?rest_route=\/wp\/v2\/posts"}],"about":[{"href":"https:\/\/arantv.az\/index.php?rest_route=\/wp\/v2\/types\/post"}],"author":[{"embeddable":true,"href":"https:\/\/arantv.az\/index.php?rest_route=\/wp\/v2\/users\/2"}],"replies":[{"embeddable":true,"href":"https:\/\/arantv.az\/index.php?rest_route=%2Fwp%2Fv2%2Fcomments&post=359116"}],"version-history":[{"count":0,"href":"https:\/\/arantv.az\/index.php?rest_route=\/wp\/v2\/posts\/359116\/revisions"}],"wp:featuredmedia":[{"embeddable":true,"href":"https:\/\/arantv.az\/index.php?rest_route=\/wp\/v2\/media\/359117"}],"wp:attachment":[{"href":"https:\/\/arantv.az\/index.php?rest_route=%2Fwp%2Fv2%2Fmedia&parent=359116"}],"wp:term":[{"taxonomy":"category","embeddable":true,"href":"https:\/\/arantv.az\/index.php?rest_route=%2Fwp%2Fv2%2Fcategories&post=359116"},{"taxonomy":"post_tag","embeddable":true,"href":"https:\/\/arantv.az\/index.php?rest_route=%2Fwp%2Fv2%2Ftags&post=359116"}],"curies":[{"name":"wp","href":"https:\/\/api.w.org\/{rel}","templated":true}]}}