{"id":35914,"date":"2019-01-30T15:57:37","date_gmt":"2019-01-30T12:57:37","guid":{"rendered":"http:\/\/arantv.az\/?p=35914"},"modified":"2019-01-30T15:57:37","modified_gmt":"2019-01-30T12:57:37","slug":"prezident-ilham-%c9%99liyev-gork%c9%99mli-alim-togrul-bagirovun-v%c9%99fati-il%c9%99-%c9%99laq%c9%99dar-bassagligi-verib","status":"publish","type":"post","link":"https:\/\/arantv.az\/?p=35914","title":{"rendered":"Prezident \u0130lham \u018fliyev g\u00f6rk\u0259mli alim To\u011frul Ba\u011f\u0131rovun v\u0259fat\u0131 il\u0259 \u0259laq\u0259dar ba\u015fsa\u011fl\u0131\u011f\u0131 verib"},"content":{"rendered":"<p>Az\u0259rbaycan Prezidenti \u0130lham \u018fliyev g\u00f6rk\u0259mli alim To\u011frul Ba\u011f\u0131rovun v\u0259fat\u0131 il\u0259 \u0259laq\u0259dar ba\u015fsa\u011fl\u0131\u011f\u0131 verib.<\/p>\n<p><strong>ARANTV.AZ<\/strong> x\u0259b\u0259r verir ki, bu bar\u0259d\u0259\u00a0<a href=\"http:\/\/az.trend.az\/\" target=\"_blank\" rel=\"noopener\">Trend<\/a>-\u0259\u00a0Prezidentin M\u0259tbuat Xidm\u0259tind\u0259n m\u0259lumat verilib.<\/p>\n<p>Az\u0259rbaycan Respublikas\u0131n\u0131n Prezidenti \u0130lham \u018fliyev Bak\u0131 Nobel \u0130rsi Fondunun s\u0259dri, BMT-nin qlobal enerji \u00fczr\u0259 apar\u0131c\u0131 eksperti, siyasi elml\u0259r doktoru, professor To\u011frul Adil o\u011flu Ba\u011f\u0131rovun v\u0259fat\u0131ndan k\u0259d\u0259rl\u0259ndiyini bildirir, ail\u0259sin\u0259 d\u0259rin h\u00fcznl\u0259 ba\u015fsa\u011fl\u0131\u011f\u0131 verir.<\/p>\n","protected":false},"excerpt":{"rendered":"<p>Az\u0259rbaycan Prezidenti \u0130lham \u018fliyev g\u00f6rk\u0259mli alim To\u011frul Ba\u011f\u0131rovun v\u0259fat\u0131 il\u0259 \u0259laq\u0259dar ba\u015fsa\u011fl\u0131\u011f\u0131 verib. ARANTV.AZ x\u0259b\u0259r verir ki, bu bar\u0259d\u0259\u00a0Trend-\u0259\u00a0Prezidentin M\u0259tbuat Xidm\u0259tind\u0259n m\u0259lumat verilib. Az\u0259rbaycan Respublikas\u0131n\u0131n Prezidenti \u0130lham \u018fliyev Bak\u0131 Nobel \u0130rsi Fondunun s\u0259dri, BMT-nin qlobal enerji \u00fczr\u0259 apar\u0131c\u0131 eksperti, siyasi elml\u0259r doktoru, professor To\u011frul Adil o\u011flu Ba\u011f\u0131rovun v\u0259fat\u0131ndan k\u0259d\u0259rl\u0259ndiyini bildirir, ail\u0259sin\u0259 d\u0259rin h\u00fcznl\u0259 ba\u015fsa\u011fl\u0131\u011f\u0131 verir.<\/p>\n","protected":false},"author":2,"featured_media":35915,"comment_status":"closed","ping_status":"closed","sticky":false,"template":"","format":"standard","meta":{"om_disable_all_campaigns":false,"_monsterinsights_skip_tracking":false,"_monsterinsights_sitenote_active":false,"_monsterinsights_sitenote_note":"","_monsterinsights_sitenote_category":0},"categories":[8],"tags":[],"aioseo_notices":[],"gutentor_comment":0,"rttpg_featured_image_url":{"full":["https:\/\/arantv.az\/wp-content\/uploads\/2019\/01\/2018_ilham_aliyev_02-1.jpg",1200,900,false],"landscape":["https:\/\/arantv.az\/wp-content\/uploads\/2019\/01\/2018_ilham_aliyev_02-1.jpg",1200,900,false],"portraits":["https:\/\/arantv.az\/wp-content\/uploads\/2019\/01\/2018_ilham_aliyev_02-1.jpg",1200,900,false],"thumbnail":["https:\/\/arantv.az\/wp-content\/uploads\/2019\/01\/2018_ilham_aliyev_02-1-150x150.jpg",150,150,true],"medium":["https:\/\/arantv.az\/wp-content\/uploads\/2019\/01\/2018_ilham_aliyev_02-1-300x225.jpg",300,225,true],"large":["https:\/\/arantv.az\/wp-content\/uploads\/2019\/01\/2018_ilham_aliyev_02-1-1024x768.jpg",640,480,true],"1536x1536":["https:\/\/arantv.az\/wp-content\/uploads\/2019\/01\/2018_ilham_aliyev_02-1.jpg",1200,900,false],"2048x2048":["https:\/\/arantv.az\/wp-content\/uploads\/2019\/01\/2018_ilham_aliyev_02-1.jpg",1200,900,false],"post-thumbnail":["https:\/\/arantv.az\/wp-content\/uploads\/2019\/01\/2018_ilham_aliyev_02-1-240x172.jpg",240,172,true],"advps-thumb-one":["https:\/\/arantv.az\/wp-content\/uploads\/2019\/01\/2018_ilham_aliyev_02-1-1200x620.jpg",1200,620,true]},"rttpg_author":{"display_name":"V\u00fcsal Rafiqo\u011flu","author_link":"https:\/\/arantv.az\/?author=2"},"rttpg_comment":0,"rttpg_category":"<a href=\"https:\/\/arantv.az\/?cat=8\" rel=\"category\">\u018fsas s\u0259hif\u0259<\/a>","rttpg_excerpt":"Az\u0259rbaycan Prezidenti \u0130lham \u018fliyev g\u00f6rk\u0259mli alim To\u011frul Ba\u011f\u0131rovun v\u0259fat\u0131 il\u0259 \u0259laq\u0259dar ba\u015fsa\u011fl\u0131\u011f\u0131 verib. ARANTV.AZ x\u0259b\u0259r verir ki, bu bar\u0259d\u0259\u00a0Trend-\u0259\u00a0Prezidentin M\u0259tbuat Xidm\u0259tind\u0259n m\u0259lumat verilib. Az\u0259rbaycan Respublikas\u0131n\u0131n Prezidenti \u0130lham \u018fliyev Bak\u0131 Nobel \u0130rsi Fondunun s\u0259dri, BMT-nin qlobal enerji \u00fczr\u0259 apar\u0131c\u0131 eksperti, siyasi elml\u0259r doktoru, professor To\u011frul Adil o\u011flu Ba\u011f\u0131rovun v\u0259fat\u0131ndan k\u0259d\u0259rl\u0259ndiyini bildirir, ail\u0259sin\u0259 d\u0259rin h\u00fcznl\u0259 ba\u015fsa\u011fl\u0131\u011f\u0131 verir.","_links":{"self":[{"href":"https:\/\/arantv.az\/index.php?rest_route=\/wp\/v2\/posts\/35914"}],"collection":[{"href":"https:\/\/arantv.az\/index.php?rest_route=\/wp\/v2\/posts"}],"about":[{"href":"https:\/\/arantv.az\/index.php?rest_route=\/wp\/v2\/types\/post"}],"author":[{"embeddable":true,"href":"https:\/\/arantv.az\/index.php?rest_route=\/wp\/v2\/users\/2"}],"replies":[{"embeddable":true,"href":"https:\/\/arantv.az\/index.php?rest_route=%2Fwp%2Fv2%2Fcomments&post=35914"}],"version-history":[{"count":0,"href":"https:\/\/arantv.az\/index.php?rest_route=\/wp\/v2\/posts\/35914\/revisions"}],"wp:featuredmedia":[{"embeddable":true,"href":"https:\/\/arantv.az\/index.php?rest_route=\/wp\/v2\/media\/35915"}],"wp:attachment":[{"href":"https:\/\/arantv.az\/index.php?rest_route=%2Fwp%2Fv2%2Fmedia&parent=35914"}],"wp:term":[{"taxonomy":"category","embeddable":true,"href":"https:\/\/arantv.az\/index.php?rest_route=%2Fwp%2Fv2%2Fcategories&post=35914"},{"taxonomy":"post_tag","embeddable":true,"href":"https:\/\/arantv.az\/index.php?rest_route=%2Fwp%2Fv2%2Ftags&post=35914"}],"curies":[{"name":"wp","href":"https:\/\/api.w.org\/{rel}","templated":true}]}}