{"id":359193,"date":"2021-07-23T08:12:38","date_gmt":"2021-07-23T05:12:38","guid":{"rendered":"http:\/\/arantv.az\/?p=359193"},"modified":"2021-07-23T08:12:38","modified_gmt":"2021-07-23T05:12:38","slug":"muharib%c9%99-f%c9%99tva-il%c9%99-deyil-%c9%99sg%c9%99rl%c9%99rin-qani-il%c9%99-qazanilir","status":"publish","type":"post","link":"https:\/\/arantv.az\/?p=359193","title":{"rendered":"M\u00fcharib\u0259 \u201cf\u0259tva\u201d il\u0259 deyil, \u0259sg\u0259rl\u0259rin qan\u0131 il\u0259 qazan\u0131l\u0131r"},"content":{"rendered":"<p>Qafqaz M\u00fcs\u0259lmanlar\u0131 \u0130dar\u0259sinin s\u0259dri, \u015eeyx\u00fclislam Hac\u0131 Allah\u015f\u00fck\u00fcr Pa\u015fazad\u0259nin \u00f6t\u0259n g\u00fcn bayram namaz\u0131ndan sonra \u0130ran\u0131n dini lideri Ay\u0259tullah \u018fli Xameneyi il\u0259 ba\u011fl\u0131 verdiyi a\u00e7\u0131qlama sosial \u015f\u0259b\u0259k\u0259l\u0259rd\u0259 geni\u015f m\u00fczakir\u0259l\u0259r\u0259 s\u0259b\u0259b olub.<\/p>\n<p><a href=\"https:\/\/azxeber.com\/az\/azerbaycan-muharibede-qelebeni-fetva-ile-yox-esgerlerin-qani-bahasina-qazanib\/siyaset\/?fbclid=IwAR2719AiRBhEixaE_dgz7WNiT_CB9tvMzI_6XYOQL0RJ4Nnb1r6pJZbgqPQ\" target=\"_blank\" rel=\"noopener\">Azxeber.com<\/a>\u00a0bu m\u00f6vzu il\u0259 ba\u011fl\u0131 yaz\u0131 t\u0259qdim edib.<\/p>\n<p>Allah\u015f\u00fck\u00fcr Pa\u015fazad\u0259nin mediada yay\u0131mlanan a\u00e7\u0131qlamas\u0131nda deyilir: \u201cM\u0259n bunu bilir\u0259m, ham\u0131s\u0131n\u0131 a\u00e7\u0131qlamaq ist\u0259mir\u0259m. \u018fg\u0259r bu g\u00fcn bizim qon\u015fular\u0131m\u0131z, arxam\u0131z b\u0259rk olmasayd\u0131, q\u0259l\u0259b\u0259miz b\u0259lk\u0259 d\u0259 olmazd\u0131. Odur ki, T\u00fcrkiy\u0259 Prezidenti R\u0259c\u0259b Tayyib \u018frdo\u011fan c\u0259nablar\u0131na v\u0259 Ay\u0259tullah Xameneyi h\u0259zr\u0259tl\u0259rin\u0259 m\u00fcs\u0259lmanlar ad\u0131ndan t\u0259\u015f\u0259kk\u00fcr\u00fcm\u00fc bildirir\u0259m. Ay\u0259tullah Xameneyinin \u201cQaraba\u011f torpa\u011f\u0131 \u0130slam torpa\u011f\u0131d\u0131r\u201d dey\u0259r\u0259k f\u0259tva verm\u0259si q\u0259l\u0259b\u0259nin car\u00e7\u0131s\u0131 idi v\u0259 bizi q\u0259l\u0259b\u0259y\u0259 apard\u0131\u201d.<\/p>\n<div id=\"AdviadNativeVideo0\" class=\"AdviadNativeVideo\"><\/div>\n<p>B\u0259s, g\u00f6r\u0259s\u0259n h\u0259qiq\u0259t\u0259nmi \u0130ran V\u0259t\u0259n M\u00fcharib\u0259sind\u0259 Az\u0259rbaycan\u0131n q\u0259l\u0259b\u0259sin\u0259 f\u0259tva verib?<\/p>\n<p>\u0130lk olaraq qeyd ed\u0259k ki, Az\u0259rbaycan il\u0259 Erm\u0259nistan aras\u0131nda I\u0307kinci Qarabag\u0306 mu\u0308harib\u0259si d\u00f6n\u0259mind\u0259 ist\u0259r mu\u0308naqis\u0327\u0259 t\u0259r\u0259fl\u0259rin\u0259 qons\u0327u olan do\u0308vl\u0259tl\u0259r, ist\u0259rs\u0259 d\u0259 Avropa o\u0308lk\u0259l\u0259ri iki o\u0308lk\u0259 aras\u0131nda sec\u0327im etm\u0259li oldular.<\/p>\n<p>Az\u0259rbaycan c\u0259miyy\u0259ti prosesl\u0259ri yax\u0131ndan izl\u0259di, dostunun v\u0259 d\u00fc\u015fm\u0259ninin kim oldu\u011funa bir daha \u015fahid oldu.<\/p>\n<p>Bu m\u00fcnasib\u0259td\u0259 qons\u0327u do\u0308vl\u0259t olan I\u0307ran\u0131n mu\u0308harib\u0259d\u0259n \u0259vv\u0259l v\u0259 mu\u0308harib\u0259 zaman\u0131 Erm\u0259nistana maddi v\u0259 h\u0259rbi d\u0259st\u0259yi ac\u0327\u0131q-as\u0327kar sezilirdi. Bununla ba\u011fl\u0131 mediada v\u0259 sosial \u015f\u0259b\u0259k\u0259d\u0259 xeyli material m\u00f6vcuddur.<\/p>\n<p>I\u0307ran\u0131n Erm\u0259nistana bu cu\u0308r mu\u0308nasib\u0259ti Az\u0259rbaycan ictimaiyy\u0259tind\u0259 h\u0259r zaman mu\u0308zakir\u0259 olunan m\u0259s\u0259l\u0259l\u0259rd\u0259n biri olub. Bu mu\u0308zakir\u0259l\u0259r is\u0259 I\u0307kinci Qarabag\u0306 mu\u0308harib\u0259sind\u0259 daha da artd\u0131. C\u0327u\u0308nki el\u0259 mu\u0308harib\u0259 yeni bas\u0327layan do\u0308n\u0259md\u0259 I\u0307ran\u0131n Erm\u0259nistana h\u0259rbi yard\u0131mlar etm\u0259si x\u0259b\u0259rl\u0259ri yay\u0131l\u0131rd\u0131. T\u0259bii ki, \u0130ran bunlar\u0131n yalan oldug\u0306unu b\u0259yan edirdi, amma go\u0308ru\u0308n\u0259n k\u0259nd\u0259 b\u0259l\u0259dc\u0327i laz\u0131m deyil.<\/p>\n<p>Mu\u0308harib\u0259 do\u0308vru\u0308nd\u0259 I\u0307ran\u0131n Erm\u0259nistanda yeru\u0308stu\u0308 v\u0259 hava yollar\u0131 il\u0259 silah yard\u0131m\u0131 etm\u0259sini I\u0307randa yas\u0327ayan az\u0259rbaycanl\u0131lar da d\u0259f\u0259l\u0259rl\u0259 b\u0259yan edir, h\u0259tta buna qars\u0327\u0131 etirazlar da edirdil\u0259r. H\u0259tta bununla ba\u011fl\u0131 \u201ctelegram\u201d kanallar\u0131nda video v\u0259 fotolar da yay\u0131l\u0131rd\u0131.<\/p>\n<p>\u018fhalisinin c\u0327oxu s\u0327i\u0259 olan I\u0307ran din qarda\u015f\u0131 adland\u0131rd\u0131g\u0306\u0131 Az\u0259rbaycana yard\u0131m etm\u0259kd\u0259ns\u0259, Erm\u0259nistanla mu\u0308tt\u0259fiq oldug\u0306unu d\u0259f\u0259l\u0259rl\u0259 b\u0259yan edib. I\u0307ran Erm\u0259nistan\u0131 bir vasit\u0259 kimi h\u0259mis\u0327\u0259 \u0259lind\u0259 saxlamag\u0306a c\u0327al\u0131s\u0327\u0131b. Bel\u0259 olmasayd\u0131, Qarabag\u0306da yas\u0327ayan erm\u0259nil\u0259r\u0259 v\u0259 i\u015f\u011fql\u00e7\u0131lara d\u0259st\u0259k olunmazd\u0131.<\/p>\n<p>Mu\u0308harib\u0259 do\u0308vru\u0308nd\u0259 Erm\u0259nistana d\u0259st\u0259k verdiyini t\u0259kzib ed\u0259n I\u0307ran h\u0259r d\u0259f\u0259 mu\u0308xt\u0259lif yollara \u0259l at\u0131rd\u0131. H\u0259tta I\u0307ran\u0131n \u0259li alt\u0131nda f\u0259aliyy\u0259t go\u0308st\u0259r\u0259n mu\u0308xt\u0259lif KI\u0307V Az\u0259rbaycan \u0259leyhin\u0259 t\u0259hrif olunmu\u015f m\u0259lumatlar d\u0259rc edirdi.\u00a0 Az\u0259rbaycan\u0131n \u201cBak\u0131 respublikas\u0131\u201d adland\u0131r\u0131lmas\u0131n\u0131n da d\u0259f\u0259l\u0259rl\u0259 \u015fahidi olmu\u015fuq.<\/p>\n<p>\u018fg\u0259r \u0130ran Erm\u0259nistan\u0131n i\u015f\u011fal\u00e7\u0131 siyas\u0259tin\u0259 zaman\u0131nda etiraz ets\u0259ydi, h\u0259r \u015fey f\u0259rqli olard\u0131. \u0130ran da T\u00fcrkiy\u0259 kimi b\u00fct\u00fcn s\u0259rh\u0259dl\u0259rini ba\u011flasayd\u0131, onsuzda \u00e7\u00f6km\u0259k\u0259d olan Erm\u0259nistan iqtisadiyyat\u0131 tamamil\u0259 m\u0259hv olard\u0131. Ancaq biz bunu g\u00f6rm\u0259dik, h\u0259r zaman din qarda\u015f\u0131m\u0131zdan d\u0259st\u0259k g\u00f6zl\u0259dik, ancaq reall\u0131qda ayr\u0131 \u015feyl\u0259r g\u00f6rd\u00fck. Bel\u0259 olan t\u0259qdird\u0259, hans\u0131 d\u0259st\u0259kd\u0259n s\u00f6hb\u0259t gedir?<\/p>\n<p>Guya mu\u0308harib\u0259 zaman\u0131 Az\u0259rbaycan t\u0259r\u0259fd\u0259n suriyal\u0131 muzdlular\u0131n, pakistanl\u0131lar\u0131n do\u0308yu\u0308s\u0327m\u0259si kimi dezinformasiyalar yayaraq c\u0259miyy\u0259td\u0259 ajiotaj yaratmaq, dig\u0259r do\u0308vl\u0259tl\u0259rin Az\u0259rbaycana qars\u0327\u0131 yalan m\u0259lumatlarla q\u0259na\u0259tl\u0259nm\u0259sin\u0259 s\u0259b\u0259b olmag\u0306a c\u0327al\u0131s\u0327\u0131rd\u0131.<\/p>\n<p>Halbuki Az\u0259rbaycan mu\u0308harib\u0259 zaman\u0131 o\u0308z ordusunun, h\u0259tta b\u0259z\u0259n \u0259liyal\u0131n mu\u0308bariz\u0259 aparan m\u0259rd \u0259sg\u0259rl\u0259rinin ko\u0308m\u0259yi il\u0259 Erm\u0259nistana qars\u0327\u0131 do\u0308yu\u0308s\u0327u\u0308rdu\u0308. S\u0327us\u0327an\u0131n is\u0327g\u0306aldan azad olunmas\u0131 zaman\u0131 \u0259liyal\u0131n Az\u0259rbaycan ordusu b\u0131c\u0327aqla du\u0308s\u0327m\u0259nin u\u0308z\u0259rin\u0259 gedib onlar\u0131 geri c\u0327\u0259kilm\u0259y\u0259 m\u0259cbur etdi. Kec\u0327ilm\u0259z relyefd\u0259 h\u0259r qar\u0131s\u0327 torpa\u011f\u0131 u\u0308c\u0327u\u0308n qan\u0131ndan, can\u0131ndan kec\u0327\u0259n Az\u0259rbaycan\u0131n m\u0259rd \u0259sg\u0259rl\u0259ri bu tarixi haqq do\u0308yu\u0308s\u0327u\u0308nd\u0259 layiqli q\u0259l\u0259b\u0259 qazand\u0131. H\u0259r k\u0259s\u0259 hava-su kimi ayd\u0131nd\u0131r ki, Az\u0259rbaycan Qaraba\u011f sava\u015f\u0131nda z\u0259f\u0259ri M\u00fcz\u0259ff\u0259r Ali Ba\u015f Komandan\u0131n siyasi irad\u0259si v\u0259 Az\u0259rbaycan Ordusunun \u0259zmi il\u0259 qazan\u0131b.<\/p>\n<p>Bel\u0259 olan t\u0259qdird\u0259 b\u00fct\u00fcn Qafqaz\u0131n \u015feyxinin bu a\u00e7\u0131qlmas\u0131 sual do\u011furur: G\u00f6r\u0259s\u0259n, \u015eeyx n\u0259y\u0259 g\u00f6r\u0259 bel\u0259 bir a\u00e7\u0131qlama il\u0259 g\u00fcnd\u0259m\u0259 g\u0259lib? Ax\u0131, Xameneyinin bel\u0259 bir f\u0259tvas\u0131na he\u00e7 kim rast g\u0259lm\u0259yib, \u0259g\u0259r h\u0259r \u015fey f\u0259tva il\u0259 olsayd\u0131 bel\u0259, d\u00fcnyada he\u00e7 n\u0259 indiki kimi olmazd\u0131. M\u00fcharib\u0259l\u0259ri f\u0259tvalar yox, \u0259sg\u0259rl\u0259r v\u0259 r\u0259hb\u0259rl\u0259r h\u0259ll edir.<\/p>\n","protected":false},"excerpt":{"rendered":"<p>Qafqaz M\u00fcs\u0259lmanlar\u0131 \u0130dar\u0259sinin s\u0259dri, \u015eeyx\u00fclislam Hac\u0131 Allah\u015f\u00fck\u00fcr Pa\u015fazad\u0259nin \u00f6t\u0259n g\u00fcn bayram namaz\u0131ndan sonra \u0130ran\u0131n dini lideri Ay\u0259tullah \u018fli Xameneyi il\u0259 ba\u011fl\u0131 verdiyi a\u00e7\u0131qlama sosial \u015f\u0259b\u0259k\u0259l\u0259rd\u0259 geni\u015f m\u00fczakir\u0259l\u0259r\u0259 s\u0259b\u0259b olub. Azxeber.com\u00a0bu m\u00f6vzu il\u0259 ba\u011fl\u0131 yaz\u0131 t\u0259qdim edib. Allah\u015f\u00fck\u00fcr Pa\u015fazad\u0259nin mediada yay\u0131mlanan a\u00e7\u0131qlamas\u0131nda deyilir: \u201cM\u0259n bunu bilir\u0259m, ham\u0131s\u0131n\u0131 a\u00e7\u0131qlamaq ist\u0259mir\u0259m. \u018fg\u0259r bu g\u00fcn bizim qon\u015fular\u0131m\u0131z, arxam\u0131z b\u0259rk olmasayd\u0131, q\u0259l\u0259b\u0259miz b\u0259lk\u0259 d\u0259 olmazd\u0131. Odur ki, T\u00fcrkiy\u0259 Prezidenti R\u0259c\u0259b Tayyib \u018frdo\u011fan c\u0259nablar\u0131na v\u0259 Ay\u0259tullah Xameneyi h\u0259zr\u0259tl\u0259rin\u0259 m\u00fcs\u0259lmanlar ad\u0131ndan t\u0259\u015f\u0259kk\u00fcr\u00fcm\u00fc bildirir\u0259m. Ay\u0259tullah Xameneyinin \u201cQaraba\u011f torpa\u011f\u0131 \u0130slam torpa\u011f\u0131d\u0131r\u201d dey\u0259r\u0259k f\u0259tva verm\u0259si q\u0259l\u0259b\u0259nin car\u00e7\u0131s\u0131 idi v\u0259 bizi&hellip;<\/p>\n","protected":false},"author":2,"featured_media":359194,"comment_status":"closed","ping_status":"closed","sticky":false,"template":"","format":"standard","meta":{"om_disable_all_campaigns":false,"_monsterinsights_skip_tracking":false,"_monsterinsights_sitenote_active":false,"_monsterinsights_sitenote_note":"","_monsterinsights_sitenote_category":0},"categories":[26],"tags":[],"aioseo_notices":[],"gutentor_comment":0,"rttpg_featured_image_url":{"full":["https:\/\/arantv.az\/wp-content\/uploads\/2021\/07\/1626977674_received_851607885776514.jpg",549,366,false],"landscape":["https:\/\/arantv.az\/wp-content\/uploads\/2021\/07\/1626977674_received_851607885776514.jpg",549,366,false],"portraits":["https:\/\/arantv.az\/wp-content\/uploads\/2021\/07\/1626977674_received_851607885776514.jpg",549,366,false],"thumbnail":["https:\/\/arantv.az\/wp-content\/uploads\/2021\/07\/1626977674_received_851607885776514-500x280.jpg",500,280,true],"medium":["https:\/\/arantv.az\/wp-content\/uploads\/2021\/07\/1626977674_received_851607885776514.jpg",548,365,false],"large":["https:\/\/arantv.az\/wp-content\/uploads\/2021\/07\/1626977674_received_851607885776514.jpg",549,366,false],"1536x1536":["https:\/\/arantv.az\/wp-content\/uploads\/2021\/07\/1626977674_received_851607885776514.jpg",549,366,false],"2048x2048":["https:\/\/arantv.az\/wp-content\/uploads\/2021\/07\/1626977674_received_851607885776514.jpg",549,366,false],"post-thumbnail":["https:\/\/arantv.az\/wp-content\/uploads\/2021\/07\/1626977674_received_851607885776514-240x172.jpg",240,172,true],"advps-thumb-one":["https:\/\/arantv.az\/wp-content\/uploads\/2021\/07\/1626977674_received_851607885776514.jpg",549,366,false]},"rttpg_author":{"display_name":"V\u00fcsal Rafiqo\u011flu","author_link":"https:\/\/arantv.az\/?author=2"},"rttpg_comment":0,"rttpg_category":"<a href=\"https:\/\/arantv.az\/?cat=26\" rel=\"category\">Sosial<\/a>","rttpg_excerpt":"Qafqaz M\u00fcs\u0259lmanlar\u0131 \u0130dar\u0259sinin s\u0259dri, \u015eeyx\u00fclislam Hac\u0131 Allah\u015f\u00fck\u00fcr Pa\u015fazad\u0259nin \u00f6t\u0259n g\u00fcn bayram namaz\u0131ndan sonra \u0130ran\u0131n dini lideri Ay\u0259tullah \u018fli Xameneyi il\u0259 ba\u011fl\u0131 verdiyi a\u00e7\u0131qlama sosial \u015f\u0259b\u0259k\u0259l\u0259rd\u0259 geni\u015f m\u00fczakir\u0259l\u0259r\u0259 s\u0259b\u0259b olub. Azxeber.com\u00a0bu m\u00f6vzu il\u0259 ba\u011fl\u0131 yaz\u0131 t\u0259qdim edib. Allah\u015f\u00fck\u00fcr Pa\u015fazad\u0259nin mediada yay\u0131mlanan a\u00e7\u0131qlamas\u0131nda deyilir: \u201cM\u0259n bunu bilir\u0259m, ham\u0131s\u0131n\u0131 a\u00e7\u0131qlamaq ist\u0259mir\u0259m. \u018fg\u0259r bu g\u00fcn bizim qon\u015fular\u0131m\u0131z, arxam\u0131z b\u0259rk&hellip;","_links":{"self":[{"href":"https:\/\/arantv.az\/index.php?rest_route=\/wp\/v2\/posts\/359193"}],"collection":[{"href":"https:\/\/arantv.az\/index.php?rest_route=\/wp\/v2\/posts"}],"about":[{"href":"https:\/\/arantv.az\/index.php?rest_route=\/wp\/v2\/types\/post"}],"author":[{"embeddable":true,"href":"https:\/\/arantv.az\/index.php?rest_route=\/wp\/v2\/users\/2"}],"replies":[{"embeddable":true,"href":"https:\/\/arantv.az\/index.php?rest_route=%2Fwp%2Fv2%2Fcomments&post=359193"}],"version-history":[{"count":0,"href":"https:\/\/arantv.az\/index.php?rest_route=\/wp\/v2\/posts\/359193\/revisions"}],"wp:featuredmedia":[{"embeddable":true,"href":"https:\/\/arantv.az\/index.php?rest_route=\/wp\/v2\/media\/359194"}],"wp:attachment":[{"href":"https:\/\/arantv.az\/index.php?rest_route=%2Fwp%2Fv2%2Fmedia&parent=359193"}],"wp:term":[{"taxonomy":"category","embeddable":true,"href":"https:\/\/arantv.az\/index.php?rest_route=%2Fwp%2Fv2%2Fcategories&post=359193"},{"taxonomy":"post_tag","embeddable":true,"href":"https:\/\/arantv.az\/index.php?rest_route=%2Fwp%2Fv2%2Ftags&post=359193"}],"curies":[{"name":"wp","href":"https:\/\/api.w.org\/{rel}","templated":true}]}}