{"id":359196,"date":"2021-07-23T08:13:33","date_gmt":"2021-07-23T05:13:33","guid":{"rendered":"http:\/\/arantv.az\/?p=359196"},"modified":"2021-07-23T08:13:33","modified_gmt":"2021-07-23T05:13:33","slug":"ilham-%c9%99liyev-biz-h%c9%99m-muharib%c9%99-dovrund%c9%99-h%c9%99m-postmuharib%c9%99-dovrund%c9%99-ist%c9%99diyimiz%c9%99-nail-olmusuq-v%c9%99-nail-oluruq","status":"publish","type":"post","link":"https:\/\/arantv.az\/?p=359196","title":{"rendered":"\u0130lham \u018fliyev: \u201cBiz h\u0259m m\u00fcharib\u0259 d\u00f6vr\u00fcnd\u0259, h\u0259m postm\u00fcharib\u0259 d\u00f6vr\u00fcnd\u0259 ist\u0259diyimiz\u0259 nail olmu\u015fuq v\u0259 nail oluruq\u201d"},"content":{"rendered":"<p>Biz h\u0259m m\u00fcharib\u0259 d\u00f6vr\u00fcnd\u0259, h\u0259m postm\u00fcharib\u0259 d\u00f6vr\u00fcnd\u0259 ist\u0259diyimiz\u0259 nail olmu\u015fuq v\u0259 nail oluruq. M\u0259nim h\u0259m m\u00fcharib\u0259d\u0259n \u0259vv\u0259l, h\u0259m m\u00fcharib\u0259 zaman\u0131, h\u0259m m\u00fcharib\u0259d\u0259n sonra g\u0259l\u0259c\u0259k add\u0131mlarla ba\u011fl\u0131 \u00e7ox d\u0259qiq t\u0259s\u0259vv\u00fcr\u00fcm var v\u0259 bilir\u0259m n\u0259 etm\u0259liyik, n\u0259 vaxt etm\u0259liyik, nec\u0259 etm\u0259liyik. B\u00fct\u00fcn sah\u0259l\u0259rd\u0259 oldu\u011fu kimi, bu sah\u0259d\u0259 d\u0259 konseptual yana\u015fma ortadad\u0131r. Q\u0131sam\u00fcdd\u0259tli, ortam\u00fcdd\u0259tli, uzunm\u00fcdd\u0259tli h\u0259d\u0259fl\u0259r m\u00fc\u0259yy\u0259n olunub.<\/p>\n<p><strong>ARANTV.AZ<\/strong> x\u0259b\u0259r verir ki, bu fikirl\u0259ri Prezident \u0130lham \u018fliyev Az\u0259rbaycan Televiziyas\u0131na m\u00fcsahib\u0259sind\u0259 postm\u00fcnaqi\u015f\u0259 d\u00f6vr\u00fcn\u00fcn h\u0259d\u0259fl\u0259ri bar\u0259d\u0259 dan\u0131\u015fark\u0259n s\u00f6yl\u0259yib.<\/p>\n<div id=\"AdviadNativeVideo0\" class=\"AdviadNativeVideo\"><\/div>\n<p>\u201c\u018flb\u0259tt\u0259 ki, b\u00fct\u00fcn bu h\u0259d\u0259fl\u0259r b\u0259yan edilm\u0259yib, \u00e7\u00fcnki bu, h\u0259l\u0259 tezdir. Ancaq biz bilirik, biz n\u0259 ist\u0259yirik, indi n\u0259 ist\u0259yirik, n\u0259y\u0259 nail ola bil\u0259rik v\u0259 buna biz nec\u0259 nail ola bil\u0259rik. B\u00fct\u00fcn add\u0131mlar\u0131m\u0131z\u0131 buna uy\u011fun \u015f\u0259kild\u0259 at\u0131r\u0131q v\u0259 dey\u0259 bil\u0259r\u0259m ki, bu 8 ay bizim ssenari \u0259sas\u0131nda ke\u00e7ir. \u00c7\u00fcnki postm\u00fcharib\u0259 d\u00f6vr\u00fc m\u00fcharib\u0259 d\u00f6vr\u00fc q\u0259d\u0259r \u00e7\u0259tin olmasa da, \u00e7ox qeyri-m\u00fc\u0259yy\u0259n bir d\u00f6vr idi, \u00e7\u00fcnki kim bil\u0259 bil\u0259rdi ki, prosesl\u0259r nec\u0259 inki\u015faf ed\u0259c\u0259k. \u00c7\u00fcnki m\u00fcharib\u0259 d\u00f6vr\u00fcnd\u0259 b\u0259zi \u00f6lk\u0259l\u0259r biz\u0259 qar\u015f\u0131 a\u00e7\u0131q-ayd\u0131n h\u0259r\u0259k\u0259t\u0259 ke\u00e7mi\u015fdil\u0259r, bizi \u0259sass\u0131z ittiham edirdil\u0259r, bizi h\u0259d\u0259l\u0259yirdil\u0259r, sanksiyalarla h\u0259d\u0259l\u0259yirdil\u0259r, bu m\u0259s\u0259l\u0259ni BMT T\u0259hl\u00fck\u0259sizlik \u015euras\u0131na \u00e7\u0131xarma\u011fa \u00e7al\u0131\u015f\u0131rd\u0131lar. B\u00fct\u00fcn bunlar anti-Az\u0259rbaycan ssenarisinin t\u0259rkib hiss\u0259sidir v\u0259 biz bunu da unutmam\u0131\u015f\u0131q\u201d, &#8211; dey\u0259 d\u00f6vl\u0259timizin ba\u015f\u00e7\u0131s\u0131 qeyd edib.<\/p>\n<p>Az\u0259rbaycan Prezident vur\u011fulay\u0131b ki, postm\u00fcharib\u0259 d\u00f6vr\u00fcnd\u0259 biz c\u0259ld t\u0259rp\u0259ndik, f\u0259all\u0131q g\u00f6st\u0259rdik, \u00f6z g\u00fcnd\u0259liyimizi q\u0259bul etdirdik v\u0259 indi bu g\u00fcnd\u0259lik \u0259sas\u0131nda i\u015fl\u0259r gedir. H\u0259m Rusiya s\u00fclhm\u0259raml\u0131 q\u00fcvv\u0259l\u0259rinin n\u0259zar\u0259ti alt\u0131nda olan \u0259razil\u0259rd\u0259, h\u0259m onun \u0259traf\u0131nda, h\u0259m siyasi m\u00fcst\u0259vid\u0259, h\u0259m Erm\u0259nistan-Az\u0259rbaycan s\u0259rh\u0259dind\u0259 biz \u00f6z g\u00fcnd\u0259liyimizi q\u0259bul etdirdik v\u0259 he\u00e7 bir add\u0131m t\u0259sad\u00fcfi olmay\u0131b.<\/p>\n<p>H\u0259r bir add\u0131m\u0131n d\u00fc\u015f\u00fcn\u00fclm\u00fc\u015f proqram \u00fcz\u0259rind\u0259 oldu\u011funu bildir\u0259n Prezident \u0130lham \u018fliyev deyib: \u201cPostm\u00fcharib\u0259 d\u00f6vr\u00fc haqq\u0131nda, bizim ataca\u011f\u0131m\u0131z add\u0131mlar haqq\u0131nda m\u0259n m\u00fcharib\u0259 zaman\u0131 fikirl\u0259\u015firdim. M\u0259n tam \u0259min idim ki, biz q\u0259l\u0259b\u0259 \u00e7alaca\u011f\u0131q. Tam \u0259min idim v\u0259 deyirdim ki, he\u00e7 kim bizi dayand\u0131ra bilm\u0259z, he\u00e7 bir q\u00fcvv\u0259 bizi dayand\u0131ra bilm\u0259z. \u00d6ld\u00fc var, d\u00f6nd\u00fc yoxdur. Ancaq postm\u00fcharib\u0259 d\u00f6vr\u00fc d\u0259 \u00e7ox b\u00f6y\u00fck \u00e7a\u011f\u0131r\u0131\u015flarla doludur v\u0259 biz bunu m\u0259har\u0259tl\u0259 ke\u00e7irik. Dey\u0259 bil\u0259r\u0259m ki, postm\u00fcharib\u0259 d\u00f6vr\u00fcn\u00fcn g\u00fcnd\u0259liyini b\u00f6y\u00fck d\u0259r\u0259c\u0259d\u0259 biz t\u0259rtib edirik\u201d.AZ\u018fRTAC<\/p>\n","protected":false},"excerpt":{"rendered":"<p>Biz h\u0259m m\u00fcharib\u0259 d\u00f6vr\u00fcnd\u0259, h\u0259m postm\u00fcharib\u0259 d\u00f6vr\u00fcnd\u0259 ist\u0259diyimiz\u0259 nail olmu\u015fuq v\u0259 nail oluruq. M\u0259nim h\u0259m m\u00fcharib\u0259d\u0259n \u0259vv\u0259l, h\u0259m m\u00fcharib\u0259 zaman\u0131, h\u0259m m\u00fcharib\u0259d\u0259n sonra g\u0259l\u0259c\u0259k add\u0131mlarla ba\u011fl\u0131 \u00e7ox d\u0259qiq t\u0259s\u0259vv\u00fcr\u00fcm var v\u0259 bilir\u0259m n\u0259 etm\u0259liyik, n\u0259 vaxt etm\u0259liyik, nec\u0259 etm\u0259liyik. B\u00fct\u00fcn sah\u0259l\u0259rd\u0259 oldu\u011fu kimi, bu sah\u0259d\u0259 d\u0259 konseptual yana\u015fma ortadad\u0131r. Q\u0131sam\u00fcdd\u0259tli, ortam\u00fcdd\u0259tli, uzunm\u00fcdd\u0259tli h\u0259d\u0259fl\u0259r m\u00fc\u0259yy\u0259n olunub. ARANTV.AZ x\u0259b\u0259r verir ki, bu fikirl\u0259ri Prezident \u0130lham \u018fliyev Az\u0259rbaycan Televiziyas\u0131na m\u00fcsahib\u0259sind\u0259 postm\u00fcnaqi\u015f\u0259 d\u00f6vr\u00fcn\u00fcn h\u0259d\u0259fl\u0259ri bar\u0259d\u0259 dan\u0131\u015fark\u0259n s\u00f6yl\u0259yib. \u201c\u018flb\u0259tt\u0259 ki, b\u00fct\u00fcn bu h\u0259d\u0259fl\u0259r b\u0259yan edilm\u0259yib, \u00e7\u00fcnki bu, h\u0259l\u0259 tezdir. Ancaq biz bilirik, biz n\u0259 ist\u0259yirik,&hellip;<\/p>\n","protected":false},"author":2,"featured_media":359197,"comment_status":"closed","ping_status":"closed","sticky":false,"template":"","format":"standard","meta":{"om_disable_all_campaigns":false,"_monsterinsights_skip_tracking":false,"_monsterinsights_sitenote_active":false,"_monsterinsights_sitenote_note":"","_monsterinsights_sitenote_category":0},"categories":[4],"tags":[],"aioseo_notices":[],"gutentor_comment":0,"rttpg_featured_image_url":{"full":["https:\/\/arantv.az\/wp-content\/uploads\/2021\/07\/16269753523646946672_1000x669.jpg",620,406,false],"landscape":["https:\/\/arantv.az\/wp-content\/uploads\/2021\/07\/16269753523646946672_1000x669.jpg",620,406,false],"portraits":["https:\/\/arantv.az\/wp-content\/uploads\/2021\/07\/16269753523646946672_1000x669.jpg",620,406,false],"thumbnail":["https:\/\/arantv.az\/wp-content\/uploads\/2021\/07\/16269753523646946672_1000x669-500x280.jpg",500,280,true],"medium":["https:\/\/arantv.az\/wp-content\/uploads\/2021\/07\/16269753523646946672_1000x669-557x365.jpg",557,365,true],"large":["https:\/\/arantv.az\/wp-content\/uploads\/2021\/07\/16269753523646946672_1000x669.jpg",620,406,false],"1536x1536":["https:\/\/arantv.az\/wp-content\/uploads\/2021\/07\/16269753523646946672_1000x669.jpg",620,406,false],"2048x2048":["https:\/\/arantv.az\/wp-content\/uploads\/2021\/07\/16269753523646946672_1000x669.jpg",620,406,false],"post-thumbnail":["https:\/\/arantv.az\/wp-content\/uploads\/2021\/07\/16269753523646946672_1000x669-240x172.jpg",240,172,true],"advps-thumb-one":["https:\/\/arantv.az\/wp-content\/uploads\/2021\/07\/16269753523646946672_1000x669.jpg",620,406,false]},"rttpg_author":{"display_name":"V\u00fcsal Rafiqo\u011flu","author_link":"https:\/\/arantv.az\/?author=2"},"rttpg_comment":0,"rttpg_category":"<a href=\"https:\/\/arantv.az\/?cat=4\" rel=\"category\">Siyas\u0259t<\/a>","rttpg_excerpt":"Biz h\u0259m m\u00fcharib\u0259 d\u00f6vr\u00fcnd\u0259, h\u0259m postm\u00fcharib\u0259 d\u00f6vr\u00fcnd\u0259 ist\u0259diyimiz\u0259 nail olmu\u015fuq v\u0259 nail oluruq. M\u0259nim h\u0259m m\u00fcharib\u0259d\u0259n \u0259vv\u0259l, h\u0259m m\u00fcharib\u0259 zaman\u0131, h\u0259m m\u00fcharib\u0259d\u0259n sonra g\u0259l\u0259c\u0259k add\u0131mlarla ba\u011fl\u0131 \u00e7ox d\u0259qiq t\u0259s\u0259vv\u00fcr\u00fcm var v\u0259 bilir\u0259m n\u0259 etm\u0259liyik, n\u0259 vaxt etm\u0259liyik, nec\u0259 etm\u0259liyik. B\u00fct\u00fcn sah\u0259l\u0259rd\u0259 oldu\u011fu kimi, bu sah\u0259d\u0259 d\u0259 konseptual yana\u015fma ortadad\u0131r. Q\u0131sam\u00fcdd\u0259tli, ortam\u00fcdd\u0259tli, uzunm\u00fcdd\u0259tli h\u0259d\u0259fl\u0259r m\u00fc\u0259yy\u0259n olunub.&hellip;","_links":{"self":[{"href":"https:\/\/arantv.az\/index.php?rest_route=\/wp\/v2\/posts\/359196"}],"collection":[{"href":"https:\/\/arantv.az\/index.php?rest_route=\/wp\/v2\/posts"}],"about":[{"href":"https:\/\/arantv.az\/index.php?rest_route=\/wp\/v2\/types\/post"}],"author":[{"embeddable":true,"href":"https:\/\/arantv.az\/index.php?rest_route=\/wp\/v2\/users\/2"}],"replies":[{"embeddable":true,"href":"https:\/\/arantv.az\/index.php?rest_route=%2Fwp%2Fv2%2Fcomments&post=359196"}],"version-history":[{"count":0,"href":"https:\/\/arantv.az\/index.php?rest_route=\/wp\/v2\/posts\/359196\/revisions"}],"wp:featuredmedia":[{"embeddable":true,"href":"https:\/\/arantv.az\/index.php?rest_route=\/wp\/v2\/media\/359197"}],"wp:attachment":[{"href":"https:\/\/arantv.az\/index.php?rest_route=%2Fwp%2Fv2%2Fmedia&parent=359196"}],"wp:term":[{"taxonomy":"category","embeddable":true,"href":"https:\/\/arantv.az\/index.php?rest_route=%2Fwp%2Fv2%2Fcategories&post=359196"},{"taxonomy":"post_tag","embeddable":true,"href":"https:\/\/arantv.az\/index.php?rest_route=%2Fwp%2Fv2%2Ftags&post=359196"}],"curies":[{"name":"wp","href":"https:\/\/api.w.org\/{rel}","templated":true}]}}