{"id":359199,"date":"2021-07-23T08:14:13","date_gmt":"2021-07-23T05:14:13","guid":{"rendered":"http:\/\/arantv.az\/?p=359199"},"modified":"2021-07-23T08:14:13","modified_gmt":"2021-07-23T05:14:13","slug":"prezident-bu-gun-erm%c9%99nistanin-siyasi-gund%c9%99liyini-mu%c9%99yy%c9%99n-d%c9%99r%c9%99c%c9%99d%c9%99-biz-formalasdiririq-v%c9%99-bu-h%c9%99qiq%c9%99tdir","status":"publish","type":"post","link":"https:\/\/arantv.az\/?p=359199","title":{"rendered":"Prezident: \u201cBu g\u00fcn Erm\u0259nistan\u0131n siyasi g\u00fcnd\u0259liyini m\u00fc\u0259yy\u0259n d\u0259r\u0259c\u0259d\u0259 biz formala\u015fd\u0131r\u0131r\u0131q v\u0259 bu, h\u0259qiq\u0259tdir\u201d"},"content":{"rendered":"<p>Avropa \u0130ttifaq\u0131, Amerika Birl\u0259\u015fmi\u015f \u015etatlar\u0131, qon\u015fu \u00f6lk\u0259l\u0259r &#8211; T\u00fcrkiy\u0259, \u0130ran, G\u00fcrc\u00fcstan, m\u00fcs\u0259lman al\u0259mi, Qo\u015fulmama H\u0259r\u0259kat\u0131 il\u0259 t\u0259maslar\u0131m\u0131z m\u00fcsb\u0259t m\u0259crada inki\u015faf edir. Bu g\u00fcn Erm\u0259nistan\u0131n siyasi g\u00fcnd\u0259liyini m\u00fc\u0259yy\u0259n d\u0259r\u0259c\u0259d\u0259 biz formala\u015fd\u0131r\u0131r\u0131q v\u0259 bu, h\u0259qiq\u0259tdir. Erm\u0259nistan bizim g\u00fcnd\u0259liyimizin 0,1 faizini d\u0259 formala\u015fd\u0131ra bilm\u0259z, amma biz Erm\u0259nistan\u0131n m\u00fc\u0259yy\u0259n siyasi g\u00fcnd\u0259liyini formala\u015fd\u0131r\u0131r\u0131q v\u0259 getdikc\u0259 bizim imkanlar\u0131m\u0131z daha da geni\u015fl\u0259n\u0259c\u0259k.<\/p>\n<p><strong>ARANTV.AZ<\/strong>\u00a0x\u0259b\u0259r verir ki, bu bar\u0259d\u0259 Prezident \u0130lham \u018fliyev Az\u0259rbaycan Televiziyas\u0131na m\u00fcsahib\u0259sind\u0259 bildirib.<\/p>\n<div id=\"AdviadNativeVideo0\" class=\"AdviadNativeVideo\"><\/div>\n<p>D\u00f6vl\u0259timizin ba\u015f\u00e7\u0131s\u0131 deyib: \u201cBiz siyasi leksikona \u201cZ\u0259ng\u0259zur d\u0259hlizi\u201d s\u00f6z\u00fcn\u00fc daxil etmi\u015fik. N\u0259inki regionun, d\u00fcnyan\u0131n apar\u0131c\u0131 k\u00fctl\u0259vi informasiya vasit\u0259l\u0259ri Z\u0259ng\u0259zur d\u0259hlizi haqq\u0131nda dan\u0131\u015f\u0131rlar, yaz\u0131rlar. N\u0259 \u00fc\u00e7\u00fcn? Biz bunu daxil etmi\u015fik, m\u00fcnt\u0259z\u0259m s\u0259yl\u0259rl\u0259, art\u0131q bu reall\u0131qd\u0131r. Biz Erm\u0259nistana g\u00fcnd\u0259lik g\u00f6nd\u0259rmi\u015fik &#8211; s\u00fclh m\u00fcqavil\u0259si. Qoy desin ki, ist\u0259mir, qoy desin ki, imtina edir. M\u0259n bunu d\u0259f\u0259l\u0259rl\u0259 demi\u015f\u0259m, deyir\u0259m: Biz haz\u0131r\u0131q, dan\u0131\u015f\u0131qlara ba\u015flayaq. M\u00fcharib\u0259 qurtar\u0131b? Qurtar\u0131b. S\u00fclh ist\u0259yirs\u0259n, Erm\u0259nistan? \u0130st\u0259yirs\u0259n el\u0259 bil ki. Onda n\u0259 \u00fc\u00e7\u00fcn s\u00fclh m\u00fcqavil\u0259si imzalanmas\u0131n? Tan\u0131 bizim \u0259razi b\u00fct\u00f6vl\u00fcy\u00fcm\u00fcz\u00fc, s\u00fclh m\u00fcqavil\u0259si imzalans\u0131n, s\u0259rh\u0259dl\u0259rin delimitasiyas\u0131 h\u0259ll olunsun. Bu m\u0259s\u0259l\u0259 il\u0259 ba\u011fl\u0131, bax\u0131n, bizim g\u00fcnd\u0259liyimiz Avropa \u0130ttifaq\u0131n\u0131n g\u00fcnd\u0259liyi il\u0259, T\u00fcrkiy\u0259nin, Rusiyan\u0131n g\u00fcnd\u0259liyi il\u0259 v\u0259hd\u0259t t\u0259\u015fkil edir. Onlar da deyirl\u0259r ki, delimitasiya \u00fczr\u0259 i\u015f apar\u0131lmal\u0131d\u0131r, biz d\u0259 deyirik. Erm\u0259nistan n\u0259 deyir? Deyir ki, yox, qoy, Az\u0259rbaycan bizim torpaqlar\u0131m\u0131zdan \u00e7\u0131xs\u0131n. Biz \u00f6z torpa\u011f\u0131m\u0131zday\u0131q. Biz yeni reall\u0131q yaratm\u0131\u015f\u0131q, t\u0259kc\u0259 Qaraba\u011f zonas\u0131nda yox. Yeni g\u00fcnd\u0259liyi formala\u015fd\u0131raraq art\u0131q status m\u0259s\u0259l\u0259si d\u0259 qald\u0131 k\u0259narda, Da\u011fl\u0131q Qaraba\u011f s\u00f6z\u00fc d\u0259 i\u015fl\u0259dilmir. Buna nail olmaq laz\u0131m idi\u201d.<\/p>\n<p>Az\u0259rbaycan Prezidenti qeyd edib ki, bu, c\u0259sar\u0259t, q\u0259tiyy\u0259t, d\u00fczg\u00fcn add\u0131mlar, h\u00fccum siyas\u0259timiz n\u0259tic\u0259sind\u0259 m\u00fcmk\u00fcn olub. Erm\u0259nistan bununla hesabla\u015fmal\u0131d\u0131r v\u0259 ist\u0259s\u0259 d\u0259, ist\u0259m\u0259s\u0259 d\u0259 yeni reall\u0131qlar\u0131 q\u0259bul etm\u0259lidir. He\u00e7 vaxt unutmamal\u0131d\u0131r ki, d\u0259mir yumruq yerind\u0259dir.AZ\u018fRTAC<\/p>\n","protected":false},"excerpt":{"rendered":"<p>Avropa \u0130ttifaq\u0131, Amerika Birl\u0259\u015fmi\u015f \u015etatlar\u0131, qon\u015fu \u00f6lk\u0259l\u0259r &#8211; T\u00fcrkiy\u0259, \u0130ran, G\u00fcrc\u00fcstan, m\u00fcs\u0259lman al\u0259mi, Qo\u015fulmama H\u0259r\u0259kat\u0131 il\u0259 t\u0259maslar\u0131m\u0131z m\u00fcsb\u0259t m\u0259crada inki\u015faf edir. Bu g\u00fcn Erm\u0259nistan\u0131n siyasi g\u00fcnd\u0259liyini m\u00fc\u0259yy\u0259n d\u0259r\u0259c\u0259d\u0259 biz formala\u015fd\u0131r\u0131r\u0131q v\u0259 bu, h\u0259qiq\u0259tdir. Erm\u0259nistan bizim g\u00fcnd\u0259liyimizin 0,1 faizini d\u0259 formala\u015fd\u0131ra bilm\u0259z, amma biz Erm\u0259nistan\u0131n m\u00fc\u0259yy\u0259n siyasi g\u00fcnd\u0259liyini formala\u015fd\u0131r\u0131r\u0131q v\u0259 getdikc\u0259 bizim imkanlar\u0131m\u0131z daha da geni\u015fl\u0259n\u0259c\u0259k. ARANTV.AZ\u00a0x\u0259b\u0259r verir ki, bu bar\u0259d\u0259 Prezident \u0130lham \u018fliyev Az\u0259rbaycan Televiziyas\u0131na m\u00fcsahib\u0259sind\u0259 bildirib. D\u00f6vl\u0259timizin ba\u015f\u00e7\u0131s\u0131 deyib: \u201cBiz siyasi leksikona \u201cZ\u0259ng\u0259zur d\u0259hlizi\u201d s\u00f6z\u00fcn\u00fc daxil etmi\u015fik. N\u0259inki regionun, d\u00fcnyan\u0131n apar\u0131c\u0131 k\u00fctl\u0259vi informasiya vasit\u0259l\u0259ri Z\u0259ng\u0259zur d\u0259hlizi haqq\u0131nda dan\u0131\u015f\u0131rlar, yaz\u0131rlar.&hellip;<\/p>\n","protected":false},"author":2,"featured_media":359200,"comment_status":"closed","ping_status":"closed","sticky":false,"template":"","format":"standard","meta":{"om_disable_all_campaigns":false,"_monsterinsights_skip_tracking":false,"_monsterinsights_sitenote_active":false,"_monsterinsights_sitenote_note":"","_monsterinsights_sitenote_category":0},"categories":[4],"tags":[],"aioseo_notices":[],"gutentor_comment":0,"rttpg_featured_image_url":{"full":["https:\/\/arantv.az\/wp-content\/uploads\/2021\/07\/16269678125676351420_1000x669.jpg",620,412,false],"landscape":["https:\/\/arantv.az\/wp-content\/uploads\/2021\/07\/16269678125676351420_1000x669.jpg",620,412,false],"portraits":["https:\/\/arantv.az\/wp-content\/uploads\/2021\/07\/16269678125676351420_1000x669.jpg",620,412,false],"thumbnail":["https:\/\/arantv.az\/wp-content\/uploads\/2021\/07\/16269678125676351420_1000x669-500x280.jpg",500,280,true],"medium":["https:\/\/arantv.az\/wp-content\/uploads\/2021\/07\/16269678125676351420_1000x669-549x365.jpg",549,365,true],"large":["https:\/\/arantv.az\/wp-content\/uploads\/2021\/07\/16269678125676351420_1000x669.jpg",620,412,false],"1536x1536":["https:\/\/arantv.az\/wp-content\/uploads\/2021\/07\/16269678125676351420_1000x669.jpg",620,412,false],"2048x2048":["https:\/\/arantv.az\/wp-content\/uploads\/2021\/07\/16269678125676351420_1000x669.jpg",620,412,false],"post-thumbnail":["https:\/\/arantv.az\/wp-content\/uploads\/2021\/07\/16269678125676351420_1000x669-240x172.jpg",240,172,true],"advps-thumb-one":["https:\/\/arantv.az\/wp-content\/uploads\/2021\/07\/16269678125676351420_1000x669.jpg",620,412,false]},"rttpg_author":{"display_name":"V\u00fcsal Rafiqo\u011flu","author_link":"https:\/\/arantv.az\/?author=2"},"rttpg_comment":0,"rttpg_category":"<a href=\"https:\/\/arantv.az\/?cat=4\" rel=\"category\">Siyas\u0259t<\/a>","rttpg_excerpt":"Avropa \u0130ttifaq\u0131, Amerika Birl\u0259\u015fmi\u015f \u015etatlar\u0131, qon\u015fu \u00f6lk\u0259l\u0259r &#8211; T\u00fcrkiy\u0259, \u0130ran, G\u00fcrc\u00fcstan, m\u00fcs\u0259lman al\u0259mi, Qo\u015fulmama H\u0259r\u0259kat\u0131 il\u0259 t\u0259maslar\u0131m\u0131z m\u00fcsb\u0259t m\u0259crada inki\u015faf edir. Bu g\u00fcn Erm\u0259nistan\u0131n siyasi g\u00fcnd\u0259liyini m\u00fc\u0259yy\u0259n d\u0259r\u0259c\u0259d\u0259 biz formala\u015fd\u0131r\u0131r\u0131q v\u0259 bu, h\u0259qiq\u0259tdir. Erm\u0259nistan bizim g\u00fcnd\u0259liyimizin 0,1 faizini d\u0259 formala\u015fd\u0131ra bilm\u0259z, amma biz Erm\u0259nistan\u0131n m\u00fc\u0259yy\u0259n siyasi g\u00fcnd\u0259liyini formala\u015fd\u0131r\u0131r\u0131q v\u0259 getdikc\u0259 bizim imkanlar\u0131m\u0131z daha da geni\u015fl\u0259n\u0259c\u0259k.&hellip;","_links":{"self":[{"href":"https:\/\/arantv.az\/index.php?rest_route=\/wp\/v2\/posts\/359199"}],"collection":[{"href":"https:\/\/arantv.az\/index.php?rest_route=\/wp\/v2\/posts"}],"about":[{"href":"https:\/\/arantv.az\/index.php?rest_route=\/wp\/v2\/types\/post"}],"author":[{"embeddable":true,"href":"https:\/\/arantv.az\/index.php?rest_route=\/wp\/v2\/users\/2"}],"replies":[{"embeddable":true,"href":"https:\/\/arantv.az\/index.php?rest_route=%2Fwp%2Fv2%2Fcomments&post=359199"}],"version-history":[{"count":0,"href":"https:\/\/arantv.az\/index.php?rest_route=\/wp\/v2\/posts\/359199\/revisions"}],"wp:featuredmedia":[{"embeddable":true,"href":"https:\/\/arantv.az\/index.php?rest_route=\/wp\/v2\/media\/359200"}],"wp:attachment":[{"href":"https:\/\/arantv.az\/index.php?rest_route=%2Fwp%2Fv2%2Fmedia&parent=359199"}],"wp:term":[{"taxonomy":"category","embeddable":true,"href":"https:\/\/arantv.az\/index.php?rest_route=%2Fwp%2Fv2%2Fcategories&post=359199"},{"taxonomy":"post_tag","embeddable":true,"href":"https:\/\/arantv.az\/index.php?rest_route=%2Fwp%2Fv2%2Ftags&post=359199"}],"curies":[{"name":"wp","href":"https:\/\/api.w.org\/{rel}","templated":true}]}}