{"id":359213,"date":"2021-07-23T08:18:20","date_gmt":"2021-07-23T05:18:20","guid":{"rendered":"http:\/\/arantv.az\/?p=359213"},"modified":"2021-07-23T08:18:20","modified_gmt":"2021-07-23T05:18:20","slug":"prezident-m%c9%99nim-c%c9%99nab-putinl%c9%99-cox-yaxin-%c9%99laq%c9%99l%c9%99rim-var-biz-bir-birin%c9%99-inanan-siyas%c9%99tcil%c9%99rik","status":"publish","type":"post","link":"https:\/\/arantv.az\/?p=359213","title":{"rendered":"Prezident: \u201cM\u0259nim c\u0259nab Putinl\u0259 \u00e7ox yax\u0131n \u0259laq\u0259l\u0259rim var, biz bir-birin\u0259 inanan siyas\u0259t\u00e7il\u0259rik\u201d"},"content":{"rendered":"<p>Rusiya Prezidentinin d\u0259v\u0259ti il\u0259 m\u0259n n\u00f6vb\u0259ti d\u0259f\u0259 Rusiyaya s\u0259f\u0259r etmi\u015f\u0259m v\u0259 s\u0259f\u0259r zaman\u0131 \u00e7ox geni\u015f fikir m\u00fcbadil\u0259si apar\u0131ld\u0131 &#8211; ilk n\u00f6vb\u0259d\u0259, ikit\u0259r\u0259fli m\u0259s\u0259l\u0259l\u0259rl\u0259 ba\u011fl\u0131 v\u0259 \u0259lb\u0259tt\u0259, postm\u00fcnaqi\u015f\u0259 v\u0259ziyy\u0259ti il\u0259 ba\u011fl\u0131.<\/p>\n<p><strong>ARANTV.AZ<\/strong> x\u0259b\u0259r verir ki, bu bar\u0259d\u0259 Prezident \u0130lham \u018fliyev Az\u0259rbaycan Televiziyas\u0131na m\u00fcsahib\u0259sind\u0259 bildirib.<\/p>\n<div id=\"AdviadNativeVideo0\" class=\"AdviadNativeVideo\"><\/div>\n<p>D\u00f6vl\u0259timizin ba\u015f\u00e7\u0131s\u0131 deyib: \u201c\u0130kit\u0259r\u0259fli m\u00fcnasib\u0259tl\u0259r\u0259 g\u0259ldikd\u0259, bildiyiniz kimi, Rusiya v\u0259 Az\u0259rbaycan strateji t\u0259r\u0259fda\u015flard\u0131r v\u0259 bu, sad\u0259c\u0259 olaraq, s\u00f6z deyil. Real h\u0259yatda da biz strateji t\u0259r\u0259fda\u015f\u0131q, \u00e7\u00fcnki uzunm\u00fcdd\u0259tli strateji \u0259m\u0259kda\u015fl\u0131q perspektivl\u0259ri il\u0259 ba\u011fl\u0131 fikir ayr\u0131l\u0131\u011f\u0131 yoxdur. Bizim aram\u0131zda \u00e7ox m\u00f6hk\u0259m dostluq \u0259laq\u0259l\u0259ri var v\u0259 \u015f\u0259xs\u0259n m\u0259nim c\u0259nab Putinl\u0259 \u00e7ox yax\u0131n \u0259laq\u0259l\u0259rim var, biz bir-birin\u0259 inanan siyas\u0259t\u00e7il\u0259rik. Bu, \u00e7ox \u00f6n\u0259mlidir v\u0259 bu s\u0259f\u0259r zaman\u0131 ikit\u0259r\u0259fli m\u0259s\u0259l\u0259l\u0259rin g\u00fcnd\u0259liyi m\u00fczakir\u0259 olundu\u201d.<\/p>\n<p>Az\u0259rbaycan Prezidenti qeyd edib ki, haz\u0131rda yeddi yol x\u0259rit\u0259si \u00fcz\u0259rind\u0259 i\u015fl\u0259yirik. H\u0259r bir yol x\u0259rit\u0259si konkret sah\u0259y\u0259 aiddir. H\u0259r bir sah\u0259 \u00fczr\u0259 d\u0259 yax\u015f\u0131 n\u0259tic\u0259l\u0259r var. Bu d\u0259f\u0259 daha \u00e7ox ticar\u0259t, iqtisadi, n\u0259qliyyat, humanitar m\u0259s\u0259l\u0259l\u0259ri m\u00fczakir\u0259 etdik. \u201cN\u0259qliyyat m\u0259s\u0259l\u0259l\u0259rin\u0259 g\u0259ldikd\u0259, \u0259lb\u0259tt\u0259 ki, h\u0259m \u0259vv\u0259lki d\u00f6vrd\u0259 raz\u0131la\u015fd\u0131r\u0131lm\u0131\u015f m\u0259s\u0259l\u0259l\u0259ri, \u201c\u015eimal-C\u0259nub\u201d n\u0259qliyyat d\u0259hlizini, perspektivl\u0259rini, eyni zamanda, m\u00fcharib\u0259d\u0259n sonra yaranm\u0131\u015f v\u0259ziyy\u0259ti, o c\u00fcml\u0259d\u0259n Z\u0259ng\u0259zur d\u0259hlizini v\u0259 postm\u00fcnaqi\u015f\u0259 d\u00f6vr\u00fcn\u00fc m\u00fczakir\u0259 etdik. Bizim yana\u015fmam\u0131zda fikir ayr\u0131l\u0131\u011f\u0131 yoxdur. Biz &#8211; Rusiya v\u0259 Az\u0259rbaycan hesab edirik ki, m\u00fcharib\u0259 ba\u015fa \u00e7at\u0131b, m\u00fcnaqi\u015f\u0259 ba\u015fa \u00e7at\u0131b. Erm\u0259nistanda he\u00e7 bir revan\u015fist meyill\u0259r\u0259 yol verilm\u0259m\u0259lidir v\u0259 bundan sonra b\u00f6lg\u0259d\u0259 s\u00fclh olmal\u0131d\u0131r. M\u00fcharib\u0259 riskl\u0259ri minimuma endirilm\u0259lidir v\u0259 aradan qald\u0131r\u0131lmal\u0131d\u0131r. Burada bizim aram\u0131zda he\u00e7 bir fikir ayr\u0131l\u0131\u011f\u0131 yoxdur, biz d\u0259 eyni fikird\u0259yik. Z\u0259ng\u0259zur d\u0259hlizin\u0259 g\u0259ldikd\u0259, m\u0259n c\u0259nab Putin\u0259 bildirdim ki, bizd\u0259 olan m\u0259lumata g\u00f6r\u0259, Erm\u0259nistan bu m\u0259s\u0259l\u0259 il\u0259 ba\u011fl\u0131 yen\u0259 d\u0259 \u00f6z\u00fcn\u00fc s\u0259mimi aparm\u0131r. Fikir vermisinizs\u0259, m\u0259n c\u0259nab \u015earl Mi\u015fell\u0259 m\u0259tbuat konfrans\u0131nda dedim ki, b\u00fct\u00fcn yollar paralel \u015f\u0259kild\u0259 a\u00e7\u0131lmal\u0131d\u0131r v\u0259 selektiv yana\u015fma olmamal\u0131d\u0131r, y\u0259ni ayr\u0131-se\u00e7kilik olmamal\u0131d\u0131r. Amma biz g\u00f6r\u00fcr\u00fck ki, Erm\u0259nistan burada da n\u00f6vb\u0259ti d\u0259f\u0259 hans\u0131sa oyun oynamaq ist\u0259yir\u201d, &#8211; dey\u0259 Az\u0259rbaycan Prezidenti vur\u011fulay\u0131b.AZ\u018fRTAC<\/p>\n","protected":false},"excerpt":{"rendered":"<p>Rusiya Prezidentinin d\u0259v\u0259ti il\u0259 m\u0259n n\u00f6vb\u0259ti d\u0259f\u0259 Rusiyaya s\u0259f\u0259r etmi\u015f\u0259m v\u0259 s\u0259f\u0259r zaman\u0131 \u00e7ox geni\u015f fikir m\u00fcbadil\u0259si apar\u0131ld\u0131 &#8211; ilk n\u00f6vb\u0259d\u0259, ikit\u0259r\u0259fli m\u0259s\u0259l\u0259l\u0259rl\u0259 ba\u011fl\u0131 v\u0259 \u0259lb\u0259tt\u0259, postm\u00fcnaqi\u015f\u0259 v\u0259ziyy\u0259ti il\u0259 ba\u011fl\u0131. ARANTV.AZ x\u0259b\u0259r verir ki, bu bar\u0259d\u0259 Prezident \u0130lham \u018fliyev Az\u0259rbaycan Televiziyas\u0131na m\u00fcsahib\u0259sind\u0259 bildirib. D\u00f6vl\u0259timizin ba\u015f\u00e7\u0131s\u0131 deyib: \u201c\u0130kit\u0259r\u0259fli m\u00fcnasib\u0259tl\u0259r\u0259 g\u0259ldikd\u0259, bildiyiniz kimi, Rusiya v\u0259 Az\u0259rbaycan strateji t\u0259r\u0259fda\u015flard\u0131r v\u0259 bu, sad\u0259c\u0259 olaraq, s\u00f6z deyil. Real h\u0259yatda da biz strateji t\u0259r\u0259fda\u015f\u0131q, \u00e7\u00fcnki uzunm\u00fcdd\u0259tli strateji \u0259m\u0259kda\u015fl\u0131q perspektivl\u0259ri il\u0259 ba\u011fl\u0131 fikir ayr\u0131l\u0131\u011f\u0131 yoxdur. Bizim aram\u0131zda \u00e7ox m\u00f6hk\u0259m dostluq \u0259laq\u0259l\u0259ri var v\u0259 \u015f\u0259xs\u0259n m\u0259nim c\u0259nab Putinl\u0259&hellip;<\/p>\n","protected":false},"author":2,"featured_media":359214,"comment_status":"closed","ping_status":"closed","sticky":false,"template":"","format":"standard","meta":{"om_disable_all_campaigns":false,"_monsterinsights_skip_tracking":false,"_monsterinsights_sitenote_active":false,"_monsterinsights_sitenote_note":"","_monsterinsights_sitenote_category":0},"categories":[4],"tags":[],"aioseo_notices":[],"gutentor_comment":0,"rttpg_featured_image_url":{"full":["https:\/\/arantv.az\/wp-content\/uploads\/2021\/07\/16269678125565364830_1000x669.jpg",620,429,false],"landscape":["https:\/\/arantv.az\/wp-content\/uploads\/2021\/07\/16269678125565364830_1000x669.jpg",620,429,false],"portraits":["https:\/\/arantv.az\/wp-content\/uploads\/2021\/07\/16269678125565364830_1000x669.jpg",620,429,false],"thumbnail":["https:\/\/arantv.az\/wp-content\/uploads\/2021\/07\/16269678125565364830_1000x669-500x280.jpg",500,280,true],"medium":["https:\/\/arantv.az\/wp-content\/uploads\/2021\/07\/16269678125565364830_1000x669-528x365.jpg",528,365,true],"large":["https:\/\/arantv.az\/wp-content\/uploads\/2021\/07\/16269678125565364830_1000x669.jpg",620,429,false],"1536x1536":["https:\/\/arantv.az\/wp-content\/uploads\/2021\/07\/16269678125565364830_1000x669.jpg",620,429,false],"2048x2048":["https:\/\/arantv.az\/wp-content\/uploads\/2021\/07\/16269678125565364830_1000x669.jpg",620,429,false],"post-thumbnail":["https:\/\/arantv.az\/wp-content\/uploads\/2021\/07\/16269678125565364830_1000x669-240x172.jpg",240,172,true],"advps-thumb-one":["https:\/\/arantv.az\/wp-content\/uploads\/2021\/07\/16269678125565364830_1000x669.jpg",620,429,false]},"rttpg_author":{"display_name":"V\u00fcsal Rafiqo\u011flu","author_link":"https:\/\/arantv.az\/?author=2"},"rttpg_comment":0,"rttpg_category":"<a href=\"https:\/\/arantv.az\/?cat=4\" rel=\"category\">Siyas\u0259t<\/a>","rttpg_excerpt":"Rusiya Prezidentinin d\u0259v\u0259ti il\u0259 m\u0259n n\u00f6vb\u0259ti d\u0259f\u0259 Rusiyaya s\u0259f\u0259r etmi\u015f\u0259m v\u0259 s\u0259f\u0259r zaman\u0131 \u00e7ox geni\u015f fikir m\u00fcbadil\u0259si apar\u0131ld\u0131 &#8211; ilk n\u00f6vb\u0259d\u0259, ikit\u0259r\u0259fli m\u0259s\u0259l\u0259l\u0259rl\u0259 ba\u011fl\u0131 v\u0259 \u0259lb\u0259tt\u0259, postm\u00fcnaqi\u015f\u0259 v\u0259ziyy\u0259ti il\u0259 ba\u011fl\u0131. ARANTV.AZ x\u0259b\u0259r verir ki, bu bar\u0259d\u0259 Prezident \u0130lham \u018fliyev Az\u0259rbaycan Televiziyas\u0131na m\u00fcsahib\u0259sind\u0259 bildirib. D\u00f6vl\u0259timizin ba\u015f\u00e7\u0131s\u0131 deyib: \u201c\u0130kit\u0259r\u0259fli m\u00fcnasib\u0259tl\u0259r\u0259 g\u0259ldikd\u0259, bildiyiniz kimi, Rusiya v\u0259 Az\u0259rbaycan strateji&hellip;","_links":{"self":[{"href":"https:\/\/arantv.az\/index.php?rest_route=\/wp\/v2\/posts\/359213"}],"collection":[{"href":"https:\/\/arantv.az\/index.php?rest_route=\/wp\/v2\/posts"}],"about":[{"href":"https:\/\/arantv.az\/index.php?rest_route=\/wp\/v2\/types\/post"}],"author":[{"embeddable":true,"href":"https:\/\/arantv.az\/index.php?rest_route=\/wp\/v2\/users\/2"}],"replies":[{"embeddable":true,"href":"https:\/\/arantv.az\/index.php?rest_route=%2Fwp%2Fv2%2Fcomments&post=359213"}],"version-history":[{"count":0,"href":"https:\/\/arantv.az\/index.php?rest_route=\/wp\/v2\/posts\/359213\/revisions"}],"wp:featuredmedia":[{"embeddable":true,"href":"https:\/\/arantv.az\/index.php?rest_route=\/wp\/v2\/media\/359214"}],"wp:attachment":[{"href":"https:\/\/arantv.az\/index.php?rest_route=%2Fwp%2Fv2%2Fmedia&parent=359213"}],"wp:term":[{"taxonomy":"category","embeddable":true,"href":"https:\/\/arantv.az\/index.php?rest_route=%2Fwp%2Fv2%2Fcategories&post=359213"},{"taxonomy":"post_tag","embeddable":true,"href":"https:\/\/arantv.az\/index.php?rest_route=%2Fwp%2Fv2%2Ftags&post=359213"}],"curies":[{"name":"wp","href":"https:\/\/api.w.org\/{rel}","templated":true}]}}