{"id":359220,"date":"2021-07-23T08:19:56","date_gmt":"2021-07-23T05:19:56","guid":{"rendered":"http:\/\/arantv.az\/?p=359220"},"modified":"2021-07-23T08:19:56","modified_gmt":"2021-07-23T05:19:56","slug":"ilham-%c9%99liyev-goranboyda-avtomobil-yolunun-acilisinda-istirak-edib-yenil%c9%99nib-foto","status":"publish","type":"post","link":"https:\/\/arantv.az\/?p=359220","title":{"rendered":"\u0130lham \u018fliyev Goranboyda avtomobil yolunun a\u00e7\u0131l\u0131\u015f\u0131nda i\u015ftirak edib &#8211; YEN\u0130L\u018fN\u0130B\/FOTO"},"content":{"rendered":"<p>Az\u0259rbaycan Respublikas\u0131n\u0131n Prezidenti \u0130lham \u018fliyev iyulun 22-d\u0259 Goranboy rayonunda \u018flirzal\u0131-Xan Q\u0259rv\u0259nd-S\u0259fik\u00fcrd-Tapqaraqoyunlu avtomobil yolunun a\u00e7\u0131l\u0131\u015f\u0131nda i\u015ftirak edib.<\/p>\n<p><a href=\"https:\/\/azertag.az\/\" target=\"_blank\" rel=\"noopener\">AZ\u018fRTAC<\/a>\u00a0x\u0259b\u0259r verir ki, d\u00f6vl\u0259timizin ba\u015f\u00e7\u0131s\u0131na yolun in\u015fas\u0131 il\u0259 ba\u011fl\u0131 g\u00f6r\u00fcl\u0259n i\u015fl\u0259r bar\u0259d\u0259 m\u0259lumat verildi.<\/p>\n<p>Bildirildi ki, \u00fcmumi uzunlu\u011fu 38 kilometr olan yol d\u00f6vl\u0259timizin ba\u015f\u00e7\u0131s\u0131n\u0131n m\u00fcvafiq s\u0259r\u0259ncamlar\u0131na \u0259sas\u0259n tikilib. Bu m\u0259qs\u0259dl\u0259 Prezidentin Ehtiyat Fondundan v\u0259sait ayr\u0131l\u0131b. D\u00f6rd\u00fcnc\u00fc texniki d\u0259r\u0259c\u0259li yol iki h\u0259r\u0259k\u0259t zolaql\u0131d\u0131r. Avtomobil yolunun tikintisi 8 ya\u015fay\u0131\u015f m\u0259nt\u0259q\u0259sinin rayon m\u0259rk\u0259zi il\u0259 n\u0259qliyyat \u0259laq\u0259sinin yax\u015f\u0131la\u015fd\u0131r\u0131lmas\u0131nda, h\u0259m\u00e7inin bu b\u00f6lg\u0259d\u0259 iqtisadiyyat\u0131n v\u0259 k\u0259nd t\u0259s\u0259rr\u00fcfat\u0131n\u0131n inki\u015faf\u0131nda m\u00fch\u00fcm \u0259h\u0259miyy\u0259t k\u0259sb ed\u0259c\u0259k.<\/p>\n<div id=\"AdviadNativeVideo0\" class=\"AdviadNativeVideo\"><\/div>\n<p>Qeyd ed\u0259k ki, bu g\u00fcn d\u0259 \u00f6lk\u0259mizd\u0259 yol-n\u0259qliyyat infrastrukturunun tamamil\u0259 yenil\u0259nm\u0259si v\u0259 m\u00fcasirl\u0259\u015fdirilm\u0259si, bu sah\u0259d\u0259 \u0259sasl\u0131 d\u0259yi\u015fiklikl\u0259rin yer ald\u0131\u011f\u0131 proses u\u011furla davam edir. Regionlar\u0131n, h\u0259m\u00e7inin k\u0259nd v\u0259 q\u0259s\u0259b\u0259l\u0259ri birl\u0259\u015fdir\u0259n avtomobil yollar\u0131n\u0131n, yolayr\u0131c\u0131lar\u0131n v\u0259 k\u00f6rp\u00fcl\u0259rin in\u015fas\u0131na v\u0259 yenid\u0259n qurulmas\u0131na x\u00fcsusi diqq\u0259t g\u00f6st\u0259rilir. Bu c\u00fcr yollar\u0131n m\u00fcasir s\u0259viyy\u0259d\u0259 in\u015fas\u0131 is\u0259 \u0259halinin rahatl\u0131\u011f\u0131n\u0131 t\u0259min ed\u0259n \u0259sas sosial amildir.<\/p>\n<p>&nbsp;<\/p>\n<div class=\"gallery\">\n<div class=\"gallery-i\"><img src=\"https:\/\/cdn.oxu.az\/uploads\/W1siZiIsIjIwMjEvMDcvMjIvMjEvNDAvMDAvNjFiZGYxOTUtMzUxZC00ZTY4LWJhMzUtNzViNzMxYjc3YTBhLzE2MjY5NzAwNDE0MTQzMDU2OTc4XzEwMDB4NjY5LmpwZyJdLFsicCIsImVuY29kZSIsImpwZyIsIi1xdWFsaXR5IDgwIl0sWyJwIiwidGh1bWIiLCI1OTB4NTkwXHUwMDNlIl1d?sha=0a9af8f3402e6894\" alt=\"\" \/><\/p>\n<div class=\"gallery-i-caption\"><\/div>\n<\/div>\n<div class=\"gallery-i\"><img src=\"https:\/\/cdn.oxu.az\/uploads\/W1siZiIsIjIwMjEvMDcvMjIvMjEvNDAvMDAvMjBhYTExYWYtZDY3OS00MjA4LTg5YjYtYjM0YzYxNDVjYjIzLzE2MjY5NzAwNDA0NTk0NzI2NTZfMTAwMHg2NjkuanBnIl0sWyJwIiwiZW5jb2RlIiwianBnIiwiLXF1YWxpdHkgODAiXSxbInAiLCJ0aHVtYiIsIjU5MHg1OTBcdTAwM2UiXV0?sha=2b7d26e7263144cf\" alt=\"\" \/><\/p>\n<div class=\"gallery-i-caption\"><\/div>\n<\/div>\n<div class=\"gallery-i\"><img src=\"https:\/\/cdn.oxu.az\/uploads\/W1siZiIsIjIwMjEvMDcvMjIvMjEvNDAvMDAvNDdiYzI1YTktMGViNC00Y2Y0LThhODAtMTIxZTYxNTZhZTVmLzE2MjY5NzAwNDAzNjU3MjA0NzdfMTAwMHg2NjkuanBnIl0sWyJwIiwiZW5jb2RlIiwianBnIiwiLXF1YWxpdHkgODAiXSxbInAiLCJ0aHVtYiIsIjU5MHg1OTBcdTAwM2UiXV0?sha=8a275d5ef47e346a\" alt=\"\" \/><\/p>\n<div class=\"gallery-i-caption\"><\/div>\n<\/div>\n<div class=\"gallery-i\"><img src=\"https:\/\/cdn.oxu.az\/uploads\/W1siZiIsIjIwMjEvMDcvMjIvMjEvMzkvNTgvN2ZiZGFhN2ItZmEzZC00MTU5LTg3MWUtMTFhZjc0OTg4ZDQ2LzE2MjY5NzAwNDEzNjA5MTEyNDk0XzEwMDB4NjY5LmpwZyJdLFsicCIsImVuY29kZSIsImpwZyIsIi1xdWFsaXR5IDgwIl0sWyJwIiwidGh1bWIiLCI1OTB4NTkwXHUwMDNlIl1d?sha=a3515533a3bb60fd\" alt=\"\" \/><\/p>\n<div class=\"gallery-i-caption\"><\/div>\n<\/div>\n<div class=\"gallery-i\"><img src=\"https:\/\/cdn.oxu.az\/uploads\/W1siZiIsIjIwMjEvMDcvMjIvMjEvMzkvNTgvZjgzY2IyZjgtYTQ0Mi00ZmJlLWE5MzUtNWVjYTNjN2QzOGQ5LzE2MjY5NzAwNDEzMjg4OTE2NTk1XzEwMDB4NjY5LmpwZyJdLFsicCIsImVuY29kZSIsImpwZyIsIi1xdWFsaXR5IDgwIl0sWyJwIiwidGh1bWIiLCI1OTB4NTkwXHUwMDNlIl1d?sha=74c9102e35ca00f8\" alt=\"\" \/><\/p>\n<div class=\"gallery-i-caption\"><\/div>\n<\/div>\n<div class=\"gallery-i\"><img src=\"https:\/\/cdn.oxu.az\/uploads\/W1siZiIsIjIwMjEvMDcvMjIvMjEvMzkvNTgvZTQxNDM5ZDgtODk2Zi00Yjk2LTkzZGUtMDM1MGQ1YTMzZWQ4LzE2MjY5NzAwNDEyNjE4Mjg2NjZfMTAwMHg2NjkuanBnIl0sWyJwIiwiZW5jb2RlIiwianBnIiwiLXF1YWxpdHkgODAiXSxbInAiLCJ0aHVtYiIsIjU5MHg1OTBcdTAwM2UiXV0?sha=c86fcbc7a32d650e\" alt=\"\" \/><\/p>\n<div class=\"gallery-i-caption\"><\/div>\n<\/div>\n<div class=\"gallery-i\"><img src=\"https:\/\/cdn.oxu.az\/uploads\/W1siZiIsIjIwMjEvMDcvMjIvMjEvMzkvNTgvNTk4NzliYjAtNWFmNy00NGRjLWFmMDktZjFlNjJiM2QxOTQ5LzE2MjY5NzAwNDE5NTU1NDE0NTZfMTAwMHg2NjkuanBnIl0sWyJwIiwiZW5jb2RlIiwianBnIiwiLXF1YWxpdHkgODAiXSxbInAiLCJ0aHVtYiIsIjU5MHg1OTBcdTAwM2UiXV0?sha=c17d558ba85bb8f6\" alt=\"\" \/><\/p>\n<div class=\"gallery-i-caption\"><\/div>\n<\/div>\n<div class=\"gallery-i\"><img src=\"https:\/\/cdn.oxu.az\/uploads\/W1siZiIsIjIwMjEvMDcvMjIvMjEvMzkvNTkvYzBjN2U4ZjYtNjQ5Ny00YTQ3LWIwNmEtMmE4MmY4MWU5MDJjLzE2MjY5NzAwNDE0NTQyNjQwMzE4XzEwMDB4NjY5LmpwZyJdLFsicCIsImVuY29kZSIsImpwZyIsIi1xdWFsaXR5IDgwIl0sWyJwIiwidGh1bWIiLCI1OTB4NTkwXHUwMDNlIl1d?sha=7eda8049a6e8f3a2\" alt=\"\" \/><\/p>\n<div class=\"gallery-i-caption\"><\/div>\n<\/div>\n<div class=\"gallery-i\"><img src=\"https:\/\/cdn.oxu.az\/uploads\/W1siZiIsIjIwMjEvMDcvMjIvMjEvMzkvNTkvMDk1OWM4MzctNDZjMy00MWFmLThkMWItYTM2OTRhZGE2MjJmLzE2MjY5NzAwNDExOTgyOTU1NjBfMTAwMHg2NjkuanBnIl0sWyJwIiwiZW5jb2RlIiwianBnIiwiLXF1YWxpdHkgODAiXSxbInAiLCJ0aHVtYiIsIjU5MHg1OTBcdTAwM2UiXV0?sha=6ab4550529bcc0fd\" alt=\"\" \/><\/p>\n<div class=\"gallery-i-caption\"><\/div>\n<\/div>\n<div class=\"gallery-i\"><img src=\"https:\/\/cdn.oxu.az\/uploads\/W1siZiIsIjIwMjEvMDcvMjIvMjEvMzkvNTkvOGU5YmYzOGItYjk3Ny00Yzk5LTliOTItMGQ0NzQwZjVmZGZiLzE2MjY5NzAwNDEyOTAwMDQ3NjQxXzEwMDB4NjY5LmpwZyJdLFsicCIsImVuY29kZSIsImpwZyIsIi1xdWFsaXR5IDgwIl0sWyJwIiwidGh1bWIiLCI1OTB4NTkwXHUwMDNlIl1d?sha=a66089a22c02a403\" alt=\"\" \/><\/p>\n<div class=\"gallery-i-caption\"><\/div>\n<\/div>\n<div class=\"gallery-i\"><img src=\"https:\/\/cdn.oxu.az\/uploads\/W1siZiIsIjIwMjEvMDcvMjIvMjEvMzkvNTkvYTg5ZTE2YzgtMjU1NC00NDY1LTk0MjEtMzhkMDMwYzljNWNlLzE2MjY5NzAwNDEyOTgxMjM1NzA3XzEwMDB4NjY5LmpwZyJdLFsicCIsImVuY29kZSIsImpwZyIsIi1xdWFsaXR5IDgwIl0sWyJwIiwidGh1bWIiLCI1OTB4NTkwXHUwMDNlIl1d?sha=b6ee0e6982c95c2c\" alt=\"\" \/><\/p>\n<div class=\"gallery-i-caption\"><\/div>\n<\/div>\n<div class=\"gallery-i\"><img src=\"https:\/\/cdn.oxu.az\/uploads\/W1siZiIsIjIwMjEvMDcvMjIvMjEvMzkvNTkvNDUzMjhjNDYtYzk5Ni00ODM0LWFjMTktODhlZGU2Njk5Nzk3LzE2MjY5NzAwNDE0MDAwODM2OTlfMTAwMHg2NjkuanBnIl0sWyJwIiwiZW5jb2RlIiwianBnIiwiLXF1YWxpdHkgODAiXSxbInAiLCJ0aHVtYiIsIjU5MHg1OTBcdTAwM2UiXV0?sha=06cdd9c795ba962e\" alt=\"\" \/><\/p>\n<div class=\"gallery-i-caption\"><\/div>\n<\/div>\n<\/div>\n<p><strong>17:20<\/strong><\/p>\n<p>Az\u0259rbaycan Respublikas\u0131n\u0131n Prezidenti \u0130lham \u018fliyev iyulun 22-d\u0259 Goranboy rayonunda \u018flirzal\u0131-Xan Q\u0259rv\u0259nd-S\u0259fik\u00fcrd-Tapqaraqoyunlu avtomobil yolunun a\u00e7\u0131l\u0131\u015f\u0131nda i\u015ftirak edib.<\/p>\n<p><a href=\"https:\/\/azertag.az\/xeber\/Prezident_Ilham_Aliyev_Goranboyda_Alirzali_Xan_Qervend_Sefikurd_Tapqaraqoyunlu_avtomobil_yolunun_achilisinda_istirak_edib_YENILANACAK-1835957\" target=\"_blank\" rel=\"noopener\">AZ\u018fRTAC<\/a>\u00a0x\u0259b\u0259r verir ki, d\u00f6vl\u0259timizin ba\u015f\u00e7\u0131s\u0131na yolun in\u015fas\u0131 il\u0259 ba\u011fl\u0131 g\u00f6r\u00fcl\u0259n i\u015fl\u0259r bar\u0259d\u0259 m\u0259lumat verilib.<\/p>\n","protected":false},"excerpt":{"rendered":"<p>Az\u0259rbaycan Respublikas\u0131n\u0131n Prezidenti \u0130lham \u018fliyev iyulun 22-d\u0259 Goranboy rayonunda \u018flirzal\u0131-Xan Q\u0259rv\u0259nd-S\u0259fik\u00fcrd-Tapqaraqoyunlu avtomobil yolunun a\u00e7\u0131l\u0131\u015f\u0131nda i\u015ftirak edib. AZ\u018fRTAC\u00a0x\u0259b\u0259r verir ki, d\u00f6vl\u0259timizin ba\u015f\u00e7\u0131s\u0131na yolun in\u015fas\u0131 il\u0259 ba\u011fl\u0131 g\u00f6r\u00fcl\u0259n i\u015fl\u0259r bar\u0259d\u0259 m\u0259lumat verildi. Bildirildi ki, \u00fcmumi uzunlu\u011fu 38 kilometr olan yol d\u00f6vl\u0259timizin ba\u015f\u00e7\u0131s\u0131n\u0131n m\u00fcvafiq s\u0259r\u0259ncamlar\u0131na \u0259sas\u0259n tikilib. Bu m\u0259qs\u0259dl\u0259 Prezidentin Ehtiyat Fondundan v\u0259sait ayr\u0131l\u0131b. D\u00f6rd\u00fcnc\u00fc texniki d\u0259r\u0259c\u0259li yol iki h\u0259r\u0259k\u0259t zolaql\u0131d\u0131r. Avtomobil yolunun tikintisi 8 ya\u015fay\u0131\u015f m\u0259nt\u0259q\u0259sinin rayon m\u0259rk\u0259zi il\u0259 n\u0259qliyyat \u0259laq\u0259sinin yax\u015f\u0131la\u015fd\u0131r\u0131lmas\u0131nda, h\u0259m\u00e7inin bu b\u00f6lg\u0259d\u0259 iqtisadiyyat\u0131n v\u0259 k\u0259nd t\u0259s\u0259rr\u00fcfat\u0131n\u0131n inki\u015faf\u0131nda m\u00fch\u00fcm \u0259h\u0259miyy\u0259t k\u0259sb ed\u0259c\u0259k. Qeyd ed\u0259k ki, bu g\u00fcn d\u0259 \u00f6lk\u0259mizd\u0259 yol-n\u0259qliyyat&hellip;<\/p>\n","protected":false},"author":2,"featured_media":359221,"comment_status":"closed","ping_status":"closed","sticky":false,"template":"","format":"standard","meta":{"om_disable_all_campaigns":false,"_monsterinsights_skip_tracking":false,"_monsterinsights_sitenote_active":false,"_monsterinsights_sitenote_note":"","_monsterinsights_sitenote_category":0},"categories":[4],"tags":[],"aioseo_notices":[],"gutentor_comment":0,"rttpg_featured_image_url":{"full":["https:\/\/arantv.az\/wp-content\/uploads\/2021\/07\/1626970040459472656_1000x669.jpg",620,437,false],"landscape":["https:\/\/arantv.az\/wp-content\/uploads\/2021\/07\/1626970040459472656_1000x669.jpg",620,437,false],"portraits":["https:\/\/arantv.az\/wp-content\/uploads\/2021\/07\/1626970040459472656_1000x669.jpg",620,437,false],"thumbnail":["https:\/\/arantv.az\/wp-content\/uploads\/2021\/07\/1626970040459472656_1000x669-500x280.jpg",500,280,true],"medium":["https:\/\/arantv.az\/wp-content\/uploads\/2021\/07\/1626970040459472656_1000x669-518x365.jpg",518,365,true],"large":["https:\/\/arantv.az\/wp-content\/uploads\/2021\/07\/1626970040459472656_1000x669.jpg",620,437,false],"1536x1536":["https:\/\/arantv.az\/wp-content\/uploads\/2021\/07\/1626970040459472656_1000x669.jpg",620,437,false],"2048x2048":["https:\/\/arantv.az\/wp-content\/uploads\/2021\/07\/1626970040459472656_1000x669.jpg",620,437,false],"post-thumbnail":["https:\/\/arantv.az\/wp-content\/uploads\/2021\/07\/1626970040459472656_1000x669-240x172.jpg",240,172,true],"advps-thumb-one":["https:\/\/arantv.az\/wp-content\/uploads\/2021\/07\/1626970040459472656_1000x669.jpg",620,437,false]},"rttpg_author":{"display_name":"V\u00fcsal Rafiqo\u011flu","author_link":"https:\/\/arantv.az\/?author=2"},"rttpg_comment":0,"rttpg_category":"<a href=\"https:\/\/arantv.az\/?cat=4\" rel=\"category\">Siyas\u0259t<\/a>","rttpg_excerpt":"Az\u0259rbaycan Respublikas\u0131n\u0131n Prezidenti \u0130lham \u018fliyev iyulun 22-d\u0259 Goranboy rayonunda \u018flirzal\u0131-Xan Q\u0259rv\u0259nd-S\u0259fik\u00fcrd-Tapqaraqoyunlu avtomobil yolunun a\u00e7\u0131l\u0131\u015f\u0131nda i\u015ftirak edib. AZ\u018fRTAC\u00a0x\u0259b\u0259r verir ki, d\u00f6vl\u0259timizin ba\u015f\u00e7\u0131s\u0131na yolun in\u015fas\u0131 il\u0259 ba\u011fl\u0131 g\u00f6r\u00fcl\u0259n i\u015fl\u0259r bar\u0259d\u0259 m\u0259lumat verildi. Bildirildi ki, \u00fcmumi uzunlu\u011fu 38 kilometr olan yol d\u00f6vl\u0259timizin ba\u015f\u00e7\u0131s\u0131n\u0131n m\u00fcvafiq s\u0259r\u0259ncamlar\u0131na \u0259sas\u0259n tikilib. Bu m\u0259qs\u0259dl\u0259 Prezidentin Ehtiyat Fondundan v\u0259sait ayr\u0131l\u0131b. D\u00f6rd\u00fcnc\u00fc texniki d\u0259r\u0259c\u0259li yol&hellip;","_links":{"self":[{"href":"https:\/\/arantv.az\/index.php?rest_route=\/wp\/v2\/posts\/359220"}],"collection":[{"href":"https:\/\/arantv.az\/index.php?rest_route=\/wp\/v2\/posts"}],"about":[{"href":"https:\/\/arantv.az\/index.php?rest_route=\/wp\/v2\/types\/post"}],"author":[{"embeddable":true,"href":"https:\/\/arantv.az\/index.php?rest_route=\/wp\/v2\/users\/2"}],"replies":[{"embeddable":true,"href":"https:\/\/arantv.az\/index.php?rest_route=%2Fwp%2Fv2%2Fcomments&post=359220"}],"version-history":[{"count":0,"href":"https:\/\/arantv.az\/index.php?rest_route=\/wp\/v2\/posts\/359220\/revisions"}],"wp:featuredmedia":[{"embeddable":true,"href":"https:\/\/arantv.az\/index.php?rest_route=\/wp\/v2\/media\/359221"}],"wp:attachment":[{"href":"https:\/\/arantv.az\/index.php?rest_route=%2Fwp%2Fv2%2Fmedia&parent=359220"}],"wp:term":[{"taxonomy":"category","embeddable":true,"href":"https:\/\/arantv.az\/index.php?rest_route=%2Fwp%2Fv2%2Fcategories&post=359220"},{"taxonomy":"post_tag","embeddable":true,"href":"https:\/\/arantv.az\/index.php?rest_route=%2Fwp%2Fv2%2Ftags&post=359220"}],"curies":[{"name":"wp","href":"https:\/\/api.w.org\/{rel}","templated":true}]}}