{"id":359223,"date":"2021-07-23T08:20:59","date_gmt":"2021-07-23T05:20:59","guid":{"rendered":"http:\/\/arantv.az\/?p=359223"},"modified":"2021-07-23T08:20:59","modified_gmt":"2021-07-23T05:20:59","slug":"ilham-%c9%99liyev-muharib%c9%99d%c9%99n-%c9%99n-cox-%c9%99ziyy%c9%99t-c%c9%99k%c9%99n-olk%c9%99-az%c9%99rbaycandir-amma-pulu-erm%c9%99nistana-verirl%c9%99r","status":"publish","type":"post","link":"https:\/\/arantv.az\/?p=359223","title":{"rendered":"\u0130lham \u018fliyev: \u201cM\u00fcharib\u0259d\u0259n \u0259n \u00e7ox \u0259ziyy\u0259t \u00e7\u0259k\u0259n \u00f6lk\u0259 Az\u0259rbaycand\u0131r, amma pulu Erm\u0259nistana verirl\u0259r\u201d"},"content":{"rendered":"<p>Prezident \u0130lham \u018fliyev Az\u0259rbaycan Televiziyas\u0131na m\u00fcsahib\u0259sind\u0259 Avropa \u0130ttifaq\u0131n\u0131n Erm\u0259nistana 2,6 milyard avro, G\u00fcrc\u00fcstana 2,3 milyard avro v\u0259sait ay\u0131rmas\u0131na, Az\u0259rbaycana is\u0259 he\u00e7 bir v\u0259sait ayr\u0131lmamas\u0131na m\u00fcnasib\u0259t bildirib.<\/p>\n<div id=\"AdviadNativeVideo0\" class=\"AdviadNativeVideo\"><\/div>\n<p><strong>ARANTV.AZ<\/strong> x\u0259b\u0259r verir ki, d\u00f6vl\u0259timizin ba\u015f\u00e7\u0131s\u0131 bu m\u00f6vqeyi \u0259dal\u0259tsiz adland\u0131raraq deyib: \u201cAz\u0259rbaycana g\u0259ldikd\u0259, 150 milyon avro r\u0259q\u0259mi s\u0259sl\u0259ndirildi, amma konkret biz\u0259 deyilm\u0259di bu, n\u0259 r\u0259q\u0259mdir v\u0259 n\u0259 vaxt veril\u0259c\u0259k, verilm\u0259y\u0259c\u0259k, bunun \u015f\u0259rtl\u0259ri n\u0259dir? \u018flb\u0259tt\u0259, m\u0259n hesab edir\u0259m ki, bu, \u0259dal\u0259tsiz m\u00f6vqedir. \u00c7\u00fcnki Az\u0259rbaycan C\u0259nubi Qafqaz\u0131n \u0259n b\u00f6y\u00fck \u00f6lk\u0259sidir h\u0259m \u0259razisi, h\u0259m \u0259halisi, h\u0259m d\u0259 potensial\u0131 bax\u0131m\u0131ndan. Bu g\u00fcn\u0259 q\u0259d\u0259r C\u0259nubi Qafqaz \u00f6lk\u0259l\u0259rin\u0259 bel\u0259 b\u00f6y\u00fck m\u0259bl\u0259\u011fd\u0259 v\u0259sait verilmirdi. Y\u0259ni bu, onu g\u00f6st\u0259rir ki, bu v\u0259sait m\u0259hz m\u00fcharib\u0259d\u0259n sonra verilir. Y\u0259ni, bu v\u0259saitin verilm\u0259sinin s\u0259b\u0259bi m\u00fcharib\u0259dir. \u018fks t\u0259qdird\u0259, 30 il bundan \u0259vv\u0259l ver\u0259ydil\u0259r, niy\u0259 m\u0259hz indi verirl\u0259r? \u018fg\u0259r bel\u0259dirs\u0259, onda m\u00fcharib\u0259d\u0259n \u0259n \u00e7ox \u0259ziyy\u0259t \u00e7\u0259k\u0259n \u00f6lk\u0259 Az\u0259rbaycand\u0131r. Az\u0259rbaycana bu v\u0259sait verilm\u0259lidir\u201d.<\/p>\n<p>Az\u0259rbaycan Prezidenti qeyd edib ki, 10 min kvadratkilometr \u0259razi tamamil\u0259 da\u011f\u0131d\u0131l\u0131b, erm\u0259ni vandallar\u0131 t\u0259r\u0259find\u0259n m\u0259hv edilib. 100 minl\u0259rl\u0259 mina d\u00f6\u015f\u0259nilib v\u0259 b\u00fct\u00fcn binalar, tarixi binalar, b\u00fct\u00fcn infrastruktur m\u0259hv edilib. \u201cAmma pulu verirl\u0259r Erm\u0259nistana. Erm\u0259nistanda bir da\u011f\u0131nt\u0131 var? Yoxdur. Mina d\u00f6\u015f\u0259mi\u015fik orada? Yox. Bu q\u0259d\u0259r i\u015f\u011faldan \u0259ziyy\u0259t \u00e7\u0259k\u0259n \u00f6lk\u0259 olub? Yox. \u018flb\u0259tt\u0259 bu, \u0259dal\u0259tsizdir. Bu m\u0259s\u0259l\u0259 il\u0259 d\u0259 ba\u011fl\u0131 \u0259lb\u0259tt\u0259, fikir m\u00fcbadil\u0259si oldu. Cavab el\u0259 oldu ki, Az\u0259rbaycana el\u0259 bil ki, v\u0259sait laz\u0131m deyil. Birincisi, biz\u0259 he\u00e7 kim t\u0259klif etm\u0259yib, biz\u0259 t\u0259klif edin, m\u0259n dey\u0259r\u0259m, biz\u0259 laz\u0131md\u0131r, yoxsa yox. Amma biz\u0259 he\u00e7 kim t\u0259klif etm\u0259diyi halda deyirl\u0259r ki, Az\u0259rbaycana v\u0259sait laz\u0131m deyil. B\u0259s azad edilmi\u015f torpaqlar\u0131 biz b\u0259rpa ed\u0259si deyilik? Milyardlarla dollar v\u0259sait laz\u0131md\u0131r, o, g\u00f6yd\u0259n d\u00fc\u015f\u00fcr? Az\u0259rbaycan \u015f\u0259ffaf bir \u00f6lk\u0259dir. Maliyy\u0259 resurslar\u0131 da b\u0259llidir. B\u0259li, biz \u00f6z\u00fcm\u00fcz\u00fc t\u0259min ed\u0259n \u00f6lk\u0259yik. Amma \u0259g\u0259r biz\u0259 d\u0259 Erm\u0259nistan kimi qrant olaraq v\u0259sait verils\u0259, biz he\u00e7 vaxt imtina etm\u0259rik, &#8211; dey\u0259 Az\u0259rbaycan Prezidenti \u0259lav\u0259 edib.AZ\u018fRTAC<\/p>\n","protected":false},"excerpt":{"rendered":"<p>Prezident \u0130lham \u018fliyev Az\u0259rbaycan Televiziyas\u0131na m\u00fcsahib\u0259sind\u0259 Avropa \u0130ttifaq\u0131n\u0131n Erm\u0259nistana 2,6 milyard avro, G\u00fcrc\u00fcstana 2,3 milyard avro v\u0259sait ay\u0131rmas\u0131na, Az\u0259rbaycana is\u0259 he\u00e7 bir v\u0259sait ayr\u0131lmamas\u0131na m\u00fcnasib\u0259t bildirib. ARANTV.AZ x\u0259b\u0259r verir ki, d\u00f6vl\u0259timizin ba\u015f\u00e7\u0131s\u0131 bu m\u00f6vqeyi \u0259dal\u0259tsiz adland\u0131raraq deyib: \u201cAz\u0259rbaycana g\u0259ldikd\u0259, 150 milyon avro r\u0259q\u0259mi s\u0259sl\u0259ndirildi, amma konkret biz\u0259 deyilm\u0259di bu, n\u0259 r\u0259q\u0259mdir v\u0259 n\u0259 vaxt veril\u0259c\u0259k, verilm\u0259y\u0259c\u0259k, bunun \u015f\u0259rtl\u0259ri n\u0259dir? \u018flb\u0259tt\u0259, m\u0259n hesab edir\u0259m ki, bu, \u0259dal\u0259tsiz m\u00f6vqedir. \u00c7\u00fcnki Az\u0259rbaycan C\u0259nubi Qafqaz\u0131n \u0259n b\u00f6y\u00fck \u00f6lk\u0259sidir h\u0259m \u0259razisi, h\u0259m \u0259halisi, h\u0259m d\u0259 potensial\u0131 bax\u0131m\u0131ndan. Bu g\u00fcn\u0259 q\u0259d\u0259r C\u0259nubi Qafqaz \u00f6lk\u0259l\u0259rin\u0259 bel\u0259 b\u00f6y\u00fck&hellip;<\/p>\n","protected":false},"author":2,"featured_media":359224,"comment_status":"closed","ping_status":"closed","sticky":false,"template":"","format":"standard","meta":{"om_disable_all_campaigns":false,"_monsterinsights_skip_tracking":false,"_monsterinsights_sitenote_active":false,"_monsterinsights_sitenote_note":"","_monsterinsights_sitenote_category":0},"categories":[4],"tags":[],"aioseo_notices":[],"gutentor_comment":0,"rttpg_featured_image_url":{"full":["https:\/\/arantv.az\/wp-content\/uploads\/2021\/07\/16269721123451023215_1000x669.jpg",620,459,false],"landscape":["https:\/\/arantv.az\/wp-content\/uploads\/2021\/07\/16269721123451023215_1000x669.jpg",620,459,false],"portraits":["https:\/\/arantv.az\/wp-content\/uploads\/2021\/07\/16269721123451023215_1000x669.jpg",620,459,false],"thumbnail":["https:\/\/arantv.az\/wp-content\/uploads\/2021\/07\/16269721123451023215_1000x669-500x280.jpg",500,280,true],"medium":["https:\/\/arantv.az\/wp-content\/uploads\/2021\/07\/16269721123451023215_1000x669-493x365.jpg",493,365,true],"large":["https:\/\/arantv.az\/wp-content\/uploads\/2021\/07\/16269721123451023215_1000x669.jpg",620,459,false],"1536x1536":["https:\/\/arantv.az\/wp-content\/uploads\/2021\/07\/16269721123451023215_1000x669.jpg",620,459,false],"2048x2048":["https:\/\/arantv.az\/wp-content\/uploads\/2021\/07\/16269721123451023215_1000x669.jpg",620,459,false],"post-thumbnail":["https:\/\/arantv.az\/wp-content\/uploads\/2021\/07\/16269721123451023215_1000x669-240x172.jpg",240,172,true],"advps-thumb-one":["https:\/\/arantv.az\/wp-content\/uploads\/2021\/07\/16269721123451023215_1000x669.jpg",620,459,false]},"rttpg_author":{"display_name":"V\u00fcsal Rafiqo\u011flu","author_link":"https:\/\/arantv.az\/?author=2"},"rttpg_comment":0,"rttpg_category":"<a href=\"https:\/\/arantv.az\/?cat=4\" rel=\"category\">Siyas\u0259t<\/a>","rttpg_excerpt":"Prezident \u0130lham \u018fliyev Az\u0259rbaycan Televiziyas\u0131na m\u00fcsahib\u0259sind\u0259 Avropa \u0130ttifaq\u0131n\u0131n Erm\u0259nistana 2,6 milyard avro, G\u00fcrc\u00fcstana 2,3 milyard avro v\u0259sait ay\u0131rmas\u0131na, Az\u0259rbaycana is\u0259 he\u00e7 bir v\u0259sait ayr\u0131lmamas\u0131na m\u00fcnasib\u0259t bildirib. ARANTV.AZ x\u0259b\u0259r verir ki, d\u00f6vl\u0259timizin ba\u015f\u00e7\u0131s\u0131 bu m\u00f6vqeyi \u0259dal\u0259tsiz adland\u0131raraq deyib: \u201cAz\u0259rbaycana g\u0259ldikd\u0259, 150 milyon avro r\u0259q\u0259mi s\u0259sl\u0259ndirildi, amma konkret biz\u0259 deyilm\u0259di bu, n\u0259 r\u0259q\u0259mdir v\u0259 n\u0259 vaxt veril\u0259c\u0259k,&hellip;","_links":{"self":[{"href":"https:\/\/arantv.az\/index.php?rest_route=\/wp\/v2\/posts\/359223"}],"collection":[{"href":"https:\/\/arantv.az\/index.php?rest_route=\/wp\/v2\/posts"}],"about":[{"href":"https:\/\/arantv.az\/index.php?rest_route=\/wp\/v2\/types\/post"}],"author":[{"embeddable":true,"href":"https:\/\/arantv.az\/index.php?rest_route=\/wp\/v2\/users\/2"}],"replies":[{"embeddable":true,"href":"https:\/\/arantv.az\/index.php?rest_route=%2Fwp%2Fv2%2Fcomments&post=359223"}],"version-history":[{"count":0,"href":"https:\/\/arantv.az\/index.php?rest_route=\/wp\/v2\/posts\/359223\/revisions"}],"wp:featuredmedia":[{"embeddable":true,"href":"https:\/\/arantv.az\/index.php?rest_route=\/wp\/v2\/media\/359224"}],"wp:attachment":[{"href":"https:\/\/arantv.az\/index.php?rest_route=%2Fwp%2Fv2%2Fmedia&parent=359223"}],"wp:term":[{"taxonomy":"category","embeddable":true,"href":"https:\/\/arantv.az\/index.php?rest_route=%2Fwp%2Fv2%2Fcategories&post=359223"},{"taxonomy":"post_tag","embeddable":true,"href":"https:\/\/arantv.az\/index.php?rest_route=%2Fwp%2Fv2%2Ftags&post=359223"}],"curies":[{"name":"wp","href":"https:\/\/api.w.org\/{rel}","templated":true}]}}