{"id":359230,"date":"2021-07-23T08:22:58","date_gmt":"2021-07-23T05:22:58","guid":{"rendered":"http:\/\/arantv.az\/?p=359230"},"modified":"2021-07-23T08:22:58","modified_gmt":"2021-07-23T05:22:58","slug":"ilham-%c9%99liyev-biz-h%c9%99r-seyi-goruruk-xank%c9%99ndini-d%c9%99-d%c9%99hlizi-d%c9%99","status":"publish","type":"post","link":"https:\/\/arantv.az\/?p=359230","title":{"rendered":"\u0130lham \u018fliyev: \u201cBiz h\u0259r \u015feyi g\u00f6r\u00fcr\u00fck, Xank\u0259ndini d\u0259, d\u0259hlizi d\u0259\u201d"},"content":{"rendered":"<p>Bu, s\u00fcni \u015f\u0259kild\u0259 Az\u0259rbaycan\u0131n i\u00e7ind\u0259 daim bir m\u00fcnaqi\u015f\u0259 oca\u011f\u0131 yaratmaq \u00fc\u00e7\u00fcn sovet h\u00f6kum\u0259ti t\u0259r\u0259find\u0259n ortal\u0131\u011fa at\u0131lm\u0131\u015f t\u0259xribat idi. Bizim tarixi torpa\u011f\u0131m\u0131zda Da\u011fl\u0131q Qaraba\u011f Muxtar Vilay\u0259tini yaratmaq, bir k\u0259ndi &#8211; Xank\u0259ndini, hans\u0131 ki, k\u0259nd idi, onu oran\u0131n m\u0259rk\u0259zi etm\u0259k v\u0259 c\u0259llad \u015eaumyan\u0131n ad\u0131n\u0131 verm\u0259k Az\u0259rbaycan xalq\u0131na qar\u015f\u0131 \u00e7ox m\u0259nfi bir add\u0131m idi. Bizim \u00fc\u00e7\u00fcn t\u0259hqir idi.<\/p>\n<div id=\"AdviadNativeVideo0\" class=\"AdviadNativeVideo\"><\/div>\n<p><strong>ARANTV.AZ<\/strong> x\u0259b\u0259r verir ki, bu bar\u0259d\u0259 Prezident \u0130lham \u018fliyev Az\u0259rbaycan Televiziyas\u0131na m\u00fcsahib\u0259sind\u0259 bildirib.<\/p>\n<p>D\u00f6vl\u0259timizin ba\u015f\u00e7\u0131s\u0131 qeyd edib ki, tarix h\u0259r \u015feyi yerin\u0259 qoyub. \u201cAncaq statusa g\u0259ldikd\u0259, bu g\u00fcn orada 25 min adam ya\u015fay\u0131r. Orada ged\u0259n prosesl\u0259rl\u0259 ba\u011fl\u0131 bizim m\u0259lumat\u0131m\u0131z kifay\u0259t q\u0259d\u0259r b\u00f6y\u00fckd\u00fcr, \u00e7ox\u015fax\u0259lidir. Biz \u0259vv\u0259ll\u0259r d\u0259, m\u00fcharib\u0259d\u0259n \u0259vv\u0259l d\u0259 bilirdik orada n\u0259l\u0259r ba\u015f verir. \u018flb\u0259tt\u0259, indi d\u0259 bilirik, \u00e7\u00fcnki onlar bizim aya\u011f\u0131m\u0131z\u0131n alt\u0131ndad\u0131r. Orada ya\u015fayanlar\u0131n real say\u0131 25 mindir. Ba\u015fqa r\u0259q\u0259ml\u0259r d\u0259 s\u0259sl\u0259ndirilib ki, m\u00fcharib\u0259d\u0259n sonra oraya 50 mind\u0259n \u00e7ox adam qay\u0131d\u0131b, ola bil\u0259r, ancaq qay\u0131dan o dem\u0259k deyil ki, orada qal\u0131r. Qay\u0131d\u0131b, sonra \u00e7\u0131x\u0131b gedib, geri d\u00f6n\u00fcb. \u0130kincisi, bizim m\u00fcxt\u0259lif texniki vasit\u0259l\u0259rimiz, peykimiz var. Biz oradak\u0131 ma\u015f\u0131nlar\u0131n say\u0131n\u0131 bilirik. Biz insanlar\u0131n h\u0259r\u0259k\u0259tini g\u00f6r\u00fcr\u00fck. Nec\u0259 dey\u0259rl\u0259r, dig\u0259r obyektiv vasit\u0259l\u0259r var ki, onlar\u0131 \u0259sas g\u00f6t\u00fcr\u00fcb, d\u0259qiq bilirik orada n\u0259 q\u0259d\u0259r adam ya\u015fay\u0131r &#8211; 25 min maksimum. Biz g\u00fcnd\u0259lik monitorinq apar\u0131r\u0131q, ne\u00e7\u0259 ma\u015f\u0131n girib La\u00e7\u0131n d\u0259hlizin\u0259, ne\u00e7\u0259 ma\u015f\u0131n \u00e7\u0131x\u0131b. Eyni zamanda, biz xaricd\u0259n g\u0259l\u0259n ma\u015f\u0131nlar\u0131 da g\u00f6r\u00fcr\u00fck v\u0259 demi\u015fik ki, buna son qoyulmal\u0131d\u0131r, bu, yax\u015f\u0131 deyil, bu, bizim \u0259razimizdir. Bizim icaz\u0259miz olmadan xarici ma\u015f\u0131n nec\u0259 gir\u0259 bil\u0259r ora. Bir d\u0259 \u0259g\u0259r kims\u0259 hesab edir ki, biz bunu g\u00f6rm\u00fcr\u00fck, s\u0259hv edir. B\u0259zi hallarda o ma\u015f\u0131nlara erm\u0259ni n\u00f6mr\u0259l\u0259ri yap\u0131\u015fd\u0131r\u0131l\u0131r. Ancaq biz oraday\u0131q, biz d\u0259hlizd\u0259yik. Biz h\u0259r \u015feyi g\u00f6r\u00fcr\u00fck, Xank\u0259ndini d\u0259, d\u0259hlizi d\u0259. Ona g\u00f6r\u0259 buna da son qoyulmal\u0131d\u0131r. Oradan g\u00fcnd\u0259lik \u00e7\u0131xan ma\u015f\u0131nlar\u0131n say\u0131 gir\u0259n ma\u015f\u0131nlardan xeyli \u00e7oxdur. 25 min insan \u00fc\u00e7\u00fcn status yaratmaq hans\u0131 m\u0259ntiq\u0259 s\u0131\u011f\u0131r?\u201d, &#8211; dey\u0259 Az\u0259rbaycan Prezidenti vur\u011fulay\u0131b.AZ\u018fRTAC<\/p>\n","protected":false},"excerpt":{"rendered":"<p>Bu, s\u00fcni \u015f\u0259kild\u0259 Az\u0259rbaycan\u0131n i\u00e7ind\u0259 daim bir m\u00fcnaqi\u015f\u0259 oca\u011f\u0131 yaratmaq \u00fc\u00e7\u00fcn sovet h\u00f6kum\u0259ti t\u0259r\u0259find\u0259n ortal\u0131\u011fa at\u0131lm\u0131\u015f t\u0259xribat idi. Bizim tarixi torpa\u011f\u0131m\u0131zda Da\u011fl\u0131q Qaraba\u011f Muxtar Vilay\u0259tini yaratmaq, bir k\u0259ndi &#8211; Xank\u0259ndini, hans\u0131 ki, k\u0259nd idi, onu oran\u0131n m\u0259rk\u0259zi etm\u0259k v\u0259 c\u0259llad \u015eaumyan\u0131n ad\u0131n\u0131 verm\u0259k Az\u0259rbaycan xalq\u0131na qar\u015f\u0131 \u00e7ox m\u0259nfi bir add\u0131m idi. Bizim \u00fc\u00e7\u00fcn t\u0259hqir idi. ARANTV.AZ x\u0259b\u0259r verir ki, bu bar\u0259d\u0259 Prezident \u0130lham \u018fliyev Az\u0259rbaycan Televiziyas\u0131na m\u00fcsahib\u0259sind\u0259 bildirib. D\u00f6vl\u0259timizin ba\u015f\u00e7\u0131s\u0131 qeyd edib ki, tarix h\u0259r \u015feyi yerin\u0259 qoyub. \u201cAncaq statusa g\u0259ldikd\u0259, bu g\u00fcn orada 25 min adam ya\u015fay\u0131r. Orada ged\u0259n&hellip;<\/p>\n","protected":false},"author":2,"featured_media":359231,"comment_status":"closed","ping_status":"closed","sticky":false,"template":"","format":"standard","meta":{"om_disable_all_campaigns":false,"_monsterinsights_skip_tracking":false,"_monsterinsights_sitenote_active":false,"_monsterinsights_sitenote_note":"","_monsterinsights_sitenote_category":0},"categories":[4],"tags":[],"aioseo_notices":[],"gutentor_comment":0,"rttpg_featured_image_url":{"full":["https:\/\/arantv.az\/wp-content\/uploads\/2021\/07\/16269724751685057215_1000x669.jpg",620,428,false],"landscape":["https:\/\/arantv.az\/wp-content\/uploads\/2021\/07\/16269724751685057215_1000x669.jpg",620,428,false],"portraits":["https:\/\/arantv.az\/wp-content\/uploads\/2021\/07\/16269724751685057215_1000x669.jpg",620,428,false],"thumbnail":["https:\/\/arantv.az\/wp-content\/uploads\/2021\/07\/16269724751685057215_1000x669-500x280.jpg",500,280,true],"medium":["https:\/\/arantv.az\/wp-content\/uploads\/2021\/07\/16269724751685057215_1000x669-529x365.jpg",529,365,true],"large":["https:\/\/arantv.az\/wp-content\/uploads\/2021\/07\/16269724751685057215_1000x669.jpg",620,428,false],"1536x1536":["https:\/\/arantv.az\/wp-content\/uploads\/2021\/07\/16269724751685057215_1000x669.jpg",620,428,false],"2048x2048":["https:\/\/arantv.az\/wp-content\/uploads\/2021\/07\/16269724751685057215_1000x669.jpg",620,428,false],"post-thumbnail":["https:\/\/arantv.az\/wp-content\/uploads\/2021\/07\/16269724751685057215_1000x669-240x172.jpg",240,172,true],"advps-thumb-one":["https:\/\/arantv.az\/wp-content\/uploads\/2021\/07\/16269724751685057215_1000x669.jpg",620,428,false]},"rttpg_author":{"display_name":"V\u00fcsal Rafiqo\u011flu","author_link":"https:\/\/arantv.az\/?author=2"},"rttpg_comment":0,"rttpg_category":"<a href=\"https:\/\/arantv.az\/?cat=4\" rel=\"category\">Siyas\u0259t<\/a>","rttpg_excerpt":"Bu, s\u00fcni \u015f\u0259kild\u0259 Az\u0259rbaycan\u0131n i\u00e7ind\u0259 daim bir m\u00fcnaqi\u015f\u0259 oca\u011f\u0131 yaratmaq \u00fc\u00e7\u00fcn sovet h\u00f6kum\u0259ti t\u0259r\u0259find\u0259n ortal\u0131\u011fa at\u0131lm\u0131\u015f t\u0259xribat idi. Bizim tarixi torpa\u011f\u0131m\u0131zda Da\u011fl\u0131q Qaraba\u011f Muxtar Vilay\u0259tini yaratmaq, bir k\u0259ndi &#8211; Xank\u0259ndini, hans\u0131 ki, k\u0259nd idi, onu oran\u0131n m\u0259rk\u0259zi etm\u0259k v\u0259 c\u0259llad \u015eaumyan\u0131n ad\u0131n\u0131 verm\u0259k Az\u0259rbaycan xalq\u0131na qar\u015f\u0131 \u00e7ox m\u0259nfi bir add\u0131m idi. Bizim \u00fc\u00e7\u00fcn t\u0259hqir idi.&hellip;","_links":{"self":[{"href":"https:\/\/arantv.az\/index.php?rest_route=\/wp\/v2\/posts\/359230"}],"collection":[{"href":"https:\/\/arantv.az\/index.php?rest_route=\/wp\/v2\/posts"}],"about":[{"href":"https:\/\/arantv.az\/index.php?rest_route=\/wp\/v2\/types\/post"}],"author":[{"embeddable":true,"href":"https:\/\/arantv.az\/index.php?rest_route=\/wp\/v2\/users\/2"}],"replies":[{"embeddable":true,"href":"https:\/\/arantv.az\/index.php?rest_route=%2Fwp%2Fv2%2Fcomments&post=359230"}],"version-history":[{"count":0,"href":"https:\/\/arantv.az\/index.php?rest_route=\/wp\/v2\/posts\/359230\/revisions"}],"wp:featuredmedia":[{"embeddable":true,"href":"https:\/\/arantv.az\/index.php?rest_route=\/wp\/v2\/media\/359231"}],"wp:attachment":[{"href":"https:\/\/arantv.az\/index.php?rest_route=%2Fwp%2Fv2%2Fmedia&parent=359230"}],"wp:term":[{"taxonomy":"category","embeddable":true,"href":"https:\/\/arantv.az\/index.php?rest_route=%2Fwp%2Fv2%2Fcategories&post=359230"},{"taxonomy":"post_tag","embeddable":true,"href":"https:\/\/arantv.az\/index.php?rest_route=%2Fwp%2Fv2%2Ftags&post=359230"}],"curies":[{"name":"wp","href":"https:\/\/api.w.org\/{rel}","templated":true}]}}