{"id":36053,"date":"2019-01-31T11:24:05","date_gmt":"2019-01-31T08:24:05","guid":{"rendered":"http:\/\/arantv.az\/?p=36053"},"modified":"2019-01-31T11:24:05","modified_gmt":"2019-01-31T08:24:05","slug":"v%c9%99t%c9%99ndasliq-v%c9%99ziyy%c9%99ti-aktlarinin-qeyd-olunmasi-ucun-t%c9%99l%c9%99b-olunan-s%c9%99n%c9%99dl%c9%99rin-sayi-azaldilir","status":"publish","type":"post","link":"https:\/\/arantv.az\/?p=36053","title":{"rendered":"V\u0259t\u0259nda\u015fl\u0131q v\u0259ziyy\u0259ti aktlar\u0131n\u0131n qeyd olunmas\u0131 \u00fc\u00e7\u00fcn t\u0259l\u0259b olunan s\u0259n\u0259dl\u0259rin say\u0131 azald\u0131l\u0131r"},"content":{"rendered":"<p><strong>Az\u0259rbaycanda v\u0259t\u0259nda\u015fl\u0131q v\u0259ziyy\u0259ti aktlar\u0131n\u0131n qeyd olunmas\u0131 \u00fc\u00e7\u00fcn d\u00f6vl\u0259t orqanlar\u0131 t\u0259r\u0259find\u0259n v\u0259t\u0259nda\u015flardan t\u0259l\u0259b olunan s\u0259n\u0259dl\u0259rin say\u0131 azald\u0131l\u0131r.<\/strong><\/p>\n<p><strong>ARANTV.AZ<\/strong> trend-\u0259 istinad\u0259n x\u0259b\u0259r verir ki, bununla ba\u011fl\u0131 Ail\u0259 M\u0259c\u0259ll\u0259sin\u0259 yeni d\u0259yi\u015fikliyin edilm\u0259si t\u0259klif olunur.<\/p>\n<p>M\u0259c\u0259ll\u0259nin haz\u0131rk\u0131 variant\u0131na g\u00f6r\u0259, v\u0259t\u0259nda\u015fl\u0131q v\u0259ziyy\u0259ti aktlar\u0131n\u0131n qeydiyyat\u0131 qeyd olunmal\u0131 faktlar\u0131 v\u0259 \u0259riz\u0259 ver\u0259nl\u0259rin \u015f\u0259xsiyy\u0259tini t\u0259sdiq ed\u0259n s\u0259n\u0259dl\u0259r t\u0259qdim edildikd\u0259 apar\u0131l\u0131r.<\/p>\n<p>T\u0259klif edil\u0259n yeni d\u0259yi\u015fikliy\u0259 \u0259sas\u0259n is\u0259 v\u0259t\u0259nda\u015fl\u0131q v\u0259ziyy\u0259ti aktlar\u0131n\u0131n qeydiyyat\u0131 qeyd olunmal\u0131 faktlar\u0131 v\u0259 \u0259riz\u0259 ver\u0259nl\u0259rin \u015f\u0259xsiyy\u0259tini t\u0259sdiq ed\u0259n s\u0259n\u0259dl\u0259r \u0259sas\u0131nda apar\u0131l\u0131r. Bu s\u0259n\u0259dl\u0259r \u00fczr\u0259 m\u0259lumatlar\u0131n elektron informasiya sisteml\u0259rind\u0259n \u0259ld\u0259 edilm\u0259si m\u00fcmk\u00fcn oldu\u011fu hallarda h\u0259min s\u0259n\u0259dl\u0259r \u015f\u0259xsl\u0259rd\u0259n t\u0259l\u0259b olunmur.<\/p>\n<div id=\"AdributorNativeVideo0\" class=\"AdributorNativeVideo\"><\/div>\n<p>D\u0259yi\u015fiklikl\u0259rin edilm\u0259sind\u0259 m\u0259qs\u0259d &#8220;A\u00e7\u0131q h\u00f6kum\u0259tin t\u0259\u015fviqin\u0259 dair 2016-2018-ci ill\u0259r \u00fc\u00e7\u00fcn Milli F\u0259aliyy\u0259t Plan\u0131&#8221;n\u0131n icras\u0131 il\u0259 ba\u011fl\u0131 t\u0259l\u0259b edil\u0259n r\u0259smi s\u0259n\u0259d v\u0259 aray\u0131\u015flar\u0131n say\u0131n\u0131n azald\u0131lmas\u0131n\u0131 t\u0259min etm\u0259kdir.<\/p>\n<p>Ail\u0259 M\u0259c\u0259ll\u0259sin\u0259 yeni d\u0259yi\u015fiklikl\u0259r Milli M\u0259clisin fevral\u0131n 1-d\u0259 ke\u00e7iril\u0259c\u0259k plenar iclas\u0131nda m\u00fczakir\u0259y\u0259 \u00e7\u0131xar\u0131lacaq.<\/p>\n","protected":false},"excerpt":{"rendered":"<p>Az\u0259rbaycanda v\u0259t\u0259nda\u015fl\u0131q v\u0259ziyy\u0259ti aktlar\u0131n\u0131n qeyd olunmas\u0131 \u00fc\u00e7\u00fcn d\u00f6vl\u0259t orqanlar\u0131 t\u0259r\u0259find\u0259n v\u0259t\u0259nda\u015flardan t\u0259l\u0259b olunan s\u0259n\u0259dl\u0259rin say\u0131 azald\u0131l\u0131r. ARANTV.AZ trend-\u0259 istinad\u0259n x\u0259b\u0259r verir ki, bununla ba\u011fl\u0131 Ail\u0259 M\u0259c\u0259ll\u0259sin\u0259 yeni d\u0259yi\u015fikliyin edilm\u0259si t\u0259klif olunur. M\u0259c\u0259ll\u0259nin haz\u0131rk\u0131 variant\u0131na g\u00f6r\u0259, v\u0259t\u0259nda\u015fl\u0131q v\u0259ziyy\u0259ti aktlar\u0131n\u0131n qeydiyyat\u0131 qeyd olunmal\u0131 faktlar\u0131 v\u0259 \u0259riz\u0259 ver\u0259nl\u0259rin \u015f\u0259xsiyy\u0259tini t\u0259sdiq ed\u0259n s\u0259n\u0259dl\u0259r t\u0259qdim edildikd\u0259 apar\u0131l\u0131r. T\u0259klif edil\u0259n yeni d\u0259yi\u015fikliy\u0259 \u0259sas\u0259n is\u0259 v\u0259t\u0259nda\u015fl\u0131q v\u0259ziyy\u0259ti aktlar\u0131n\u0131n qeydiyyat\u0131 qeyd olunmal\u0131 faktlar\u0131 v\u0259 \u0259riz\u0259 ver\u0259nl\u0259rin \u015f\u0259xsiyy\u0259tini t\u0259sdiq ed\u0259n s\u0259n\u0259dl\u0259r \u0259sas\u0131nda apar\u0131l\u0131r. Bu s\u0259n\u0259dl\u0259r \u00fczr\u0259 m\u0259lumatlar\u0131n elektron informasiya sisteml\u0259rind\u0259n \u0259ld\u0259 edilm\u0259si m\u00fcmk\u00fcn oldu\u011fu hallarda h\u0259min s\u0259n\u0259dl\u0259r \u015f\u0259xsl\u0259rd\u0259n t\u0259l\u0259b&hellip;<\/p>\n","protected":false},"author":2,"featured_media":36054,"comment_status":"closed","ping_status":"closed","sticky":false,"template":"","format":"standard","meta":{"om_disable_all_campaigns":false,"_monsterinsights_skip_tracking":false,"_monsterinsights_sitenote_active":false,"_monsterinsights_sitenote_note":"","_monsterinsights_sitenote_category":0},"categories":[1],"tags":[],"aioseo_notices":[],"gutentor_comment":0,"rttpg_featured_image_url":{"full":["https:\/\/arantv.az\/wp-content\/uploads\/2019\/01\/726274.jpg",800,600,false],"landscape":["https:\/\/arantv.az\/wp-content\/uploads\/2019\/01\/726274.jpg",800,600,false],"portraits":["https:\/\/arantv.az\/wp-content\/uploads\/2019\/01\/726274.jpg",800,600,false],"thumbnail":["https:\/\/arantv.az\/wp-content\/uploads\/2019\/01\/726274-150x150.jpg",150,150,true],"medium":["https:\/\/arantv.az\/wp-content\/uploads\/2019\/01\/726274-300x225.jpg",300,225,true],"large":["https:\/\/arantv.az\/wp-content\/uploads\/2019\/01\/726274.jpg",640,480,false],"1536x1536":["https:\/\/arantv.az\/wp-content\/uploads\/2019\/01\/726274.jpg",800,600,false],"2048x2048":["https:\/\/arantv.az\/wp-content\/uploads\/2019\/01\/726274.jpg",800,600,false],"post-thumbnail":["https:\/\/arantv.az\/wp-content\/uploads\/2019\/01\/726274-240x172.jpg",240,172,true],"advps-thumb-one":["https:\/\/arantv.az\/wp-content\/uploads\/2019\/01\/726274.jpg",800,600,false]},"rttpg_author":{"display_name":"V\u00fcsal Rafiqo\u011flu","author_link":"https:\/\/arantv.az\/?author=2"},"rttpg_comment":0,"rttpg_category":"<a href=\"https:\/\/arantv.az\/?cat=1\" rel=\"category\">C\u0259miyy\u0259t<\/a>","rttpg_excerpt":"Az\u0259rbaycanda v\u0259t\u0259nda\u015fl\u0131q v\u0259ziyy\u0259ti aktlar\u0131n\u0131n qeyd olunmas\u0131 \u00fc\u00e7\u00fcn d\u00f6vl\u0259t orqanlar\u0131 t\u0259r\u0259find\u0259n v\u0259t\u0259nda\u015flardan t\u0259l\u0259b olunan s\u0259n\u0259dl\u0259rin say\u0131 azald\u0131l\u0131r. ARANTV.AZ trend-\u0259 istinad\u0259n x\u0259b\u0259r verir ki, bununla ba\u011fl\u0131 Ail\u0259 M\u0259c\u0259ll\u0259sin\u0259 yeni d\u0259yi\u015fikliyin edilm\u0259si t\u0259klif olunur. M\u0259c\u0259ll\u0259nin haz\u0131rk\u0131 variant\u0131na g\u00f6r\u0259, v\u0259t\u0259nda\u015fl\u0131q v\u0259ziyy\u0259ti aktlar\u0131n\u0131n qeydiyyat\u0131 qeyd olunmal\u0131 faktlar\u0131 v\u0259 \u0259riz\u0259 ver\u0259nl\u0259rin \u015f\u0259xsiyy\u0259tini t\u0259sdiq ed\u0259n s\u0259n\u0259dl\u0259r t\u0259qdim edildikd\u0259 apar\u0131l\u0131r. T\u0259klif edil\u0259n yeni&hellip;","_links":{"self":[{"href":"https:\/\/arantv.az\/index.php?rest_route=\/wp\/v2\/posts\/36053"}],"collection":[{"href":"https:\/\/arantv.az\/index.php?rest_route=\/wp\/v2\/posts"}],"about":[{"href":"https:\/\/arantv.az\/index.php?rest_route=\/wp\/v2\/types\/post"}],"author":[{"embeddable":true,"href":"https:\/\/arantv.az\/index.php?rest_route=\/wp\/v2\/users\/2"}],"replies":[{"embeddable":true,"href":"https:\/\/arantv.az\/index.php?rest_route=%2Fwp%2Fv2%2Fcomments&post=36053"}],"version-history":[{"count":0,"href":"https:\/\/arantv.az\/index.php?rest_route=\/wp\/v2\/posts\/36053\/revisions"}],"wp:featuredmedia":[{"embeddable":true,"href":"https:\/\/arantv.az\/index.php?rest_route=\/wp\/v2\/media\/36054"}],"wp:attachment":[{"href":"https:\/\/arantv.az\/index.php?rest_route=%2Fwp%2Fv2%2Fmedia&parent=36053"}],"wp:term":[{"taxonomy":"category","embeddable":true,"href":"https:\/\/arantv.az\/index.php?rest_route=%2Fwp%2Fv2%2Fcategories&post=36053"},{"taxonomy":"post_tag","embeddable":true,"href":"https:\/\/arantv.az\/index.php?rest_route=%2Fwp%2Fv2%2Ftags&post=36053"}],"curies":[{"name":"wp","href":"https:\/\/api.w.org\/{rel}","templated":true}]}}