{"id":36056,"date":"2019-01-31T11:25:00","date_gmt":"2019-01-31T08:25:00","guid":{"rendered":"http:\/\/arantv.az\/?p=36056"},"modified":"2019-01-31T11:25:00","modified_gmt":"2019-01-31T08:25:00","slug":"prezident-ilham-%c9%99liyev-almaniya-numay%c9%99nd%c9%99-hey%c9%99tini-q%c9%99bul-edib-foto","status":"publish","type":"post","link":"https:\/\/arantv.az\/?p=36056","title":{"rendered":"Prezident \u0130lham \u018fliyev Almaniya n\u00fcmay\u0259nd\u0259 hey\u0259tini q\u0259bul edib &#8211; FOTO"},"content":{"rendered":"<p>Az\u0259rbaycan Respublikas\u0131n\u0131n Prezidenti \u0130lham \u018fliyev yanvar\u0131n 31-d\u0259 Almaniya Federativ Respublikas\u0131n\u0131n Federal \u0130qtisadiyyat v\u0259 Energetika Nazirliyind\u0259 d\u00f6vl\u0259t katibi Tomas Barays\u0131n ba\u015f\u00e7\u0131l\u0131q etdiyi n\u00fcmay\u0259nd\u0259 hey\u0259tini q\u0259bul edib.<\/p>\n<p><strong>ARANTV.AZ<\/strong> az\u0259rtac-a istinad\u0259n x\u0259b\u0259r verir ki, d\u00f6vl\u0259timizin ba\u015f\u00e7\u0131s\u0131 bel\u0259 geni\u015f t\u0259rkibd\u0259 n\u00fcmay\u0259nd\u0259 hey\u0259tinin \u00f6lk\u0259miz\u0259 s\u0259f\u0259rini Az\u0259rbaycanla Almaniya aras\u0131nda \u0259m\u0259kda\u015fl\u0131\u011f\u0131n v\u0259 t\u0259r\u0259fda\u015fl\u0131\u011f\u0131n yax\u015f\u0131 g\u00f6st\u0259ricisi kimi d\u0259y\u0259rl\u0259ndir\u0259r\u0259k \u00f6lk\u0259l\u0259rimizin v\u0259 biznes dair\u0259l\u0259rinin \u0259laq\u0259l\u0259rimizin geni\u015fl\u0259ndirilm\u0259si \u00fc\u00e7\u00fcn qar\u015f\u0131l\u0131ql\u0131 maraq g\u00f6st\u0259rm\u0259sind\u0259n m\u0259mnunlu\u011funu ifad\u0259 etdi. Prezident \u0130lham \u018fliyev Almaniya Federativ Respublikas\u0131n\u0131n Federal Kansleri xan\u0131m Angela Merkelin Az\u0259rbaycana s\u0259f\u0259rini m\u0259mnunluqla xat\u0131rlayaraq, h\u0259min s\u0259f\u0259r \u00e7\u0259r\u00e7iv\u0259sind\u0259 biznes n\u00fcmay\u0259nd\u0259l\u0259ri aras\u0131nda \u00e7ox s\u0259m\u0259r\u0259li g\u00f6r\u00fc\u015fl\u0259rin ke\u00e7irildiyini vur\u011fulad\u0131. D\u00f6vl\u0259timizin ba\u015f\u00e7\u0131s\u0131 Tomas Barays\u0131n r\u0259hb\u0259rlik etdiyi n\u00fcmay\u0259nd\u0259 hey\u0259tinin Az\u0259rbaycana s\u0259f\u0259rinin \u0259m\u0259kda\u015fl\u0131q prosesinin davam etdirilm\u0259si i\u015fin\u0259 t\u00f6hf\u0259 ver\u0259c\u0259yin\u0259 \u0259minliyini bildirdi. Almaniya \u015firk\u0259tl\u0259rinin uzun ill\u0259rdir Az\u0259rbaycanda u\u011furlu f\u0259aliyy\u0259t g\u00f6st\u0259rdikl\u0259rini vur\u011fulayan Prezident \u0130lham \u018fliyev \u00f6lk\u0259l\u0259rimiz aras\u0131nda t\u0259r\u0259fda\u015fl\u0131q v\u0259 \u0259m\u0259kda\u015fl\u0131q \u0259laq\u0259l\u0259rinin bundan sonra da geni\u015fl\u0259n\u0259c\u0259yin\u0259 v\u0259 m\u00f6hk\u0259ml\u0259n\u0259c\u0259yin\u0259 \u0259min oldu\u011funu s\u00f6yl\u0259di.<\/p>\n<p>Almaniya Federativ Respublikas\u0131n\u0131n Federal \u0130qtisadiyyat v\u0259 Energetika Nazirliyind\u0259 d\u00f6vl\u0259t katibi Tomas Barays q\u0259bula g\u00f6r\u0259 n\u00fcmay\u0259nd\u0259 hey\u0259tinin ad\u0131ndan d\u00f6vl\u0259timizin ba\u015f\u00e7\u0131s\u0131na minn\u0259tdarl\u0131\u011f\u0131n\u0131 bildirdi v\u0259 Almaniyan\u0131n Federal Kansleri xan\u0131m Angela Merkelin salamlar\u0131n\u0131 d\u00f6vl\u0259timizin ba\u015f\u00e7\u0131s\u0131na \u00e7atd\u0131raraq bu s\u0259f\u0259ri Federal Kanslerin Az\u0259rbaycana s\u0259f\u0259rinin davam\u0131 kimi d\u0259y\u0259rl\u0259ndirdi. Tomas Barays s\u0259f\u0259rd\u0259n \u00f6nc\u0259 Angela Merkell\u0259 g\u00f6r\u00fc\u015fd\u00fcy\u00fcn\u00fc qeyd ed\u0259r\u0259k bildirdi ki, xan\u0131m Kansler Az\u0259rbaycanla ikit\u0259r\u0259fli iqtisadi \u0259laq\u0259l\u0259rin davam etdirilm\u0259sind\u0259n \u00e7ox m\u0259mnundur. \u00d6lk\u0259l\u0259rimizin ortaq tarix\u0259 malik oldu\u011funu dey\u0259n Tomas Barays C\u0259nubi Qafqaz regionunda alman m\u0259sk\u0259nl\u0259rinin sal\u0131nmas\u0131n\u0131n 200 illiyinin qeyd edildiyini vur\u011fulayaraq Prezident \u0130lham \u018fliyevin bu m\u00fch\u00fcm t\u0259dbir\u0259 b\u00f6y\u00fck t\u00f6hf\u0259 verdiyini bildirdi. O, r\u0259hb\u0259rlik etdiyi n\u00fcmay\u0259nd\u0259 hey\u0259tinin t\u0259rkibin\u0259 m\u00fcxt\u0259lif sah\u0259l\u0259ri t\u0259msil ed\u0259n n\u00fcmay\u0259nd\u0259l\u0259rin daxil oldu\u011funu qeyd ed\u0259r\u0259k onlar\u0131n Az\u0259rbaycan\u0131n \u0259sl dostlar\u0131 oldu\u011funu dedi v\u0259 bu s\u0259f\u0259rin \u0259m\u0259kda\u015fl\u0131\u011f\u0131m\u0131z\u0131n daha da geni\u015fl\u0259ndirilm\u0259si i\u015fin\u0259 t\u00f6hf\u0259 ver\u0259c\u0259yin\u0259 \u0259minliyini ifad\u0259 etdi.<\/p>\n<p>G\u00f6r\u00fc\u015fd\u0259 \u00f6lk\u0259l\u0259rimiz aras\u0131nda \u0259m\u0259kda\u015fl\u0131\u011f\u0131n m\u00fcxt\u0259lif istiqam\u0259tl\u0259rd\u0259, o c\u00fcml\u0259d\u0259n energetika, neft-kimya, qeyri-neft sektoru, t\u0259hsil, pe\u015f\u0259 t\u0259hsili v\u0259 dig\u0259r sah\u0259l\u0259rd\u0259 inki\u015faf\u0131 il\u0259 ba\u011fl\u0131 fikir m\u00fcbadil\u0259si apar\u0131ld\u0131, alman \u015firk\u0259tl\u0259rinin Az\u0259rbaycandak\u0131 s\u0259naye zonalar\u0131na maraq g\u00f6st\u0259rdikl\u0259ri qeyd olundu, onlar\u0131n Sumqay\u0131t Kimya S\u0259naye Park\u0131nda i\u015ftirak\u0131na dair m\u0259s\u0259l\u0259l\u0259r m\u00fczakir\u0259 edildi.<\/p>\n<p>Prezident \u0130lham \u018fliyev Almaniya Federativ Respublikas\u0131n\u0131n Federal Kansleri xan\u0131m Angela Merkelin salamlar\u0131na g\u00f6r\u0259 minn\u0259tdarl\u0131\u011f\u0131n\u0131 bildirdi, onun da salamlar\u0131n\u0131 Almaniyan\u0131n Federal Kanslerin\u0259 \u00e7atd\u0131rma\u011f\u0131 xahi\u015f etdi.<\/p>\n<p><img loading=\"lazy\" class=\"alignnone size-full wp-image-36058\" src=\"https:\/\/arantv.az\/wp-content\/uploads\/2019\/01\/726284_02.jpg\" alt=\"\" width=\"250\" height=\"158\" \/><\/p>\n","protected":false},"excerpt":{"rendered":"<p>Az\u0259rbaycan Respublikas\u0131n\u0131n Prezidenti \u0130lham \u018fliyev yanvar\u0131n 31-d\u0259 Almaniya Federativ Respublikas\u0131n\u0131n Federal \u0130qtisadiyyat v\u0259 Energetika Nazirliyind\u0259 d\u00f6vl\u0259t katibi Tomas Barays\u0131n ba\u015f\u00e7\u0131l\u0131q etdiyi n\u00fcmay\u0259nd\u0259 hey\u0259tini q\u0259bul edib. ARANTV.AZ az\u0259rtac-a istinad\u0259n x\u0259b\u0259r verir ki, d\u00f6vl\u0259timizin ba\u015f\u00e7\u0131s\u0131 bel\u0259 geni\u015f t\u0259rkibd\u0259 n\u00fcmay\u0259nd\u0259 hey\u0259tinin \u00f6lk\u0259miz\u0259 s\u0259f\u0259rini Az\u0259rbaycanla Almaniya aras\u0131nda \u0259m\u0259kda\u015fl\u0131\u011f\u0131n v\u0259 t\u0259r\u0259fda\u015fl\u0131\u011f\u0131n yax\u015f\u0131 g\u00f6st\u0259ricisi kimi d\u0259y\u0259rl\u0259ndir\u0259r\u0259k \u00f6lk\u0259l\u0259rimizin v\u0259 biznes dair\u0259l\u0259rinin \u0259laq\u0259l\u0259rimizin geni\u015fl\u0259ndirilm\u0259si \u00fc\u00e7\u00fcn qar\u015f\u0131l\u0131ql\u0131 maraq g\u00f6st\u0259rm\u0259sind\u0259n m\u0259mnunlu\u011funu ifad\u0259 etdi. Prezident \u0130lham \u018fliyev Almaniya Federativ Respublikas\u0131n\u0131n Federal Kansleri xan\u0131m Angela Merkelin Az\u0259rbaycana s\u0259f\u0259rini m\u0259mnunluqla xat\u0131rlayaraq, h\u0259min s\u0259f\u0259r \u00e7\u0259r\u00e7iv\u0259sind\u0259 biznes n\u00fcmay\u0259nd\u0259l\u0259ri aras\u0131nda \u00e7ox s\u0259m\u0259r\u0259li g\u00f6r\u00fc\u015fl\u0259rin ke\u00e7irildiyini vur\u011fulad\u0131. D\u00f6vl\u0259timizin&hellip;<\/p>\n","protected":false},"author":2,"featured_media":36057,"comment_status":"closed","ping_status":"closed","sticky":false,"template":"","format":"standard","meta":{"om_disable_all_campaigns":false,"_monsterinsights_skip_tracking":false,"_monsterinsights_sitenote_active":false,"_monsterinsights_sitenote_note":"","_monsterinsights_sitenote_category":0},"categories":[8],"tags":[],"aioseo_notices":[],"gutentor_comment":0,"rttpg_featured_image_url":{"full":["https:\/\/arantv.az\/wp-content\/uploads\/2019\/01\/726284.jpg",800,600,false],"landscape":["https:\/\/arantv.az\/wp-content\/uploads\/2019\/01\/726284.jpg",800,600,false],"portraits":["https:\/\/arantv.az\/wp-content\/uploads\/2019\/01\/726284.jpg",800,600,false],"thumbnail":["https:\/\/arantv.az\/wp-content\/uploads\/2019\/01\/726284-150x150.jpg",150,150,true],"medium":["https:\/\/arantv.az\/wp-content\/uploads\/2019\/01\/726284-300x225.jpg",300,225,true],"large":["https:\/\/arantv.az\/wp-content\/uploads\/2019\/01\/726284.jpg",640,480,false],"1536x1536":["https:\/\/arantv.az\/wp-content\/uploads\/2019\/01\/726284.jpg",800,600,false],"2048x2048":["https:\/\/arantv.az\/wp-content\/uploads\/2019\/01\/726284.jpg",800,600,false],"post-thumbnail":["https:\/\/arantv.az\/wp-content\/uploads\/2019\/01\/726284-240x172.jpg",240,172,true],"advps-thumb-one":["https:\/\/arantv.az\/wp-content\/uploads\/2019\/01\/726284.jpg",800,600,false]},"rttpg_author":{"display_name":"V\u00fcsal Rafiqo\u011flu","author_link":"https:\/\/arantv.az\/?author=2"},"rttpg_comment":0,"rttpg_category":"<a href=\"https:\/\/arantv.az\/?cat=8\" rel=\"category\">\u018fsas s\u0259hif\u0259<\/a>","rttpg_excerpt":"Az\u0259rbaycan Respublikas\u0131n\u0131n Prezidenti \u0130lham \u018fliyev yanvar\u0131n 31-d\u0259 Almaniya Federativ Respublikas\u0131n\u0131n Federal \u0130qtisadiyyat v\u0259 Energetika Nazirliyind\u0259 d\u00f6vl\u0259t katibi Tomas Barays\u0131n ba\u015f\u00e7\u0131l\u0131q etdiyi n\u00fcmay\u0259nd\u0259 hey\u0259tini q\u0259bul edib. ARANTV.AZ az\u0259rtac-a istinad\u0259n x\u0259b\u0259r verir ki, d\u00f6vl\u0259timizin ba\u015f\u00e7\u0131s\u0131 bel\u0259 geni\u015f t\u0259rkibd\u0259 n\u00fcmay\u0259nd\u0259 hey\u0259tinin \u00f6lk\u0259miz\u0259 s\u0259f\u0259rini Az\u0259rbaycanla Almaniya aras\u0131nda \u0259m\u0259kda\u015fl\u0131\u011f\u0131n v\u0259 t\u0259r\u0259fda\u015fl\u0131\u011f\u0131n yax\u015f\u0131 g\u00f6st\u0259ricisi kimi d\u0259y\u0259rl\u0259ndir\u0259r\u0259k \u00f6lk\u0259l\u0259rimizin v\u0259 biznes dair\u0259l\u0259rinin \u0259laq\u0259l\u0259rimizin&hellip;","_links":{"self":[{"href":"https:\/\/arantv.az\/index.php?rest_route=\/wp\/v2\/posts\/36056"}],"collection":[{"href":"https:\/\/arantv.az\/index.php?rest_route=\/wp\/v2\/posts"}],"about":[{"href":"https:\/\/arantv.az\/index.php?rest_route=\/wp\/v2\/types\/post"}],"author":[{"embeddable":true,"href":"https:\/\/arantv.az\/index.php?rest_route=\/wp\/v2\/users\/2"}],"replies":[{"embeddable":true,"href":"https:\/\/arantv.az\/index.php?rest_route=%2Fwp%2Fv2%2Fcomments&post=36056"}],"version-history":[{"count":0,"href":"https:\/\/arantv.az\/index.php?rest_route=\/wp\/v2\/posts\/36056\/revisions"}],"wp:featuredmedia":[{"embeddable":true,"href":"https:\/\/arantv.az\/index.php?rest_route=\/wp\/v2\/media\/36057"}],"wp:attachment":[{"href":"https:\/\/arantv.az\/index.php?rest_route=%2Fwp%2Fv2%2Fmedia&parent=36056"}],"wp:term":[{"taxonomy":"category","embeddable":true,"href":"https:\/\/arantv.az\/index.php?rest_route=%2Fwp%2Fv2%2Fcategories&post=36056"},{"taxonomy":"post_tag","embeddable":true,"href":"https:\/\/arantv.az\/index.php?rest_route=%2Fwp%2Fv2%2Ftags&post=36056"}],"curies":[{"name":"wp","href":"https:\/\/api.w.org\/{rel}","templated":true}]}}