{"id":36072,"date":"2019-01-31T12:05:35","date_gmt":"2019-01-31T09:05:35","guid":{"rendered":"http:\/\/arantv.az\/?p=36072"},"modified":"2019-01-31T12:05:35","modified_gmt":"2019-01-31T09:05:35","slug":"dovl%c9%99t-komit%c9%99si-b%c9%99zi-mus%c9%99lman-olk%c9%99l%c9%99ri-oz-dini-ideologiyalarini-az%c9%99rbaycana-yeritm%c9%99k-ist%c9%99yirl%c9%99r","status":"publish","type":"post","link":"https:\/\/arantv.az\/?p=36072","title":{"rendered":"D\u00f6vl\u0259t Komit\u0259si: &#8220;B\u0259zi m\u00fcs\u0259lman \u00f6lk\u0259l\u0259ri \u00f6z dini ideologiyalar\u0131n\u0131 Az\u0259rbaycana yeritm\u0259k ist\u0259yirl\u0259r&#8221;"},"content":{"rendered":"<blockquote><p><em><strong>T\u0259\u0259ss\u00fcf edilm\u0259li hal budur ki, bu g\u00fcn b\u0259zi m\u00fcs\u0259lman \u00f6lk\u0259l\u0259ri d\u0259 Az\u0259rbaycana t\u0259sir g\u00f6st\u0259rm\u0259k v\u0259 \u00f6z dini ideologiyalar\u0131n\u0131 Az\u0259rbaycana yeritm\u0259k ist\u0259yirl\u0259r.<\/strong><\/em><\/p><\/blockquote>\n<p><strong>ARANTV.AZ<\/strong> trend-\u0259 istinad\u0259n x\u0259b\u0259r verir ki, bunu Dini Qurumlarla \u0130\u015f \u00fczr\u0259 D\u00f6vl\u0259t Komit\u0259sinin s\u0259dr m\u00fcavini S\u0259yavu\u015f Heyd\u0259rov &#8220;Dini v\u0259 ideoloji t\u0259hl\u00fck\u0259sizlik&#8221; m\u00f6vzusunda ke\u00e7iril\u0259n seminar-m\u00fc\u015favir\u0259d\u0259 deyib.<\/p>\n<p>O qeyd edib ki, d\u00fcnyada qlobal t\u0259hl\u00fck\u0259sizlik m\u0259s\u0259l\u0259l\u0259ri \u0259sas\u0131nda dini v\u0259 etnik probleml\u0259r dayan\u0131r: &#8220;Lakin bu m\u0259s\u0259l\u0259 \u00f6z\u00fc yaranm\u0131r, kiml\u0259r t\u0259r\u0259find\u0259ns\u0259 yarad\u0131l\u0131r. D\u00fcnyada multikulturalizmin, tolerantl\u0131\u011f\u0131n z\u0259ifl\u0259diyi bir d\u00f6vrd\u0259 Az\u0259rbaycanda multikulturalizm, tolerantl\u0131q g\u00fccl\u0259nir. Bu bizim sabitliyimizin t\u0259m\u0259lini t\u0259\u015fkil edir v\u0259 bizi q\u00fcrr\u0259l\u0259ndirir. Lakin Q\u0259rbd\u0259 b\u0259zi q\u00fcvv\u0259l\u0259r Az\u0259rbaycan\u0131 z\u0259ifl\u0259tm\u0259k niyy\u0259tind\u0259dirl\u0259r v\u0259 onlar\u0131n t\u0259hdidl\u0259rini a\u00e7\u0131q-ayd\u0131n g\u00f6r\u00fcr\u00fck&#8221;.<\/p>\n<p>S.Heyd\u0259rov bildirib ki, bu g\u00fcn Az\u0259rbaycan islamofobiyaya qar\u015f\u0131 \u00e7ox s\u0259rt m\u00f6vqe n\u00fcmayi\u015f etdirir. Lakin bu, b\u0259zi \u00f6lk\u0259l\u0259rin xo\u015funa g\u0259lm\u0259diyi \u00fc\u00e7\u00fcn onlar t\u0259r\u0259find\u0259n d\u0259 \u00f6lk\u0259miz\u0259 qar\u015f\u0131 \u0259ks-m\u00f6vqe n\u00fcmayi\u015f etdirilir.<\/p>\n<p>Komit\u0259nin s\u0259dr m\u00fcavini \u0259lav\u0259 edib ki, bu g\u00fcn Az\u0259rbaycan d\u00f6vl\u0259tin\u0259 qar\u015f\u0131 \u015f\u0259r v\u0259 b\u00f6htanlar at\u0131l\u0131r, burada h\u0259d\u0259f d\u00f6vl\u0259t\u00e7iliyimizdir: &#8220;Biz \u015e\u0259rq \u00f6lk\u0259l\u0259rind\u0259 ba\u015f ver\u0259n hadis\u0259l\u0259rd\u0259n n\u0259tic\u0259 \u00e7\u0131xarmal\u0131y\u0131q v\u0259 kiml\u0259rins\u0259 bizd\u0259n istifad\u0259 etm\u0259sin\u0259 imkan verm\u0259m\u0259liyik. Bu g\u00fcn radikalizmin h\u0259d\u0259fi g\u0259ncl\u0259rdir. Bu g\u00fcn g\u0259ncl\u0259r sosial \u015f\u0259b\u0259k\u0259l\u0259rd\u0259n aktiv istifad\u0259 edirl\u0259r. N\u0259z\u0259r\u0259 almaq laz\u0131md\u0131r ki, insan bir gec\u0259d\u0259 radikalist olmur. Ona g\u00f6r\u0259 d\u0259 sosial \u015f\u0259b\u0259k\u0259l\u0259rd\u0259n istifad\u0259 etdikd\u0259 \u00e7ox diqq\u0259tli olmaq laz\u0131md\u0131r&#8221;.<\/p>\n","protected":false},"excerpt":{"rendered":"<p>T\u0259\u0259ss\u00fcf edilm\u0259li hal budur ki, bu g\u00fcn b\u0259zi m\u00fcs\u0259lman \u00f6lk\u0259l\u0259ri d\u0259 Az\u0259rbaycana t\u0259sir g\u00f6st\u0259rm\u0259k v\u0259 \u00f6z dini ideologiyalar\u0131n\u0131 Az\u0259rbaycana yeritm\u0259k ist\u0259yirl\u0259r. ARANTV.AZ trend-\u0259 istinad\u0259n x\u0259b\u0259r verir ki, bunu Dini Qurumlarla \u0130\u015f \u00fczr\u0259 D\u00f6vl\u0259t Komit\u0259sinin s\u0259dr m\u00fcavini S\u0259yavu\u015f Heyd\u0259rov &#8220;Dini v\u0259 ideoloji t\u0259hl\u00fck\u0259sizlik&#8221; m\u00f6vzusunda ke\u00e7iril\u0259n seminar-m\u00fc\u015favir\u0259d\u0259 deyib. O qeyd edib ki, d\u00fcnyada qlobal t\u0259hl\u00fck\u0259sizlik m\u0259s\u0259l\u0259l\u0259ri \u0259sas\u0131nda dini v\u0259 etnik probleml\u0259r dayan\u0131r: &#8220;Lakin bu m\u0259s\u0259l\u0259 \u00f6z\u00fc yaranm\u0131r, kiml\u0259r t\u0259r\u0259find\u0259ns\u0259 yarad\u0131l\u0131r. D\u00fcnyada multikulturalizmin, tolerantl\u0131\u011f\u0131n z\u0259ifl\u0259diyi bir d\u00f6vrd\u0259 Az\u0259rbaycanda multikulturalizm, tolerantl\u0131q g\u00fccl\u0259nir. Bu bizim sabitliyimizin t\u0259m\u0259lini t\u0259\u015fkil edir v\u0259 bizi q\u00fcrr\u0259l\u0259ndirir. Lakin Q\u0259rbd\u0259 b\u0259zi&hellip;<\/p>\n","protected":false},"author":2,"featured_media":36073,"comment_status":"closed","ping_status":"closed","sticky":false,"template":"","format":"standard","meta":{"om_disable_all_campaigns":false,"_monsterinsights_skip_tracking":false,"_monsterinsights_sitenote_active":false,"_monsterinsights_sitenote_note":"","_monsterinsights_sitenote_category":0},"categories":[4],"tags":[],"aioseo_notices":[],"gutentor_comment":0,"rttpg_featured_image_url":{"full":["https:\/\/arantv.az\/wp-content\/uploads\/2019\/01\/726309.jpg",800,600,false],"landscape":["https:\/\/arantv.az\/wp-content\/uploads\/2019\/01\/726309.jpg",800,600,false],"portraits":["https:\/\/arantv.az\/wp-content\/uploads\/2019\/01\/726309.jpg",800,600,false],"thumbnail":["https:\/\/arantv.az\/wp-content\/uploads\/2019\/01\/726309-150x150.jpg",150,150,true],"medium":["https:\/\/arantv.az\/wp-content\/uploads\/2019\/01\/726309-300x225.jpg",300,225,true],"large":["https:\/\/arantv.az\/wp-content\/uploads\/2019\/01\/726309.jpg",640,480,false],"1536x1536":["https:\/\/arantv.az\/wp-content\/uploads\/2019\/01\/726309.jpg",800,600,false],"2048x2048":["https:\/\/arantv.az\/wp-content\/uploads\/2019\/01\/726309.jpg",800,600,false],"post-thumbnail":["https:\/\/arantv.az\/wp-content\/uploads\/2019\/01\/726309-240x172.jpg",240,172,true],"advps-thumb-one":["https:\/\/arantv.az\/wp-content\/uploads\/2019\/01\/726309.jpg",800,600,false]},"rttpg_author":{"display_name":"V\u00fcsal Rafiqo\u011flu","author_link":"https:\/\/arantv.az\/?author=2"},"rttpg_comment":0,"rttpg_category":"<a href=\"https:\/\/arantv.az\/?cat=4\" rel=\"category\">Siyas\u0259t<\/a>","rttpg_excerpt":"T\u0259\u0259ss\u00fcf edilm\u0259li hal budur ki, bu g\u00fcn b\u0259zi m\u00fcs\u0259lman \u00f6lk\u0259l\u0259ri d\u0259 Az\u0259rbaycana t\u0259sir g\u00f6st\u0259rm\u0259k v\u0259 \u00f6z dini ideologiyalar\u0131n\u0131 Az\u0259rbaycana yeritm\u0259k ist\u0259yirl\u0259r. ARANTV.AZ trend-\u0259 istinad\u0259n x\u0259b\u0259r verir ki, bunu Dini Qurumlarla \u0130\u015f \u00fczr\u0259 D\u00f6vl\u0259t Komit\u0259sinin s\u0259dr m\u00fcavini S\u0259yavu\u015f Heyd\u0259rov &#8220;Dini v\u0259 ideoloji t\u0259hl\u00fck\u0259sizlik&#8221; m\u00f6vzusunda ke\u00e7iril\u0259n seminar-m\u00fc\u015favir\u0259d\u0259 deyib. O qeyd edib ki, d\u00fcnyada qlobal t\u0259hl\u00fck\u0259sizlik m\u0259s\u0259l\u0259l\u0259ri \u0259sas\u0131nda&hellip;","_links":{"self":[{"href":"https:\/\/arantv.az\/index.php?rest_route=\/wp\/v2\/posts\/36072"}],"collection":[{"href":"https:\/\/arantv.az\/index.php?rest_route=\/wp\/v2\/posts"}],"about":[{"href":"https:\/\/arantv.az\/index.php?rest_route=\/wp\/v2\/types\/post"}],"author":[{"embeddable":true,"href":"https:\/\/arantv.az\/index.php?rest_route=\/wp\/v2\/users\/2"}],"replies":[{"embeddable":true,"href":"https:\/\/arantv.az\/index.php?rest_route=%2Fwp%2Fv2%2Fcomments&post=36072"}],"version-history":[{"count":0,"href":"https:\/\/arantv.az\/index.php?rest_route=\/wp\/v2\/posts\/36072\/revisions"}],"wp:featuredmedia":[{"embeddable":true,"href":"https:\/\/arantv.az\/index.php?rest_route=\/wp\/v2\/media\/36073"}],"wp:attachment":[{"href":"https:\/\/arantv.az\/index.php?rest_route=%2Fwp%2Fv2%2Fmedia&parent=36072"}],"wp:term":[{"taxonomy":"category","embeddable":true,"href":"https:\/\/arantv.az\/index.php?rest_route=%2Fwp%2Fv2%2Fcategories&post=36072"},{"taxonomy":"post_tag","embeddable":true,"href":"https:\/\/arantv.az\/index.php?rest_route=%2Fwp%2Fv2%2Ftags&post=36072"}],"curies":[{"name":"wp","href":"https:\/\/api.w.org\/{rel}","templated":true}]}}