{"id":36082,"date":"2019-01-31T13:04:28","date_gmt":"2019-01-31T10:04:28","guid":{"rendered":"http:\/\/arantv.az\/?p=36082"},"modified":"2019-01-31T13:04:28","modified_gmt":"2019-01-31T10:04:28","slug":"istanbulda-az%c9%99rbaycanlilar-arasinda-qanli-%c9%99dav%c9%99t-bes-olu-foto-video","status":"publish","type":"post","link":"https:\/\/arantv.az\/?p=36082","title":{"rendered":"\u0130stanbulda az\u0259rbaycanl\u0131lar aras\u0131nda qanl\u0131 \u0259dav\u0259t: be\u015f \u00f6l\u00fc &#8211; FOTO\/V\u0130DEO"},"content":{"rendered":"<p>\u0130stanbul polisi \u00f6t\u0259n il ba\u015f ver\u0259n cinay\u0259t hadis\u0259sini ara\u015fd\u0131ran zaman maraql\u0131 detallar\u0131 \u00fcz\u0259 \u00e7\u0131xar\u0131b.<\/p>\n<p><b>ARANTV.AZ <\/b>oxu.az-a<b>\u00a0<\/b>istinad\u0259n x\u0259b\u0259r verir ki, 2018-ci il avqustun 8-d\u0259 yerli vaxtla 10:30-da Qaziosmanpa\u015fa H\u00fcrriyy\u0259t m\u0259h\u0259ll\u0259sind\u0259 az\u0259rbaycanl\u0131<strong>\u00a0<\/strong>G\u0259nc\u0259li \u018fliyev q\u0259tl\u0259 yetirilib.<\/p>\n<div id=\"AdributorNativeVideo0\" class=\"AdributorNativeVideo\"><\/div>\n<p>\u015e\u00fcbh\u0259li h\u0259min vaxt hadis\u0259 yerind\u0259n qa\u00e7ma\u011fa nail olub.<\/p>\n<p>Apar\u0131lan ara\u015fd\u0131rmalar zaman\u0131 hadis\u0259ni t\u00f6r\u0259tm\u0259kd\u0259 \u015f\u00fcbh\u0259li bilin\u0259n 31 ya\u015fl\u0131 az\u0259rbaycanl\u0131 Sahib M. \u00f6vlad\u0131n\u0131 x\u0259st\u0259xanaya aparark\u0259n saxlan\u0131l\u0131b. Sahib M.-d\u0259n ba\u015fqa onun yan\u0131nda olan az\u0259rbaycanl\u0131lar 39 ya\u015fl\u0131 Turan M. v\u0259 Ri\u015fal H. da yaxalan\u0131b.<\/p>\n<p>M\u0259lum olub ki, cinay\u0259tin t\u00f6r\u0259dildiyi m\u0259h\u0259ll\u0259d\u0259 bir m\u00fcdd\u0259tdir az\u0259rbaycanl\u0131lar aras\u0131nda silahl\u0131 insidentl\u0259r ya\u015fan\u0131r.<\/p>\n<p>Bel\u0259 ki, 2015-ci il dekabr\u0131n 9-u, yerli vaxtla 23:30-da Sultanqazi 50-ci \u0130l m\u0259h\u0259ll\u0259sind\u0259 Sahib M.-nin b\u00f6y\u00fck qarda\u015f\u0131 Ramil M. \u015f\u0259xsi \u0259dav\u0259t z\u0259minind\u0259 Natiq G. v\u0259 atas\u0131 Yapon G. t\u0259r\u0259find\u0259n \u00f6ld\u00fcr\u00fcl\u00fcb.<\/p>\n<p>2015-ci il yanvar\u0131n 15-d\u0259 Sahib M. iki dostu il\u0259 birlikd\u0259 qarda\u015f\u0131n\u0131n q\u0259tlind\u0259 \u015f\u00fcbh\u0259li bildiyi Misirxan \u018fliyevi Qaziosmanpa\u015fada g\u00fcll\u0259l\u0259y\u0259r\u0259k, \u00f6ld\u00fcr\u00fcb.<\/p>\n<p>El\u0259 h\u0259min ilin avqustun 8-d\u0259 Sahib M. bu d\u0259f\u0259 G\u0259nc\u0259li \u018fliyevi h\u0259min m\u0259h\u0259ll\u0259d\u0259 q\u0259tl\u0259 yetirib.<\/p>\n<p>Avqustun 22-d\u0259 is\u0259 Sahib M.-in qohumu oldu\u011fu deyil\u0259n Ramil M\u0259mm\u0259dov \u00f6ld\u00fcr\u00fcl\u00fcb. Bu hadis\u0259d\u0259 t\u0259qsirli bilin\u0259n Asif A. saxlan\u0131l\u0131b.<\/p>\n<p>Oktyabr\u0131n 7-d\u0259 Qaziosmanpa\u015fada Ruhil A\u011fayev Sahib M.-in qohumlar\u0131 Qas\u0131m M. v\u0259 onun qarda\u015f\u0131 M\u00fcbariz M. t\u0259r\u0259find\u0259n q\u0259tl\u0259 yetirilib.<\/p>\n<p>Dindirilm\u0259 zaman\u0131 Sahib M. ona qar\u015f\u0131 ir\u0259li s\u00fcr\u00fcl\u0259n ittiham\u0131 q\u0259bul etm\u0259yib. O h\u0259bs olunub. Onunla birlikd\u0259 saxlan\u0131lan Turan M. v\u0259 Ri\u015fal H. azadl\u0131\u011fa burax\u0131l\u0131b.<\/p>\n<div>\n<div><iframe loading=\"lazy\" src=\"https:\/\/player.baku.tv\/embed\/6520?fbclid=IwAR0seXUni04Bi01HEv91UayOcXlKNsKT7Mn9XdO2PrzC3zt2O_Doef7wR4Y\" width=\"560\" height=\"315\" frameborder=\"0\" allowfullscreen=\"allowfullscreen\" data-mce-fragment=\"1\"><\/iframe><\/div>\n<\/div>\n<div class=\"gallery\">\n<div class=\"gallery-i\"><img src=\"https:\/\/assets.oxu.az\/uploads\/W1siZiIsIjIwMTkvMDEvMzEvMTIvNTIvMDkvYWJmMTA4YzktN2YzZC00NjY5LThjOTQtZmM4YTdlYTVkNjQ1LzVjNTJiM2YyYWU3ODQ5MmRlNGNhZGQxZC5qcGciXSxbInAiLCJlbmNvZGUiLCJqcGciLCItcXVhbGl0eSA4MCJdLFsicCIsInRodW1iIiwiNTkweDU5MFx1MDAzZSJdXQ?sha=92fbb2027e4df9b6\" \/><\/p>\n<div class=\"gallery-i-caption\"><\/div>\n<\/div>\n<div class=\"gallery-i\"><img src=\"https:\/\/assets.oxu.az\/uploads\/W1siZiIsIjIwMTkvMDEvMzEvMTIvNTIvMTAvNTRmNTFlY2ItMWEwYy00ZDZjLTk2OGMtY2IxOWNlMzk5ZTAwLzVjNTJiNTVhNjEzNjFmMTIyODg2ZTYxMi5qcGciXSxbInAiLCJlbmNvZGUiLCJqcGciLCItcXVhbGl0eSA4MCJdLFsicCIsInRodW1iIiwiNTkweDU5MFx1MDAzZSJdXQ?sha=21c8356ecb4ecb42\" \/><\/p>\n<div class=\"gallery-i-caption\"><\/div>\n<\/div>\n<div class=\"gallery-i\"><img src=\"https:\/\/assets.oxu.az\/uploads\/W1siZiIsIjIwMTkvMDEvMzEvMTIvNTIvMTAvMWUxZTU1YmYtMjNkYi00N2UxLTllZTItMDhlZjI4M2QwODJjLzVjNTJiNTVhNjEzNjFmMTIyODg2ZTYxNS5qcGciXSxbInAiLCJlbmNvZGUiLCJqcGciLCItcXVhbGl0eSA4MCJdLFsicCIsInRodW1iIiwiNTkweDU5MFx1MDAzZSJdXQ?sha=a420ee7e65febbc7\" \/><\/p>\n<div class=\"gallery-i-caption\"><\/div>\n<\/div>\n<\/div>\n<p>&nbsp;<\/p>\n","protected":false},"excerpt":{"rendered":"<p>\u0130stanbul polisi \u00f6t\u0259n il ba\u015f ver\u0259n cinay\u0259t hadis\u0259sini ara\u015fd\u0131ran zaman maraql\u0131 detallar\u0131 \u00fcz\u0259 \u00e7\u0131xar\u0131b. ARANTV.AZ oxu.az-a\u00a0istinad\u0259n x\u0259b\u0259r verir ki, 2018-ci il avqustun 8-d\u0259 yerli vaxtla 10:30-da Qaziosmanpa\u015fa H\u00fcrriyy\u0259t m\u0259h\u0259ll\u0259sind\u0259 az\u0259rbaycanl\u0131\u00a0G\u0259nc\u0259li \u018fliyev q\u0259tl\u0259 yetirilib. \u015e\u00fcbh\u0259li h\u0259min vaxt hadis\u0259 yerind\u0259n qa\u00e7ma\u011fa nail olub. Apar\u0131lan ara\u015fd\u0131rmalar zaman\u0131 hadis\u0259ni t\u00f6r\u0259tm\u0259kd\u0259 \u015f\u00fcbh\u0259li bilin\u0259n 31 ya\u015fl\u0131 az\u0259rbaycanl\u0131 Sahib M. \u00f6vlad\u0131n\u0131 x\u0259st\u0259xanaya aparark\u0259n saxlan\u0131l\u0131b. Sahib M.-d\u0259n ba\u015fqa onun yan\u0131nda olan az\u0259rbaycanl\u0131lar 39 ya\u015fl\u0131 Turan M. v\u0259 Ri\u015fal H. da yaxalan\u0131b. M\u0259lum olub ki, cinay\u0259tin t\u00f6r\u0259dildiyi m\u0259h\u0259ll\u0259d\u0259 bir m\u00fcdd\u0259tdir az\u0259rbaycanl\u0131lar aras\u0131nda silahl\u0131 insidentl\u0259r ya\u015fan\u0131r. Bel\u0259 ki, 2015-ci il&hellip;<\/p>\n","protected":false},"author":2,"featured_media":36083,"comment_status":"closed","ping_status":"closed","sticky":false,"template":"","format":"standard","meta":{"om_disable_all_campaigns":false,"_monsterinsights_skip_tracking":false,"_monsterinsights_sitenote_active":false,"_monsterinsights_sitenote_note":"","_monsterinsights_sitenote_category":0},"categories":[5],"tags":[],"aioseo_notices":[],"gutentor_comment":0,"rttpg_featured_image_url":{"full":["https:\/\/arantv.az\/wp-content\/uploads\/2019\/01\/752x395-istanbulda-azeri-grubun-karistigi-cinayetler-zinciri-ortaya-cikarildi-1548923663213.jpg",620,326,false],"landscape":["https:\/\/arantv.az\/wp-content\/uploads\/2019\/01\/752x395-istanbulda-azeri-grubun-karistigi-cinayetler-zinciri-ortaya-cikarildi-1548923663213.jpg",620,326,false],"portraits":["https:\/\/arantv.az\/wp-content\/uploads\/2019\/01\/752x395-istanbulda-azeri-grubun-karistigi-cinayetler-zinciri-ortaya-cikarildi-1548923663213.jpg",620,326,false],"thumbnail":["https:\/\/arantv.az\/wp-content\/uploads\/2019\/01\/752x395-istanbulda-azeri-grubun-karistigi-cinayetler-zinciri-ortaya-cikarildi-1548923663213-150x150.jpg",150,150,true],"medium":["https:\/\/arantv.az\/wp-content\/uploads\/2019\/01\/752x395-istanbulda-azeri-grubun-karistigi-cinayetler-zinciri-ortaya-cikarildi-1548923663213-300x158.jpg",300,158,true],"large":["https:\/\/arantv.az\/wp-content\/uploads\/2019\/01\/752x395-istanbulda-azeri-grubun-karistigi-cinayetler-zinciri-ortaya-cikarildi-1548923663213.jpg",620,326,false],"1536x1536":["https:\/\/arantv.az\/wp-content\/uploads\/2019\/01\/752x395-istanbulda-azeri-grubun-karistigi-cinayetler-zinciri-ortaya-cikarildi-1548923663213.jpg",620,326,false],"2048x2048":["https:\/\/arantv.az\/wp-content\/uploads\/2019\/01\/752x395-istanbulda-azeri-grubun-karistigi-cinayetler-zinciri-ortaya-cikarildi-1548923663213.jpg",620,326,false],"post-thumbnail":["https:\/\/arantv.az\/wp-content\/uploads\/2019\/01\/752x395-istanbulda-azeri-grubun-karistigi-cinayetler-zinciri-ortaya-cikarildi-1548923663213-240x172.jpg",240,172,true],"advps-thumb-one":["https:\/\/arantv.az\/wp-content\/uploads\/2019\/01\/752x395-istanbulda-azeri-grubun-karistigi-cinayetler-zinciri-ortaya-cikarildi-1548923663213.jpg",620,326,false]},"rttpg_author":{"display_name":"V\u00fcsal Rafiqo\u011flu","author_link":"https:\/\/arantv.az\/?author=2"},"rttpg_comment":0,"rttpg_category":"<a href=\"https:\/\/arantv.az\/?cat=5\" rel=\"category\">Hadis\u0259<\/a>","rttpg_excerpt":"\u0130stanbul polisi \u00f6t\u0259n il ba\u015f ver\u0259n cinay\u0259t hadis\u0259sini ara\u015fd\u0131ran zaman maraql\u0131 detallar\u0131 \u00fcz\u0259 \u00e7\u0131xar\u0131b. ARANTV.AZ oxu.az-a\u00a0istinad\u0259n x\u0259b\u0259r verir ki, 2018-ci il avqustun 8-d\u0259 yerli vaxtla 10:30-da Qaziosmanpa\u015fa H\u00fcrriyy\u0259t m\u0259h\u0259ll\u0259sind\u0259 az\u0259rbaycanl\u0131\u00a0G\u0259nc\u0259li \u018fliyev q\u0259tl\u0259 yetirilib. \u015e\u00fcbh\u0259li h\u0259min vaxt hadis\u0259 yerind\u0259n qa\u00e7ma\u011fa nail olub. Apar\u0131lan ara\u015fd\u0131rmalar zaman\u0131 hadis\u0259ni t\u00f6r\u0259tm\u0259kd\u0259 \u015f\u00fcbh\u0259li bilin\u0259n 31 ya\u015fl\u0131 az\u0259rbaycanl\u0131 Sahib M. \u00f6vlad\u0131n\u0131 x\u0259st\u0259xanaya&hellip;","_links":{"self":[{"href":"https:\/\/arantv.az\/index.php?rest_route=\/wp\/v2\/posts\/36082"}],"collection":[{"href":"https:\/\/arantv.az\/index.php?rest_route=\/wp\/v2\/posts"}],"about":[{"href":"https:\/\/arantv.az\/index.php?rest_route=\/wp\/v2\/types\/post"}],"author":[{"embeddable":true,"href":"https:\/\/arantv.az\/index.php?rest_route=\/wp\/v2\/users\/2"}],"replies":[{"embeddable":true,"href":"https:\/\/arantv.az\/index.php?rest_route=%2Fwp%2Fv2%2Fcomments&post=36082"}],"version-history":[{"count":0,"href":"https:\/\/arantv.az\/index.php?rest_route=\/wp\/v2\/posts\/36082\/revisions"}],"wp:featuredmedia":[{"embeddable":true,"href":"https:\/\/arantv.az\/index.php?rest_route=\/wp\/v2\/media\/36083"}],"wp:attachment":[{"href":"https:\/\/arantv.az\/index.php?rest_route=%2Fwp%2Fv2%2Fmedia&parent=36082"}],"wp:term":[{"taxonomy":"category","embeddable":true,"href":"https:\/\/arantv.az\/index.php?rest_route=%2Fwp%2Fv2%2Fcategories&post=36082"},{"taxonomy":"post_tag","embeddable":true,"href":"https:\/\/arantv.az\/index.php?rest_route=%2Fwp%2Fv2%2Ftags&post=36082"}],"curies":[{"name":"wp","href":"https:\/\/api.w.org\/{rel}","templated":true}]}}