{"id":36088,"date":"2019-01-31T13:07:54","date_gmt":"2019-01-31T10:07:54","guid":{"rendered":"http:\/\/arantv.az\/?p=36088"},"modified":"2019-01-31T13:07:54","modified_gmt":"2019-01-31T10:07:54","slug":"prezident-administrasiyasi-az%c9%99rbaycanda-kutl%c9%99vi-halda-dini-radikalizm-yoxdur","status":"publish","type":"post","link":"https:\/\/arantv.az\/?p=36088","title":{"rendered":"Prezident Administrasiyas\u0131: &#8220;Az\u0259rbaycanda k\u00fctl\u0259vi halda dini radikalizm yoxdur&#8221;"},"content":{"rendered":"<blockquote><p><em><strong>Az\u0259rbaycanda ayr\u0131-ayr\u0131 \u015f\u0259xsl\u0259rin radikal d\u00fc\u015f\u00fcnc\u0259l\u0259ri ola bil\u0259r. Amma Az\u0259rbaycanda k\u00fctl\u0259vi halda dini radikalizm yoxdur. Buna yaln\u0131z c\u0259hdl\u0259r edilir.<\/strong><\/em><\/p><\/blockquote>\n<p><strong>ARANTV.AZ<\/strong> trend-\u0259 istinad\u0259n x\u0259b\u0259r verir ki, bunu Az\u0259rbaycan Prezidenti Administrasiyas\u0131n\u0131n Mill\u0259tl\u0259raras\u0131 m\u00fcnasib\u0259tl\u0259r, multikulturalizm v\u0259 dini m\u0259s\u0259l\u0259l\u0259r \u015f\u00f6b\u0259sinin \u0259m\u0259kda\u015f\u0131 P\u0259nah Cahangirov &#8220;Dini v\u0259 ideoloji t\u0259hl\u00fck\u0259sizlik&#8221; m\u00f6vzusunda ke\u00e7iril\u0259n seminar-m\u00fc\u015favir\u0259d\u0259 deyib.<\/p>\n<p>Onun s\u00f6zl\u0259rin\u0259 g\u00f6r\u0259, d\u00f6vl\u0259t dinl\u0259 m\u00fcbariz\u0259 aparm\u0131r: &#8220;Az\u0259rbaycanda n\u0259 d\u00f6vl\u0259t, n\u0259 d\u0259 c\u0259miyy\u0259t din\u0259 qar\u015f\u0131 ola bilm\u0259z. Biz Az\u0259rbaycanda yaln\u0131z radikalizm\u0259 qar\u015f\u0131 olmu\u015fuq. \u00c7\u00fcnki radikalizm xalq\u0131m\u0131za m\u0259xsus olan hal deyil. Tarix\u0259 d\u0259 n\u0259z\u0259r salsaq, g\u00f6r\u0259rik ki, az\u0259rbaycanl\u0131lar he\u00e7 zaman dini m\u00fcharib\u0259l\u0259rd\u0259 i\u015ftirak etm\u0259yibl\u0259r. H\u0259tta Bab\u0259kin r\u0259hb\u0259rliyi il\u0259 apar\u0131lan X\u00fcrr\u0259mil\u0259r h\u0259r\u0259kat\u0131 da azadl\u0131q u\u011frunda m\u00fcbariz\u0259 olub. Sovet d\u00f6vr\u00fcnd\u0259 bunu biz\u0259 islam dinin\u0259 qar\u015f\u0131 apar\u0131lan m\u00fcbariz\u0259 kimi t\u0259qdim edibl\u0259r. Az\u0259rbaycan xalq\u0131 he\u00e7 zaman radikal olmay\u0131b. Az\u0259rbaycanda d\u00f6vl\u0259t t\u0259r\u0259find\u0259n din\u0259 qar\u015f\u0131 h\u0259r hans\u0131 basq\u0131n\u0131n olmas\u0131ndan s\u00f6hb\u0259t ged\u0259 bilm\u0259z. D\u00f6vl\u0259t orqanlar\u0131 t\u0259r\u0259find\u0259n radikalizm\u0259 qar\u015f\u0131 m\u00fcbariz\u0259 apar\u0131l\u0131r&#8221;.<\/p>\n<p>P.Cahangirov radikalizm\u0259 yoluxanlar\u0131n \u0259sas\u0259n g\u0259ncl\u0259r oldu\u011funu da s\u00f6yl\u0259yib: &#8220;Bu &#8220;yoluxucu&#8221; x\u0259st\u0259liy\u0259 qar\u015f\u0131 \u0259n yax\u015f\u0131 peyv\u0259nd t\u0259hsildir. T\u0259hsil \u0259n g\u00f6z\u0259l preventiv add\u0131md\u0131r. Az\u0259rbaycanda d\u00f6vl\u0259t \u00f6z riskl\u0259rini m\u0259har\u0259tl\u0259 idar\u0259 edir&#8221;.<\/p>\n","protected":false},"excerpt":{"rendered":"<p>Az\u0259rbaycanda ayr\u0131-ayr\u0131 \u015f\u0259xsl\u0259rin radikal d\u00fc\u015f\u00fcnc\u0259l\u0259ri ola bil\u0259r. Amma Az\u0259rbaycanda k\u00fctl\u0259vi halda dini radikalizm yoxdur. Buna yaln\u0131z c\u0259hdl\u0259r edilir. ARANTV.AZ trend-\u0259 istinad\u0259n x\u0259b\u0259r verir ki, bunu Az\u0259rbaycan Prezidenti Administrasiyas\u0131n\u0131n Mill\u0259tl\u0259raras\u0131 m\u00fcnasib\u0259tl\u0259r, multikulturalizm v\u0259 dini m\u0259s\u0259l\u0259l\u0259r \u015f\u00f6b\u0259sinin \u0259m\u0259kda\u015f\u0131 P\u0259nah Cahangirov &#8220;Dini v\u0259 ideoloji t\u0259hl\u00fck\u0259sizlik&#8221; m\u00f6vzusunda ke\u00e7iril\u0259n seminar-m\u00fc\u015favir\u0259d\u0259 deyib. Onun s\u00f6zl\u0259rin\u0259 g\u00f6r\u0259, d\u00f6vl\u0259t dinl\u0259 m\u00fcbariz\u0259 aparm\u0131r: &#8220;Az\u0259rbaycanda n\u0259 d\u00f6vl\u0259t, n\u0259 d\u0259 c\u0259miyy\u0259t din\u0259 qar\u015f\u0131 ola bilm\u0259z. Biz Az\u0259rbaycanda yaln\u0131z radikalizm\u0259 qar\u015f\u0131 olmu\u015fuq. \u00c7\u00fcnki radikalizm xalq\u0131m\u0131za m\u0259xsus olan hal deyil. Tarix\u0259 d\u0259 n\u0259z\u0259r salsaq, g\u00f6r\u0259rik ki, az\u0259rbaycanl\u0131lar he\u00e7 zaman dini m\u00fcharib\u0259l\u0259rd\u0259 i\u015ftirak etm\u0259yibl\u0259r. H\u0259tta&hellip;<\/p>\n","protected":false},"author":2,"featured_media":36089,"comment_status":"closed","ping_status":"closed","sticky":false,"template":"","format":"standard","meta":{"om_disable_all_campaigns":false,"_monsterinsights_skip_tracking":false,"_monsterinsights_sitenote_active":false,"_monsterinsights_sitenote_note":"","_monsterinsights_sitenote_category":0},"categories":[4],"tags":[],"aioseo_notices":[],"gutentor_comment":0,"rttpg_featured_image_url":{"full":["https:\/\/arantv.az\/wp-content\/uploads\/2019\/01\/prezident_aparati.jpg",800,600,false],"landscape":["https:\/\/arantv.az\/wp-content\/uploads\/2019\/01\/prezident_aparati.jpg",800,600,false],"portraits":["https:\/\/arantv.az\/wp-content\/uploads\/2019\/01\/prezident_aparati.jpg",800,600,false],"thumbnail":["https:\/\/arantv.az\/wp-content\/uploads\/2019\/01\/prezident_aparati-150x150.jpg",150,150,true],"medium":["https:\/\/arantv.az\/wp-content\/uploads\/2019\/01\/prezident_aparati-300x225.jpg",300,225,true],"large":["https:\/\/arantv.az\/wp-content\/uploads\/2019\/01\/prezident_aparati.jpg",640,480,false],"1536x1536":["https:\/\/arantv.az\/wp-content\/uploads\/2019\/01\/prezident_aparati.jpg",800,600,false],"2048x2048":["https:\/\/arantv.az\/wp-content\/uploads\/2019\/01\/prezident_aparati.jpg",800,600,false],"post-thumbnail":["https:\/\/arantv.az\/wp-content\/uploads\/2019\/01\/prezident_aparati-240x172.jpg",240,172,true],"advps-thumb-one":["https:\/\/arantv.az\/wp-content\/uploads\/2019\/01\/prezident_aparati.jpg",800,600,false]},"rttpg_author":{"display_name":"V\u00fcsal Rafiqo\u011flu","author_link":"https:\/\/arantv.az\/?author=2"},"rttpg_comment":0,"rttpg_category":"<a href=\"https:\/\/arantv.az\/?cat=4\" rel=\"category\">Siyas\u0259t<\/a>","rttpg_excerpt":"Az\u0259rbaycanda ayr\u0131-ayr\u0131 \u015f\u0259xsl\u0259rin radikal d\u00fc\u015f\u00fcnc\u0259l\u0259ri ola bil\u0259r. Amma Az\u0259rbaycanda k\u00fctl\u0259vi halda dini radikalizm yoxdur. Buna yaln\u0131z c\u0259hdl\u0259r edilir. ARANTV.AZ trend-\u0259 istinad\u0259n x\u0259b\u0259r verir ki, bunu Az\u0259rbaycan Prezidenti Administrasiyas\u0131n\u0131n Mill\u0259tl\u0259raras\u0131 m\u00fcnasib\u0259tl\u0259r, multikulturalizm v\u0259 dini m\u0259s\u0259l\u0259l\u0259r \u015f\u00f6b\u0259sinin \u0259m\u0259kda\u015f\u0131 P\u0259nah Cahangirov &#8220;Dini v\u0259 ideoloji t\u0259hl\u00fck\u0259sizlik&#8221; m\u00f6vzusunda ke\u00e7iril\u0259n seminar-m\u00fc\u015favir\u0259d\u0259 deyib. Onun s\u00f6zl\u0259rin\u0259 g\u00f6r\u0259, d\u00f6vl\u0259t dinl\u0259 m\u00fcbariz\u0259 aparm\u0131r: &#8220;Az\u0259rbaycanda n\u0259&hellip;","_links":{"self":[{"href":"https:\/\/arantv.az\/index.php?rest_route=\/wp\/v2\/posts\/36088"}],"collection":[{"href":"https:\/\/arantv.az\/index.php?rest_route=\/wp\/v2\/posts"}],"about":[{"href":"https:\/\/arantv.az\/index.php?rest_route=\/wp\/v2\/types\/post"}],"author":[{"embeddable":true,"href":"https:\/\/arantv.az\/index.php?rest_route=\/wp\/v2\/users\/2"}],"replies":[{"embeddable":true,"href":"https:\/\/arantv.az\/index.php?rest_route=%2Fwp%2Fv2%2Fcomments&post=36088"}],"version-history":[{"count":0,"href":"https:\/\/arantv.az\/index.php?rest_route=\/wp\/v2\/posts\/36088\/revisions"}],"wp:featuredmedia":[{"embeddable":true,"href":"https:\/\/arantv.az\/index.php?rest_route=\/wp\/v2\/media\/36089"}],"wp:attachment":[{"href":"https:\/\/arantv.az\/index.php?rest_route=%2Fwp%2Fv2%2Fmedia&parent=36088"}],"wp:term":[{"taxonomy":"category","embeddable":true,"href":"https:\/\/arantv.az\/index.php?rest_route=%2Fwp%2Fv2%2Fcategories&post=36088"},{"taxonomy":"post_tag","embeddable":true,"href":"https:\/\/arantv.az\/index.php?rest_route=%2Fwp%2Fv2%2Ftags&post=36088"}],"curies":[{"name":"wp","href":"https:\/\/api.w.org\/{rel}","templated":true}]}}