{"id":36091,"date":"2019-01-31T13:10:25","date_gmt":"2019-01-31T10:10:25","guid":{"rendered":"http:\/\/arantv.az\/?p=36091"},"modified":"2019-01-31T13:10:25","modified_gmt":"2019-01-31T10:10:25","slug":"zaxarova-rusiya-yerevanla-baki-arasinda-siyasi-%c9%99laq%c9%99l%c9%99ri-alqislayir","status":"publish","type":"post","link":"https:\/\/arantv.az\/?p=36091","title":{"rendered":"Zaxarova: &#8220;Rusiya Yerevanla Bak\u0131 aras\u0131nda siyasi \u0259laq\u0259l\u0259ri alq\u0131\u015flay\u0131r&#8221;"},"content":{"rendered":"<blockquote><p><em><strong>Rusiya Yerevanla Bak\u0131 aras\u0131nda siyasi \u0259laq\u0259l\u0259ri alq\u0131\u015flay\u0131r.<\/strong><\/em><\/p><\/blockquote>\n<p><strong>ARANTV.AZ<\/strong> trend-\u0259 istinad\u0259n x\u0259b\u0259r verir ki, bunu Rusiya Xarici \u0130\u015fl\u0259r Nazirliyinin r\u0259smi n\u00fcmay\u0259nd\u0259si Mariya Zaxarova deyib.<\/p>\n<p>O bildirib ki, Rusiyan\u0131n Da\u011fl\u0131q Qaraba\u011f m\u00fcnaqi\u015f\u0259si il\u0259 ba\u011fl\u0131 m\u00f6vqeyi d\u0259yi\u015fm\u0259yib:<\/p>\n<p>&#8220;Biz \u00f6z vasit\u0259\u00e7ilik funksiyam\u0131z\u0131 vicdanla v\u0259 fikrimc\u0259, keyfiyy\u0259tl\u0259 icra edirik. Biz son vaxtlar Yerevanla Bak\u0131 aras\u0131nda m\u00fcxt\u0259lif s\u0259viyy\u0259l\u0259rd\u0259 ba\u015f tutmu\u015f siyasi \u0259laq\u0259l\u0259ri alq\u0131\u015flay\u0131r\u0131q. Biz t\u0259r\u0259fl\u0259rin bununla ba\u011fl\u0131 verdiyi konstruktiv qiym\u0259tl\u0259ri e\u015fitmi\u015fik v\u0259 hesab edirik ki, bu, ir\u0259lil\u0259m\u0259k \u00fc\u00e7\u00fcn do\u011fru yoldur&#8221;.<\/p>\n","protected":false},"excerpt":{"rendered":"<p>Rusiya Yerevanla Bak\u0131 aras\u0131nda siyasi \u0259laq\u0259l\u0259ri alq\u0131\u015flay\u0131r. ARANTV.AZ trend-\u0259 istinad\u0259n x\u0259b\u0259r verir ki, bunu Rusiya Xarici \u0130\u015fl\u0259r Nazirliyinin r\u0259smi n\u00fcmay\u0259nd\u0259si Mariya Zaxarova deyib. O bildirib ki, Rusiyan\u0131n Da\u011fl\u0131q Qaraba\u011f m\u00fcnaqi\u015f\u0259si il\u0259 ba\u011fl\u0131 m\u00f6vqeyi d\u0259yi\u015fm\u0259yib: &#8220;Biz \u00f6z vasit\u0259\u00e7ilik funksiyam\u0131z\u0131 vicdanla v\u0259 fikrimc\u0259, keyfiyy\u0259tl\u0259 icra edirik. Biz son vaxtlar Yerevanla Bak\u0131 aras\u0131nda m\u00fcxt\u0259lif s\u0259viyy\u0259l\u0259rd\u0259 ba\u015f tutmu\u015f siyasi \u0259laq\u0259l\u0259ri alq\u0131\u015flay\u0131r\u0131q. Biz t\u0259r\u0259fl\u0259rin bununla ba\u011fl\u0131 verdiyi konstruktiv qiym\u0259tl\u0259ri e\u015fitmi\u015fik v\u0259 hesab edirik ki, bu, ir\u0259lil\u0259m\u0259k \u00fc\u00e7\u00fcn do\u011fru yoldur&#8221;.<\/p>\n","protected":false},"author":2,"featured_media":36092,"comment_status":"closed","ping_status":"closed","sticky":false,"template":"","format":"standard","meta":{"om_disable_all_campaigns":false,"_monsterinsights_skip_tracking":false,"_monsterinsights_sitenote_active":false,"_monsterinsights_sitenote_note":"","_monsterinsights_sitenote_category":0},"categories":[4],"tags":[],"aioseo_notices":[],"gutentor_comment":0,"rttpg_featured_image_url":{"full":["https:\/\/arantv.az\/wp-content\/uploads\/2019\/01\/726317.jpg",800,600,false],"landscape":["https:\/\/arantv.az\/wp-content\/uploads\/2019\/01\/726317.jpg",800,600,false],"portraits":["https:\/\/arantv.az\/wp-content\/uploads\/2019\/01\/726317.jpg",800,600,false],"thumbnail":["https:\/\/arantv.az\/wp-content\/uploads\/2019\/01\/726317-150x150.jpg",150,150,true],"medium":["https:\/\/arantv.az\/wp-content\/uploads\/2019\/01\/726317-300x225.jpg",300,225,true],"large":["https:\/\/arantv.az\/wp-content\/uploads\/2019\/01\/726317.jpg",640,480,false],"1536x1536":["https:\/\/arantv.az\/wp-content\/uploads\/2019\/01\/726317.jpg",800,600,false],"2048x2048":["https:\/\/arantv.az\/wp-content\/uploads\/2019\/01\/726317.jpg",800,600,false],"post-thumbnail":["https:\/\/arantv.az\/wp-content\/uploads\/2019\/01\/726317-240x172.jpg",240,172,true],"advps-thumb-one":["https:\/\/arantv.az\/wp-content\/uploads\/2019\/01\/726317.jpg",800,600,false]},"rttpg_author":{"display_name":"V\u00fcsal Rafiqo\u011flu","author_link":"https:\/\/arantv.az\/?author=2"},"rttpg_comment":0,"rttpg_category":"<a href=\"https:\/\/arantv.az\/?cat=4\" rel=\"category\">Siyas\u0259t<\/a>","rttpg_excerpt":"Rusiya Yerevanla Bak\u0131 aras\u0131nda siyasi \u0259laq\u0259l\u0259ri alq\u0131\u015flay\u0131r. ARANTV.AZ trend-\u0259 istinad\u0259n x\u0259b\u0259r verir ki, bunu Rusiya Xarici \u0130\u015fl\u0259r Nazirliyinin r\u0259smi n\u00fcmay\u0259nd\u0259si Mariya Zaxarova deyib. O bildirib ki, Rusiyan\u0131n Da\u011fl\u0131q Qaraba\u011f m\u00fcnaqi\u015f\u0259si il\u0259 ba\u011fl\u0131 m\u00f6vqeyi d\u0259yi\u015fm\u0259yib: &#8220;Biz \u00f6z vasit\u0259\u00e7ilik funksiyam\u0131z\u0131 vicdanla v\u0259 fikrimc\u0259, keyfiyy\u0259tl\u0259 icra edirik. Biz son vaxtlar Yerevanla Bak\u0131 aras\u0131nda m\u00fcxt\u0259lif s\u0259viyy\u0259l\u0259rd\u0259 ba\u015f tutmu\u015f siyasi&hellip;","_links":{"self":[{"href":"https:\/\/arantv.az\/index.php?rest_route=\/wp\/v2\/posts\/36091"}],"collection":[{"href":"https:\/\/arantv.az\/index.php?rest_route=\/wp\/v2\/posts"}],"about":[{"href":"https:\/\/arantv.az\/index.php?rest_route=\/wp\/v2\/types\/post"}],"author":[{"embeddable":true,"href":"https:\/\/arantv.az\/index.php?rest_route=\/wp\/v2\/users\/2"}],"replies":[{"embeddable":true,"href":"https:\/\/arantv.az\/index.php?rest_route=%2Fwp%2Fv2%2Fcomments&post=36091"}],"version-history":[{"count":0,"href":"https:\/\/arantv.az\/index.php?rest_route=\/wp\/v2\/posts\/36091\/revisions"}],"wp:featuredmedia":[{"embeddable":true,"href":"https:\/\/arantv.az\/index.php?rest_route=\/wp\/v2\/media\/36092"}],"wp:attachment":[{"href":"https:\/\/arantv.az\/index.php?rest_route=%2Fwp%2Fv2%2Fmedia&parent=36091"}],"wp:term":[{"taxonomy":"category","embeddable":true,"href":"https:\/\/arantv.az\/index.php?rest_route=%2Fwp%2Fv2%2Fcategories&post=36091"},{"taxonomy":"post_tag","embeddable":true,"href":"https:\/\/arantv.az\/index.php?rest_route=%2Fwp%2Fv2%2Ftags&post=36091"}],"curies":[{"name":"wp","href":"https:\/\/api.w.org\/{rel}","templated":true}]}}