{"id":36097,"date":"2019-01-31T13:12:44","date_gmt":"2019-01-31T10:12:44","guid":{"rendered":"http:\/\/arantv.az\/?p=36097"},"modified":"2019-01-31T13:12:44","modified_gmt":"2019-01-31T10:12:44","slug":"sabranda-ticar%c9%99t-m%c9%99rk%c9%99zinin-qarsisinda-kisini-qanina-q%c9%99ltan-etdil%c9%99r","status":"publish","type":"post","link":"https:\/\/arantv.az\/?p=36097","title":{"rendered":"\u015eabranda ticar\u0259t m\u0259rk\u0259zinin qar\u015f\u0131s\u0131nda ki\u015fini qan\u0131na q\u0259ltan etdil\u0259r"},"content":{"rendered":"<p><strong>\u015eabran rayonunda q\u0259sd\u0259n adam \u00f6ld\u00fcrm\u0259y\u0259 c\u0259hd hadis\u0259si ba\u015f verib.<\/strong><\/p>\n<p><strong>ARANTV.AZ<\/strong> x\u0259b\u0259r verir ki, rayon prokurorlu\u011fundan\u00a0<a href=\"https:\/\/az.trend.az\/\" target=\"_blank\" rel=\"noopener\">Trend<\/a>-\u0259 veril\u0259n m\u0259lumata g\u00f6r\u0259, hadis\u0259 yanvar\u0131n 30-da rayon \u0259razisind\u0259ki &#8220;Ayg\u00fcnl\u00fc&#8221; Ticar\u0259t M\u0259rk\u0259zinin qar\u015f\u0131s\u0131nda ba\u015f verib.<\/p>\n<p>Rayonun Ayg\u00fcnl\u00fc k\u0259nd sakini, 1986-c\u0131 il t\u0259v\u0259ll\u00fcdl\u00fc El\u00e7in \u015e\u00fck\u00fcrov sol bazu s\u00fcm\u00fcy\u00fc v\u0259 qar\u0131n bo\u015flu\u011funa ke\u00e7\u0259n, sol b\u00f6yr\u0259yin z\u0259d\u0259l\u0259nm\u0259si, k\u0259silmi\u015f-de\u015filmi\u015f yaras\u0131 il\u0259 \u015eabran Rayon M\u0259rk\u0259zi X\u0259st\u0259xanas\u0131na daxil olub.<\/p>\n<p>Daxil olan m\u0259lumat \u0259sas\u0131nda apar\u0131lan ara\u015fd\u0131rma zaman\u0131 m\u00fc\u0259yy\u0259n edilib ki, yanvar\u0131n 30-da ax\u015fam saat 17 rad\u0259l\u0259rind\u0259 rayon sakini, 1997-c\u0131 il t\u0259v\u0259ll\u00fcdl\u00fc F\u0259rid Musayev ticar\u0259t m\u0259rk\u0259zinin qar\u015f\u0131s\u0131nda q\u0131sqancl\u0131q z\u0259minind\u0259 aralar\u0131nda yaranan m\u00fcbahis\u0259 n\u0259tic\u0259sind\u0259 El\u00e7in \u015e\u00fck\u00fcrovu \u00f6ld\u00fcrm\u0259k m\u0259qs\u0259dil\u0259 b\u0131\u00e7aqlayaraq x\u0259sar\u0259tl\u0259r yetirib.<\/p>\n<div id=\"AdributorNativeVideo0\" class=\"AdributorNativeVideo\"><\/div>\n<p>Lakin \u0259trafdak\u0131lar\u0131n m\u00fcdaxil\u0259si n\u0259tic\u0259sind\u0259 F. Musayevin niyy\u0259ti ba\u015f tutmay\u0131b.<\/p>\n<p>Faktla ba\u011fl\u0131 \u015eabran Rayon Prokurorlu\u011funda Cinay\u0259t M\u0259c\u0259ll\u0259sinin 29, 120.1-ci (q\u0259sd\u0259n adam \u00f6ld\u00fcrm\u0259y\u0259 c\u0259hd) madd\u0259sil\u0259 cinay\u0259t i\u015fi ba\u015flan\u0131b, hadis\u0259 yerin\u0259 bax\u0131\u015f ke\u00e7irilib, cinay\u0259t al\u0259ti olan b\u0131\u00e7aq g\u00f6t\u00fcr\u00fcl\u00fcb, F. Musayev \u015f\u00fcbh\u0259li \u015f\u0259xs qismind\u0259 tutulub.<\/p>\n","protected":false},"excerpt":{"rendered":"<p>\u015eabran rayonunda q\u0259sd\u0259n adam \u00f6ld\u00fcrm\u0259y\u0259 c\u0259hd hadis\u0259si ba\u015f verib. ARANTV.AZ x\u0259b\u0259r verir ki, rayon prokurorlu\u011fundan\u00a0Trend-\u0259 veril\u0259n m\u0259lumata g\u00f6r\u0259, hadis\u0259 yanvar\u0131n 30-da rayon \u0259razisind\u0259ki &#8220;Ayg\u00fcnl\u00fc&#8221; Ticar\u0259t M\u0259rk\u0259zinin qar\u015f\u0131s\u0131nda ba\u015f verib. Rayonun Ayg\u00fcnl\u00fc k\u0259nd sakini, 1986-c\u0131 il t\u0259v\u0259ll\u00fcdl\u00fc El\u00e7in \u015e\u00fck\u00fcrov sol bazu s\u00fcm\u00fcy\u00fc v\u0259 qar\u0131n bo\u015flu\u011funa ke\u00e7\u0259n, sol b\u00f6yr\u0259yin z\u0259d\u0259l\u0259nm\u0259si, k\u0259silmi\u015f-de\u015filmi\u015f yaras\u0131 il\u0259 \u015eabran Rayon M\u0259rk\u0259zi X\u0259st\u0259xanas\u0131na daxil olub. Daxil olan m\u0259lumat \u0259sas\u0131nda apar\u0131lan ara\u015fd\u0131rma zaman\u0131 m\u00fc\u0259yy\u0259n edilib ki, yanvar\u0131n 30-da ax\u015fam saat 17 rad\u0259l\u0259rind\u0259 rayon sakini, 1997-c\u0131 il t\u0259v\u0259ll\u00fcdl\u00fc F\u0259rid Musayev ticar\u0259t m\u0259rk\u0259zinin qar\u015f\u0131s\u0131nda q\u0131sqancl\u0131q z\u0259minind\u0259 aralar\u0131nda yaranan m\u00fcbahis\u0259 n\u0259tic\u0259sind\u0259 El\u00e7in&hellip;<\/p>\n","protected":false},"author":2,"featured_media":36098,"comment_status":"closed","ping_status":"closed","sticky":false,"template":"","format":"standard","meta":{"om_disable_all_campaigns":false,"_monsterinsights_skip_tracking":false,"_monsterinsights_sitenote_active":false,"_monsterinsights_sitenote_note":"","_monsterinsights_sitenote_category":0},"categories":[3],"tags":[],"aioseo_notices":[],"gutentor_comment":0,"rttpg_featured_image_url":{"full":["https:\/\/arantv.az\/wp-content\/uploads\/2019\/01\/bicaq_78458.jpg",482,361,false],"landscape":["https:\/\/arantv.az\/wp-content\/uploads\/2019\/01\/bicaq_78458.jpg",482,361,false],"portraits":["https:\/\/arantv.az\/wp-content\/uploads\/2019\/01\/bicaq_78458.jpg",482,361,false],"thumbnail":["https:\/\/arantv.az\/wp-content\/uploads\/2019\/01\/bicaq_78458-150x150.jpg",150,150,true],"medium":["https:\/\/arantv.az\/wp-content\/uploads\/2019\/01\/bicaq_78458-300x225.jpg",300,225,true],"large":["https:\/\/arantv.az\/wp-content\/uploads\/2019\/01\/bicaq_78458.jpg",482,361,false],"1536x1536":["https:\/\/arantv.az\/wp-content\/uploads\/2019\/01\/bicaq_78458.jpg",482,361,false],"2048x2048":["https:\/\/arantv.az\/wp-content\/uploads\/2019\/01\/bicaq_78458.jpg",482,361,false],"post-thumbnail":["https:\/\/arantv.az\/wp-content\/uploads\/2019\/01\/bicaq_78458-240x172.jpg",240,172,true],"advps-thumb-one":["https:\/\/arantv.az\/wp-content\/uploads\/2019\/01\/bicaq_78458.jpg",482,361,false]},"rttpg_author":{"display_name":"V\u00fcsal Rafiqo\u011flu","author_link":"https:\/\/arantv.az\/?author=2"},"rttpg_comment":0,"rttpg_category":"<a href=\"https:\/\/arantv.az\/?cat=3\" rel=\"category\">Kriminal<\/a>","rttpg_excerpt":"\u015eabran rayonunda q\u0259sd\u0259n adam \u00f6ld\u00fcrm\u0259y\u0259 c\u0259hd hadis\u0259si ba\u015f verib. ARANTV.AZ x\u0259b\u0259r verir ki, rayon prokurorlu\u011fundan\u00a0Trend-\u0259 veril\u0259n m\u0259lumata g\u00f6r\u0259, hadis\u0259 yanvar\u0131n 30-da rayon \u0259razisind\u0259ki &#8220;Ayg\u00fcnl\u00fc&#8221; Ticar\u0259t M\u0259rk\u0259zinin qar\u015f\u0131s\u0131nda ba\u015f verib. Rayonun Ayg\u00fcnl\u00fc k\u0259nd sakini, 1986-c\u0131 il t\u0259v\u0259ll\u00fcdl\u00fc El\u00e7in \u015e\u00fck\u00fcrov sol bazu s\u00fcm\u00fcy\u00fc v\u0259 qar\u0131n bo\u015flu\u011funa ke\u00e7\u0259n, sol b\u00f6yr\u0259yin z\u0259d\u0259l\u0259nm\u0259si, k\u0259silmi\u015f-de\u015filmi\u015f yaras\u0131 il\u0259 \u015eabran Rayon M\u0259rk\u0259zi X\u0259st\u0259xanas\u0131na&hellip;","_links":{"self":[{"href":"https:\/\/arantv.az\/index.php?rest_route=\/wp\/v2\/posts\/36097"}],"collection":[{"href":"https:\/\/arantv.az\/index.php?rest_route=\/wp\/v2\/posts"}],"about":[{"href":"https:\/\/arantv.az\/index.php?rest_route=\/wp\/v2\/types\/post"}],"author":[{"embeddable":true,"href":"https:\/\/arantv.az\/index.php?rest_route=\/wp\/v2\/users\/2"}],"replies":[{"embeddable":true,"href":"https:\/\/arantv.az\/index.php?rest_route=%2Fwp%2Fv2%2Fcomments&post=36097"}],"version-history":[{"count":0,"href":"https:\/\/arantv.az\/index.php?rest_route=\/wp\/v2\/posts\/36097\/revisions"}],"wp:featuredmedia":[{"embeddable":true,"href":"https:\/\/arantv.az\/index.php?rest_route=\/wp\/v2\/media\/36098"}],"wp:attachment":[{"href":"https:\/\/arantv.az\/index.php?rest_route=%2Fwp%2Fv2%2Fmedia&parent=36097"}],"wp:term":[{"taxonomy":"category","embeddable":true,"href":"https:\/\/arantv.az\/index.php?rest_route=%2Fwp%2Fv2%2Fcategories&post=36097"},{"taxonomy":"post_tag","embeddable":true,"href":"https:\/\/arantv.az\/index.php?rest_route=%2Fwp%2Fv2%2Ftags&post=36097"}],"curies":[{"name":"wp","href":"https:\/\/api.w.org\/{rel}","templated":true}]}}