{"id":36101,"date":"2019-01-31T13:13:33","date_gmt":"2019-01-31T10:13:33","guid":{"rendered":"http:\/\/arantv.az\/?p=36101"},"modified":"2019-01-31T13:13:33","modified_gmt":"2019-01-31T10:13:33","slug":"komit%c9%99-yaxin-s%c9%99rqd%c9%99-500-d%c9%99n-cox-az%c9%99rbaycanli-olub-21-usaq-kims%c9%99siz-qalib","status":"publish","type":"post","link":"https:\/\/arantv.az\/?p=36101","title":{"rendered":"Komit\u0259: &#8220;Yax\u0131n \u015e\u0259rqd\u0259 500-d\u0259n \u00e7ox az\u0259rbaycanl\u0131 \u00f6l\u00fcb, 21 u\u015faq kims\u0259siz qal\u0131b&#8221;"},"content":{"rendered":"<blockquote><p><em><strong>Radikal dini qrupla\u015fmalar\u0131n t\u0259rkibind\u0259 Yax\u0131n \u015e\u0259rq \u00f6lk\u0259l\u0259rind\u0259 vuru\u015fan v\u0259 \u00f6l\u0259n \u015f\u0259xsl\u0259rin qad\u0131n v\u0259 u\u015faqlar\u0131n\u0131n Az\u0259rbaycana g\u0259tirilm\u0259si istiqam\u0259tind\u0259 bir s\u0131ra d\u00f6vl\u0259tl\u0259rl\u0259 dan\u0131\u015f\u0131qlar apar\u0131l\u0131r.<\/strong><\/em><\/p><\/blockquote>\n<p><strong>ARANTV.AZ<\/strong> trend-\u0259 istinad\u0259n x\u0259b\u0259r verir ki, bunu Dini Qurumlarla \u0130\u015f \u00fczr\u0259 D\u00f6vl\u0259t Komit\u0259sinin s\u0259dr m\u00fcavini S\u0259yavu\u015f Heyd\u0259rov &#8220;Dini v\u0259 ideoloji t\u0259hl\u00fck\u0259sizlik&#8221; m\u00f6vzusunda ke\u00e7iril\u0259n seminar-m\u00fc\u015favir\u0259d\u0259 \u00e7\u0131x\u0131\u015f\u0131 zaman\u0131 deyib.<\/p>\n<p>Onun s\u00f6zl\u0259rin\u0259 g\u00f6r\u0259, radikal qrupla\u015fmalar\u0131n t\u0259rkibind\u0259 Yax\u0131n \u015e\u0259rq \u00f6lk\u0259l\u0259rind\u0259 vuru\u015fan 1000-d\u0259n art\u0131q az\u0259rbaycanl\u0131 olub: &#8220;Onlar\u0131n 500-d\u0259n \u00e7oxu orada \u00f6l\u00fcb, 477 n\u0259f\u0259rin v\u0259t\u0259nda\u015fl\u0131\u011f\u0131 l\u0259\u011fv edilib. Valideynl\u0259ri h\u0259min d\u00f6y\u00fc\u015fl\u0259rd\u0259 \u00f6l\u0259n 21 u\u015faq kims\u0259siz qal\u0131b v\u0259 onlar Az\u0259rbaycana g\u0259tirilib, yax\u0131nlar\u0131na q\u0259yyumlu\u011fa verilib. Orada h\u0259l\u0259 d\u0259 qad\u0131nlar v\u0259 u\u015faqlar var, onlar\u0131n g\u0259tirilm\u0259si istiqam\u0259tind\u0259 dan\u0131\u015f\u0131qlar gedir. H\u0259l\u0259lik onlar\u0131n verilm\u0259si il\u0259 ba\u011fl\u0131 problem var. H\u0259bsd\u0259 olan v\u0259 d\u00f6y\u00fc\u015fl\u0259rd\u0259 i\u015ftirak etdiyi \u00fc\u00e7\u00fcn edam olunan qad\u0131nlar da var. B\u0259zil\u0259rinin m\u0259hk\u0259m\u0259si gedir. Qad\u0131nlar da \u00f6z\u00fcnd\u0259n as\u0131l\u0131 olmadan \u0259rl\u0259rinin t\u0259siri n\u0259tic\u0259sind\u0259 ora gedib&#8221;.<\/p>\n<div id=\"AdributorNativeVideo0\" class=\"AdributorNativeVideo\"><\/div>\n<p>S.Heyd\u0259rov qeyd edib ki, radikal qrupla\u015fmalar\u0131n t\u0259rkibind\u0259 vuru\u015faraq \u00f6l\u0259n \u015f\u0259xsl\u0259rin yax\u0131nlar\u0131, qad\u0131nlar\u0131, u\u015faqlar\u0131 bu g\u00fcn Az\u0259rbaycana g\u0259l\u0259 bilmirl\u0259r: &#8220;H\u0259min qruplar\u0131n \u00f6z qaydalar\u0131 var. \u018fr \u00f6l\u00fcrs\u0259, qad\u0131n, ana, bac\u0131 v\u0259 u\u015faqlar orada qalmal\u0131 v\u0259 ki\u015fi m\u00fccahidl\u0259r\u0259 xidm\u0259t etm\u0259lidir. Bu, qeyr\u0259tdirmi, islamd\u0131rm\u0131? T\u0259\u0259ss\u00fcf ki, bunun da\u015f\u0131y\u0131c\u0131lar\u0131 c\u0259miyy\u0259timizd\u0259 var&#8221;.<\/p>\n","protected":false},"excerpt":{"rendered":"<p>Radikal dini qrupla\u015fmalar\u0131n t\u0259rkibind\u0259 Yax\u0131n \u015e\u0259rq \u00f6lk\u0259l\u0259rind\u0259 vuru\u015fan v\u0259 \u00f6l\u0259n \u015f\u0259xsl\u0259rin qad\u0131n v\u0259 u\u015faqlar\u0131n\u0131n Az\u0259rbaycana g\u0259tirilm\u0259si istiqam\u0259tind\u0259 bir s\u0131ra d\u00f6vl\u0259tl\u0259rl\u0259 dan\u0131\u015f\u0131qlar apar\u0131l\u0131r. ARANTV.AZ trend-\u0259 istinad\u0259n x\u0259b\u0259r verir ki, bunu Dini Qurumlarla \u0130\u015f \u00fczr\u0259 D\u00f6vl\u0259t Komit\u0259sinin s\u0259dr m\u00fcavini S\u0259yavu\u015f Heyd\u0259rov &#8220;Dini v\u0259 ideoloji t\u0259hl\u00fck\u0259sizlik&#8221; m\u00f6vzusunda ke\u00e7iril\u0259n seminar-m\u00fc\u015favir\u0259d\u0259 \u00e7\u0131x\u0131\u015f\u0131 zaman\u0131 deyib. Onun s\u00f6zl\u0259rin\u0259 g\u00f6r\u0259, radikal qrupla\u015fmalar\u0131n t\u0259rkibind\u0259 Yax\u0131n \u015e\u0259rq \u00f6lk\u0259l\u0259rind\u0259 vuru\u015fan 1000-d\u0259n art\u0131q az\u0259rbaycanl\u0131 olub: &#8220;Onlar\u0131n 500-d\u0259n \u00e7oxu orada \u00f6l\u00fcb, 477 n\u0259f\u0259rin v\u0259t\u0259nda\u015fl\u0131\u011f\u0131 l\u0259\u011fv edilib. Valideynl\u0259ri h\u0259min d\u00f6y\u00fc\u015fl\u0259rd\u0259 \u00f6l\u0259n 21 u\u015faq kims\u0259siz qal\u0131b v\u0259 onlar Az\u0259rbaycana g\u0259tirilib, yax\u0131nlar\u0131na q\u0259yyumlu\u011fa verilib. Orada h\u0259l\u0259&hellip;<\/p>\n","protected":false},"author":2,"featured_media":36102,"comment_status":"closed","ping_status":"closed","sticky":false,"template":"","format":"standard","meta":{"om_disable_all_campaigns":false,"_monsterinsights_skip_tracking":false,"_monsterinsights_sitenote_active":false,"_monsterinsights_sitenote_note":"","_monsterinsights_sitenote_category":0},"categories":[1],"tags":[],"aioseo_notices":[],"gutentor_comment":0,"rttpg_featured_image_url":{"full":["https:\/\/arantv.az\/wp-content\/uploads\/2019\/01\/726326.jpg",800,600,false],"landscape":["https:\/\/arantv.az\/wp-content\/uploads\/2019\/01\/726326.jpg",800,600,false],"portraits":["https:\/\/arantv.az\/wp-content\/uploads\/2019\/01\/726326.jpg",800,600,false],"thumbnail":["https:\/\/arantv.az\/wp-content\/uploads\/2019\/01\/726326-150x150.jpg",150,150,true],"medium":["https:\/\/arantv.az\/wp-content\/uploads\/2019\/01\/726326-300x225.jpg",300,225,true],"large":["https:\/\/arantv.az\/wp-content\/uploads\/2019\/01\/726326.jpg",640,480,false],"1536x1536":["https:\/\/arantv.az\/wp-content\/uploads\/2019\/01\/726326.jpg",800,600,false],"2048x2048":["https:\/\/arantv.az\/wp-content\/uploads\/2019\/01\/726326.jpg",800,600,false],"post-thumbnail":["https:\/\/arantv.az\/wp-content\/uploads\/2019\/01\/726326-240x172.jpg",240,172,true],"advps-thumb-one":["https:\/\/arantv.az\/wp-content\/uploads\/2019\/01\/726326.jpg",800,600,false]},"rttpg_author":{"display_name":"V\u00fcsal Rafiqo\u011flu","author_link":"https:\/\/arantv.az\/?author=2"},"rttpg_comment":0,"rttpg_category":"<a href=\"https:\/\/arantv.az\/?cat=1\" rel=\"category\">C\u0259miyy\u0259t<\/a>","rttpg_excerpt":"Radikal dini qrupla\u015fmalar\u0131n t\u0259rkibind\u0259 Yax\u0131n \u015e\u0259rq \u00f6lk\u0259l\u0259rind\u0259 vuru\u015fan v\u0259 \u00f6l\u0259n \u015f\u0259xsl\u0259rin qad\u0131n v\u0259 u\u015faqlar\u0131n\u0131n Az\u0259rbaycana g\u0259tirilm\u0259si istiqam\u0259tind\u0259 bir s\u0131ra d\u00f6vl\u0259tl\u0259rl\u0259 dan\u0131\u015f\u0131qlar apar\u0131l\u0131r. ARANTV.AZ trend-\u0259 istinad\u0259n x\u0259b\u0259r verir ki, bunu Dini Qurumlarla \u0130\u015f \u00fczr\u0259 D\u00f6vl\u0259t Komit\u0259sinin s\u0259dr m\u00fcavini S\u0259yavu\u015f Heyd\u0259rov &#8220;Dini v\u0259 ideoloji t\u0259hl\u00fck\u0259sizlik&#8221; m\u00f6vzusunda ke\u00e7iril\u0259n seminar-m\u00fc\u015favir\u0259d\u0259 \u00e7\u0131x\u0131\u015f\u0131 zaman\u0131 deyib. Onun s\u00f6zl\u0259rin\u0259 g\u00f6r\u0259, radikal qrupla\u015fmalar\u0131n t\u0259rkibind\u0259&hellip;","_links":{"self":[{"href":"https:\/\/arantv.az\/index.php?rest_route=\/wp\/v2\/posts\/36101"}],"collection":[{"href":"https:\/\/arantv.az\/index.php?rest_route=\/wp\/v2\/posts"}],"about":[{"href":"https:\/\/arantv.az\/index.php?rest_route=\/wp\/v2\/types\/post"}],"author":[{"embeddable":true,"href":"https:\/\/arantv.az\/index.php?rest_route=\/wp\/v2\/users\/2"}],"replies":[{"embeddable":true,"href":"https:\/\/arantv.az\/index.php?rest_route=%2Fwp%2Fv2%2Fcomments&post=36101"}],"version-history":[{"count":0,"href":"https:\/\/arantv.az\/index.php?rest_route=\/wp\/v2\/posts\/36101\/revisions"}],"wp:featuredmedia":[{"embeddable":true,"href":"https:\/\/arantv.az\/index.php?rest_route=\/wp\/v2\/media\/36102"}],"wp:attachment":[{"href":"https:\/\/arantv.az\/index.php?rest_route=%2Fwp%2Fv2%2Fmedia&parent=36101"}],"wp:term":[{"taxonomy":"category","embeddable":true,"href":"https:\/\/arantv.az\/index.php?rest_route=%2Fwp%2Fv2%2Fcategories&post=36101"},{"taxonomy":"post_tag","embeddable":true,"href":"https:\/\/arantv.az\/index.php?rest_route=%2Fwp%2Fv2%2Ftags&post=36101"}],"curies":[{"name":"wp","href":"https:\/\/api.w.org\/{rel}","templated":true}]}}