{"id":36105,"date":"2019-01-31T13:20:12","date_gmt":"2019-01-31T10:20:12","guid":{"rendered":"http:\/\/arantv.az\/?p=36105"},"modified":"2019-01-31T13:20:12","modified_gmt":"2019-01-31T10:20:12","slug":"%c9%99li-%c9%99hm%c9%99dov-az%c9%99rbaycanda-qeyri-neft-sektorunun-daha-yuks%c9%99k-inkisafi-ucun-z%c9%99min-movcuddur","status":"publish","type":"post","link":"https:\/\/arantv.az\/?p=36105","title":{"rendered":"\u018fli \u018fhm\u0259dov: &#8220;Az\u0259rbaycanda qeyri-neft sektorunun daha y\u00fcks\u0259k inki\u015faf\u0131 \u00fc\u00e7\u00fcn z\u0259min m\u00f6vcuddur&#8221;"},"content":{"rendered":"<p><strong>Bu g\u00fcn Yeni Az\u0259rbaycan Pariyas\u0131nda (YAP) partiya \u00fczv\u00fc olan deputatlarla g\u00f6r\u00fc\u015f ke\u00e7irilib.<\/strong><\/p>\n<p><strong>ARANTV.AZ<\/strong> trend-\u0259 istinad\u0259n x\u0259b\u0259r verir ki, t\u0259dbird\u0259 \u00e7\u0131x\u0131\u015f ed\u0259n Ba\u015f nazirin m\u00fcavini, Yeni Az\u0259rbaycan Partiyas\u0131n\u0131n icra katibi &#8211; s\u0259dr m\u00fcavini \u018fli \u018fhm\u0259dov bildirib ki, g\u00f6r\u00fc\u015f\u00fcn m\u0259qs\u0259di YAP-\u0131n g\u0259l\u0259c\u0259k f\u0259aliyy\u0259tind\u0259 hans\u0131 add\u0131mlar\u0131n at\u0131laca\u011f\u0131 v\u0259 dig\u0259r m\u0259s\u0259l\u0259l\u0259r bar\u0259sind\u0259 m\u00fczakir\u0259 aparmaqdan ibar\u0259tdir.<\/p>\n<p>Ba\u015f nazirin m\u00fcavini qeyd edib ki, 2018-ci ilin yekunlar\u0131 v\u0259 2019-cu ild\u0259 qar\u015f\u0131da duran v\u0259zif\u0259l\u0259rl\u0259 ba\u011fl\u0131 Prezident \u0130lham \u018fliyevin Nazirl\u0259r Kabinetinin iclas\u0131nda v\u0259 Regionlar\u0131n sosial-iqtisadi inki\u015faf\u0131na h\u0259sr edilmi\u015f toplant\u0131da verdiyi d\u0259y\u0259rl\u0259ndirm\u0259l\u0259r b\u00fct\u00f6vl\u00fckd\u0259 ilin yekununa veril\u0259n \u0259n \u0259hat\u0259li v\u0259 d\u00fczg\u00fcn qiym\u0259tdir:<\/p>\n<p>&#8220;Prezidentin bu toplant\u0131larda s\u0259sl\u0259ndirdiyi \u0259sas ideyalar, fikirl\u0259r ondan ibar\u0259tdir ki, 2018-ci il kifay\u0259t q\u0259d\u0259r u\u011furlu il kimi tariximiz\u0259 daxil olub, qar\u015f\u0131ya qoyulan v\u0259zif\u0259l\u0259r laz\u0131mi s\u0259viyy\u0259d\u0259 yerin\u0259 yetirilib, g\u00f6t\u00fcr\u00fcl\u0259n \u00f6hd\u0259likl\u0259r art\u0131qlamas\u0131 il\u0259 icra olunub. 2018-ci ild\u0259 Az\u0259rbaycan\u0131n davaml\u0131 v\u0259 dinamik inki\u015faf\u0131 davam edib, Az\u0259rbaycanda bir ne\u00e7\u0259 il \u00f6nc\u0259 Prezident \u0130lham \u018fliyevin t\u0259\u015f\u0259bb\u00fcs\u00fc il\u0259 ba\u015flanan islahatlar \u00f6z b\u0259hr\u0259sini art\u0131q verm\u0259kd\u0259dir, n\u0259tic\u0259l\u0259ri g\u00f6r\u00fcn\u00fcr v\u0259 bundan sonra y\u0259qin ki, daha art\u0131q r\u0259q\u0259ml\u0259rl\u0259 ifad\u0259 olunan formada \u00f6z\u00fcn\u00fc g\u00f6st\u0259r\u0259c\u0259k&#8221;.<\/p>\n<p>\u018f.\u018fhm\u0259dov vur\u011fulay\u0131b ki, Az\u0259rbaycan iqtisadiyyat\u0131n\u0131n \u015fax\u0259l\u0259ndirilm\u0259si istiqam\u0259tind\u0259 h\u0259yata ke\u00e7iril\u0259n t\u0259dbirl\u0259r \u00f6z b\u0259hr\u0259sini verm\u0259kd\u0259dir: &#8220;Bu istiqam\u0259td\u0259 at\u0131lan add\u0131mlar Az\u0259rbaycanda qeyri-neft sektorunun inki\u015faf\u0131n\u0131 t\u0259min edib v\u0259 bundan sonra da qeyri-neft sektorunun daha y\u00fcks\u0259k inki\u015faf\u0131 \u00fc\u00e7\u00fcn z\u0259min m\u00f6vcuddur. Eyni zamanda qar\u015f\u0131m\u0131zda Az\u0259rbaycan Prezidentinin g\u0259l\u0259c\u0259k d\u00f6vrl\u0259 ba\u011fl\u0131 m\u00fc\u0259yy\u0259nl\u0259\u015fdirdiyi proqramlar m\u00f6vcuddur v\u0259 bu proqramlar\u0131n h\u0259yata ke\u00e7irilm\u0259si il\u0259 \u0259laq\u0259dar resurslar s\u0259f\u0259rb\u0259r edilir. Bundan \u0259vv\u0259lki ill\u0259rd\u0259ki proqramlar h\u0259yata ke\u00e7irildiyi kimi, qar\u015f\u0131da duran proqramlar\u0131n da yerin\u0259 yetirilm\u0259si \u00fc\u00e7\u00fcn b\u00fct\u00fcn imkanlar m\u00f6vcuddur&#8221;.<\/p>\n","protected":false},"excerpt":{"rendered":"<p>Bu g\u00fcn Yeni Az\u0259rbaycan Pariyas\u0131nda (YAP) partiya \u00fczv\u00fc olan deputatlarla g\u00f6r\u00fc\u015f ke\u00e7irilib. ARANTV.AZ trend-\u0259 istinad\u0259n x\u0259b\u0259r verir ki, t\u0259dbird\u0259 \u00e7\u0131x\u0131\u015f ed\u0259n Ba\u015f nazirin m\u00fcavini, Yeni Az\u0259rbaycan Partiyas\u0131n\u0131n icra katibi &#8211; s\u0259dr m\u00fcavini \u018fli \u018fhm\u0259dov bildirib ki, g\u00f6r\u00fc\u015f\u00fcn m\u0259qs\u0259di YAP-\u0131n g\u0259l\u0259c\u0259k f\u0259aliyy\u0259tind\u0259 hans\u0131 add\u0131mlar\u0131n at\u0131laca\u011f\u0131 v\u0259 dig\u0259r m\u0259s\u0259l\u0259l\u0259r bar\u0259sind\u0259 m\u00fczakir\u0259 aparmaqdan ibar\u0259tdir. Ba\u015f nazirin m\u00fcavini qeyd edib ki, 2018-ci ilin yekunlar\u0131 v\u0259 2019-cu ild\u0259 qar\u015f\u0131da duran v\u0259zif\u0259l\u0259rl\u0259 ba\u011fl\u0131 Prezident \u0130lham \u018fliyevin Nazirl\u0259r Kabinetinin iclas\u0131nda v\u0259 Regionlar\u0131n sosial-iqtisadi inki\u015faf\u0131na h\u0259sr edilmi\u015f toplant\u0131da verdiyi d\u0259y\u0259rl\u0259ndirm\u0259l\u0259r b\u00fct\u00f6vl\u00fckd\u0259 ilin yekununa veril\u0259n \u0259n \u0259hat\u0259li v\u0259 d\u00fczg\u00fcn&hellip;<\/p>\n","protected":false},"author":2,"featured_media":36106,"comment_status":"closed","ping_status":"closed","sticky":false,"template":"","format":"standard","meta":{"om_disable_all_campaigns":false,"_monsterinsights_skip_tracking":false,"_monsterinsights_sitenote_active":false,"_monsterinsights_sitenote_note":"","_monsterinsights_sitenote_category":0},"categories":[4],"tags":[],"aioseo_notices":[],"gutentor_comment":0,"rttpg_featured_image_url":{"full":["https:\/\/arantv.az\/wp-content\/uploads\/2019\/01\/726343.jpg",800,600,false],"landscape":["https:\/\/arantv.az\/wp-content\/uploads\/2019\/01\/726343.jpg",800,600,false],"portraits":["https:\/\/arantv.az\/wp-content\/uploads\/2019\/01\/726343.jpg",800,600,false],"thumbnail":["https:\/\/arantv.az\/wp-content\/uploads\/2019\/01\/726343-150x150.jpg",150,150,true],"medium":["https:\/\/arantv.az\/wp-content\/uploads\/2019\/01\/726343-300x225.jpg",300,225,true],"large":["https:\/\/arantv.az\/wp-content\/uploads\/2019\/01\/726343.jpg",640,480,false],"1536x1536":["https:\/\/arantv.az\/wp-content\/uploads\/2019\/01\/726343.jpg",800,600,false],"2048x2048":["https:\/\/arantv.az\/wp-content\/uploads\/2019\/01\/726343.jpg",800,600,false],"post-thumbnail":["https:\/\/arantv.az\/wp-content\/uploads\/2019\/01\/726343-240x172.jpg",240,172,true],"advps-thumb-one":["https:\/\/arantv.az\/wp-content\/uploads\/2019\/01\/726343.jpg",800,600,false]},"rttpg_author":{"display_name":"V\u00fcsal Rafiqo\u011flu","author_link":"https:\/\/arantv.az\/?author=2"},"rttpg_comment":0,"rttpg_category":"<a href=\"https:\/\/arantv.az\/?cat=4\" rel=\"category\">Siyas\u0259t<\/a>","rttpg_excerpt":"Bu g\u00fcn Yeni Az\u0259rbaycan Pariyas\u0131nda (YAP) partiya \u00fczv\u00fc olan deputatlarla g\u00f6r\u00fc\u015f ke\u00e7irilib. ARANTV.AZ trend-\u0259 istinad\u0259n x\u0259b\u0259r verir ki, t\u0259dbird\u0259 \u00e7\u0131x\u0131\u015f ed\u0259n Ba\u015f nazirin m\u00fcavini, Yeni Az\u0259rbaycan Partiyas\u0131n\u0131n icra katibi &#8211; s\u0259dr m\u00fcavini \u018fli \u018fhm\u0259dov bildirib ki, g\u00f6r\u00fc\u015f\u00fcn m\u0259qs\u0259di YAP-\u0131n g\u0259l\u0259c\u0259k f\u0259aliyy\u0259tind\u0259 hans\u0131 add\u0131mlar\u0131n at\u0131laca\u011f\u0131 v\u0259 dig\u0259r m\u0259s\u0259l\u0259l\u0259r bar\u0259sind\u0259 m\u00fczakir\u0259 aparmaqdan ibar\u0259tdir. Ba\u015f nazirin m\u00fcavini qeyd&hellip;","_links":{"self":[{"href":"https:\/\/arantv.az\/index.php?rest_route=\/wp\/v2\/posts\/36105"}],"collection":[{"href":"https:\/\/arantv.az\/index.php?rest_route=\/wp\/v2\/posts"}],"about":[{"href":"https:\/\/arantv.az\/index.php?rest_route=\/wp\/v2\/types\/post"}],"author":[{"embeddable":true,"href":"https:\/\/arantv.az\/index.php?rest_route=\/wp\/v2\/users\/2"}],"replies":[{"embeddable":true,"href":"https:\/\/arantv.az\/index.php?rest_route=%2Fwp%2Fv2%2Fcomments&post=36105"}],"version-history":[{"count":0,"href":"https:\/\/arantv.az\/index.php?rest_route=\/wp\/v2\/posts\/36105\/revisions"}],"wp:featuredmedia":[{"embeddable":true,"href":"https:\/\/arantv.az\/index.php?rest_route=\/wp\/v2\/media\/36106"}],"wp:attachment":[{"href":"https:\/\/arantv.az\/index.php?rest_route=%2Fwp%2Fv2%2Fmedia&parent=36105"}],"wp:term":[{"taxonomy":"category","embeddable":true,"href":"https:\/\/arantv.az\/index.php?rest_route=%2Fwp%2Fv2%2Fcategories&post=36105"},{"taxonomy":"post_tag","embeddable":true,"href":"https:\/\/arantv.az\/index.php?rest_route=%2Fwp%2Fv2%2Ftags&post=36105"}],"curies":[{"name":"wp","href":"https:\/\/api.w.org\/{rel}","templated":true}]}}