{"id":36121,"date":"2019-01-31T14:38:58","date_gmt":"2019-01-31T11:38:58","guid":{"rendered":"http:\/\/arantv.az\/?p=36121"},"modified":"2019-01-31T14:38:58","modified_gmt":"2019-01-31T11:38:58","slug":"qida-t%c9%99hluk%c9%99sizliyi-qanunla-t%c9%99nziml%c9%99n%c9%99c%c9%99k","status":"publish","type":"post","link":"https:\/\/arantv.az\/?p=36121","title":{"rendered":"Qida t\u0259hl\u00fck\u0259sizliyi qanunla t\u0259nziml\u0259n\u0259c\u0259k"},"content":{"rendered":"<p>Qida t\u0259hl\u00fck\u0259sizliyi il\u0259 ba\u011fl\u0131 ayr\u0131ca m\u00fcst\u0259qil qanun olacaq.<\/p>\n<p><strong>ARANTV.AZ<\/strong>-\u0131n x\u0259b\u0259rin\u0259 g\u00f6r\u0259, bu bar\u0259d\u0259 Milli M\u0259clisin (MM) Aqrar siyas\u0259t komit\u0259sinin s\u0259dri, professor Eldar \u0130brahimov parlamentin qar\u015f\u0131dan g\u0259l\u0259n 2019-cu il yaz sessiyas\u0131 il\u0259 ba\u011fl\u0131 ad\u0131\u00e7\u0259kil\u0259n komit\u0259nin yanvar\u0131n 31-d\u0259 ke\u00e7iril\u0259n ilk iclas\u0131nda m\u0259lumat verib.<\/p>\n<p>O\u00a0qeyd edib ki, yaz sessiyas\u0131 d\u00f6vr\u00fcnd\u0259 komit\u0259y\u0259 \u201cQida t\u0259hl\u00fck\u0259sizliyi haqq\u0131nda\u201d yeni qanun layih\u0259sinin t\u0259qdim edilm\u0259si g\u00f6zl\u0259nilir:<\/p>\n<div id=\"AdributorNativeVideo0\" class=\"AdributorNativeVideo\"><\/div>\n<p>\u201cHesab edir\u0259m ki, bel\u0259 bir qanun layih\u0259sinin q\u0259buluna ehtiyac var. \u00c7ox g\u00fcman ki, yaz sessiyas\u0131 d\u00f6vr\u00fcnd\u0259 bu s\u0259n\u0259dl\u0259 ba\u011fl\u0131 \u0259n az\u0131 ilkin m\u00fczakir\u0259l\u0259ri apara bil\u0259c\u0259yik\u201d.oxu.az<\/p>\n","protected":false},"excerpt":{"rendered":"<p>Qida t\u0259hl\u00fck\u0259sizliyi il\u0259 ba\u011fl\u0131 ayr\u0131ca m\u00fcst\u0259qil qanun olacaq. ARANTV.AZ-\u0131n x\u0259b\u0259rin\u0259 g\u00f6r\u0259, bu bar\u0259d\u0259 Milli M\u0259clisin (MM) Aqrar siyas\u0259t komit\u0259sinin s\u0259dri, professor Eldar \u0130brahimov parlamentin qar\u015f\u0131dan g\u0259l\u0259n 2019-cu il yaz sessiyas\u0131 il\u0259 ba\u011fl\u0131 ad\u0131\u00e7\u0259kil\u0259n komit\u0259nin yanvar\u0131n 31-d\u0259 ke\u00e7iril\u0259n ilk iclas\u0131nda m\u0259lumat verib. O\u00a0qeyd edib ki, yaz sessiyas\u0131 d\u00f6vr\u00fcnd\u0259 komit\u0259y\u0259 \u201cQida t\u0259hl\u00fck\u0259sizliyi haqq\u0131nda\u201d yeni qanun layih\u0259sinin t\u0259qdim edilm\u0259si g\u00f6zl\u0259nilir: \u201cHesab edir\u0259m ki, bel\u0259 bir qanun layih\u0259sinin q\u0259buluna ehtiyac var. \u00c7ox g\u00fcman ki, yaz sessiyas\u0131 d\u00f6vr\u00fcnd\u0259 bu s\u0259n\u0259dl\u0259 ba\u011fl\u0131 \u0259n az\u0131 ilkin m\u00fczakir\u0259l\u0259ri apara bil\u0259c\u0259yik\u201d.oxu.az<\/p>\n","protected":false},"author":2,"featured_media":36122,"comment_status":"closed","ping_status":"closed","sticky":false,"template":"","format":"standard","meta":{"om_disable_all_campaigns":false,"_monsterinsights_skip_tracking":false,"_monsterinsights_sitenote_active":false,"_monsterinsights_sitenote_note":"","_monsterinsights_sitenote_category":0},"categories":[1],"tags":[],"aioseo_notices":[],"gutentor_comment":0,"rttpg_featured_image_url":{"full":["https:\/\/arantv.az\/wp-content\/uploads\/2019\/01\/14867400073527859446_1000x669.jpg",620,412,false],"landscape":["https:\/\/arantv.az\/wp-content\/uploads\/2019\/01\/14867400073527859446_1000x669.jpg",620,412,false],"portraits":["https:\/\/arantv.az\/wp-content\/uploads\/2019\/01\/14867400073527859446_1000x669.jpg",620,412,false],"thumbnail":["https:\/\/arantv.az\/wp-content\/uploads\/2019\/01\/14867400073527859446_1000x669-150x150.jpg",150,150,true],"medium":["https:\/\/arantv.az\/wp-content\/uploads\/2019\/01\/14867400073527859446_1000x669-300x199.jpg",300,199,true],"large":["https:\/\/arantv.az\/wp-content\/uploads\/2019\/01\/14867400073527859446_1000x669.jpg",620,412,false],"1536x1536":["https:\/\/arantv.az\/wp-content\/uploads\/2019\/01\/14867400073527859446_1000x669.jpg",620,412,false],"2048x2048":["https:\/\/arantv.az\/wp-content\/uploads\/2019\/01\/14867400073527859446_1000x669.jpg",620,412,false],"post-thumbnail":["https:\/\/arantv.az\/wp-content\/uploads\/2019\/01\/14867400073527859446_1000x669-240x172.jpg",240,172,true],"advps-thumb-one":["https:\/\/arantv.az\/wp-content\/uploads\/2019\/01\/14867400073527859446_1000x669.jpg",620,412,false]},"rttpg_author":{"display_name":"V\u00fcsal Rafiqo\u011flu","author_link":"https:\/\/arantv.az\/?author=2"},"rttpg_comment":0,"rttpg_category":"<a href=\"https:\/\/arantv.az\/?cat=1\" rel=\"category\">C\u0259miyy\u0259t<\/a>","rttpg_excerpt":"Qida t\u0259hl\u00fck\u0259sizliyi il\u0259 ba\u011fl\u0131 ayr\u0131ca m\u00fcst\u0259qil qanun olacaq. ARANTV.AZ-\u0131n x\u0259b\u0259rin\u0259 g\u00f6r\u0259, bu bar\u0259d\u0259 Milli M\u0259clisin (MM) Aqrar siyas\u0259t komit\u0259sinin s\u0259dri, professor Eldar \u0130brahimov parlamentin qar\u015f\u0131dan g\u0259l\u0259n 2019-cu il yaz sessiyas\u0131 il\u0259 ba\u011fl\u0131 ad\u0131\u00e7\u0259kil\u0259n komit\u0259nin yanvar\u0131n 31-d\u0259 ke\u00e7iril\u0259n ilk iclas\u0131nda m\u0259lumat verib. O\u00a0qeyd edib ki, yaz sessiyas\u0131 d\u00f6vr\u00fcnd\u0259 komit\u0259y\u0259 \u201cQida t\u0259hl\u00fck\u0259sizliyi haqq\u0131nda\u201d yeni qanun layih\u0259sinin t\u0259qdim&hellip;","_links":{"self":[{"href":"https:\/\/arantv.az\/index.php?rest_route=\/wp\/v2\/posts\/36121"}],"collection":[{"href":"https:\/\/arantv.az\/index.php?rest_route=\/wp\/v2\/posts"}],"about":[{"href":"https:\/\/arantv.az\/index.php?rest_route=\/wp\/v2\/types\/post"}],"author":[{"embeddable":true,"href":"https:\/\/arantv.az\/index.php?rest_route=\/wp\/v2\/users\/2"}],"replies":[{"embeddable":true,"href":"https:\/\/arantv.az\/index.php?rest_route=%2Fwp%2Fv2%2Fcomments&post=36121"}],"version-history":[{"count":0,"href":"https:\/\/arantv.az\/index.php?rest_route=\/wp\/v2\/posts\/36121\/revisions"}],"wp:featuredmedia":[{"embeddable":true,"href":"https:\/\/arantv.az\/index.php?rest_route=\/wp\/v2\/media\/36122"}],"wp:attachment":[{"href":"https:\/\/arantv.az\/index.php?rest_route=%2Fwp%2Fv2%2Fmedia&parent=36121"}],"wp:term":[{"taxonomy":"category","embeddable":true,"href":"https:\/\/arantv.az\/index.php?rest_route=%2Fwp%2Fv2%2Fcategories&post=36121"},{"taxonomy":"post_tag","embeddable":true,"href":"https:\/\/arantv.az\/index.php?rest_route=%2Fwp%2Fv2%2Ftags&post=36121"}],"curies":[{"name":"wp","href":"https:\/\/api.w.org\/{rel}","templated":true}]}}