{"id":361502,"date":"2021-07-29T14:21:27","date_gmt":"2021-07-29T11:21:27","guid":{"rendered":"https:\/\/arantv.az\/?p=361502"},"modified":"2021-07-29T14:21:27","modified_gmt":"2021-07-29T11:21:27","slug":"postmuharib%c9%99-dovrund%c9%99-gost%c9%99ril%c9%99n-sosial-xidm%c9%99tl%c9%99rl%c9%99-bagli-konfrans-kecirilir-canli-yayim","status":"publish","type":"post","link":"https:\/\/arantv.az\/?p=361502","title":{"rendered":"Postm\u00fcharib\u0259 d\u00f6vr\u00fcnd\u0259 g\u00f6st\u0259ril\u0259n sosial xidm\u0259tl\u0259rl\u0259 ba\u011fl\u0131 konfrans ke\u00e7irilir &#8211; CANLI YAYIM"},"content":{"rendered":"<article class=\"news\">\n<div class=\"news-inner\">\n<p>\u018fm\u0259k v\u0259 \u018fhalinin Sosial M\u00fcdafi\u0259si Nazirliyinin tabeliyind\u0259 Sosial Xidm\u0259tl\u0259r Agentliyinin s\u0259dri V\u00fcqar Behbudov m\u0259tbuat konfrans\u0131 ke\u00e7irir.<\/p>\n<div id=\"AdviadNativeVideo0\" class=\"AdviadNativeVideo\"><\/div>\n<p><strong>ARANTV.AZ<\/strong>-\u0131n m\u0259lumat\u0131na g\u00f6r\u0259, konfrans postm\u00fcharib\u0259 d\u00f6vr\u00fcnd\u0259 g\u00f6st\u0259ril\u0259n sosial xidm\u0259tl\u0259r v\u0259 2021-ci ilin ilk yar\u0131s\u0131n\u0131n yekunlar\u0131na h\u0259sr olunub.<\/p>\n<div><iframe loading=\"lazy\" title=\"YouTube video player\" src=\"https:\/\/www.youtube.com\/embed\/Czv-8QbuJUo\" width=\"560\" height=\"315\" frameborder=\"0\" allowfullscreen=\"allowfullscreen\" data-mce-fragment=\"1\"><\/iframe><\/div>\n<\/div>\n<\/article>\n<h2 class=\"news-share-title\"><\/h2>\n","protected":false},"excerpt":{"rendered":"<p>\u018fm\u0259k v\u0259 \u018fhalinin Sosial M\u00fcdafi\u0259si Nazirliyinin tabeliyind\u0259 Sosial Xidm\u0259tl\u0259r Agentliyinin s\u0259dri V\u00fcqar Behbudov m\u0259tbuat konfrans\u0131 ke\u00e7irir. ARANTV.AZ-\u0131n m\u0259lumat\u0131na g\u00f6r\u0259, konfrans postm\u00fcharib\u0259 d\u00f6vr\u00fcnd\u0259 g\u00f6st\u0259ril\u0259n sosial xidm\u0259tl\u0259r v\u0259 2021-ci ilin ilk yar\u0131s\u0131n\u0131n yekunlar\u0131na h\u0259sr olunub.<\/p>\n","protected":false},"author":2,"featured_media":361503,"comment_status":"closed","ping_status":"closed","sticky":false,"template":"","format":"standard","meta":{"om_disable_all_campaigns":false,"_monsterinsights_skip_tracking":false,"_monsterinsights_sitenote_active":false,"_monsterinsights_sitenote_note":"","_monsterinsights_sitenote_category":0},"categories":[26],"tags":[],"aioseo_notices":[],"gutentor_comment":0,"rttpg_featured_image_url":{"full":["https:\/\/arantv.az\/wp-content\/uploads\/2021\/07\/1596716956_1596715843_sedr.jpg",883,669,false],"landscape":["https:\/\/arantv.az\/wp-content\/uploads\/2021\/07\/1596716956_1596715843_sedr.jpg",883,669,false],"portraits":["https:\/\/arantv.az\/wp-content\/uploads\/2021\/07\/1596716956_1596715843_sedr.jpg",883,669,false],"thumbnail":["https:\/\/arantv.az\/wp-content\/uploads\/2021\/07\/1596716956_1596715843_sedr-500x280.jpg",500,280,true],"medium":["https:\/\/arantv.az\/wp-content\/uploads\/2021\/07\/1596716956_1596715843_sedr-482x365.jpg",482,365,true],"large":["https:\/\/arantv.az\/wp-content\/uploads\/2021\/07\/1596716956_1596715843_sedr-840x636.jpg",640,485,true],"1536x1536":["https:\/\/arantv.az\/wp-content\/uploads\/2021\/07\/1596716956_1596715843_sedr.jpg",883,669,false],"2048x2048":["https:\/\/arantv.az\/wp-content\/uploads\/2021\/07\/1596716956_1596715843_sedr.jpg",883,669,false],"post-thumbnail":["https:\/\/arantv.az\/wp-content\/uploads\/2021\/07\/1596716956_1596715843_sedr-240x172.jpg",240,172,true],"advps-thumb-one":["https:\/\/arantv.az\/wp-content\/uploads\/2021\/07\/1596716956_1596715843_sedr-883x620.jpg",883,620,true]},"rttpg_author":{"display_name":"V\u00fcsal Rafiqo\u011flu","author_link":"https:\/\/arantv.az\/?author=2"},"rttpg_comment":0,"rttpg_category":"<a href=\"https:\/\/arantv.az\/?cat=26\" rel=\"category\">Sosial<\/a>","rttpg_excerpt":"\u018fm\u0259k v\u0259 \u018fhalinin Sosial M\u00fcdafi\u0259si Nazirliyinin tabeliyind\u0259 Sosial Xidm\u0259tl\u0259r Agentliyinin s\u0259dri V\u00fcqar Behbudov m\u0259tbuat konfrans\u0131 ke\u00e7irir. ARANTV.AZ-\u0131n m\u0259lumat\u0131na g\u00f6r\u0259, konfrans postm\u00fcharib\u0259 d\u00f6vr\u00fcnd\u0259 g\u00f6st\u0259ril\u0259n sosial xidm\u0259tl\u0259r v\u0259 2021-ci ilin ilk yar\u0131s\u0131n\u0131n yekunlar\u0131na h\u0259sr olunub.","_links":{"self":[{"href":"https:\/\/arantv.az\/index.php?rest_route=\/wp\/v2\/posts\/361502"}],"collection":[{"href":"https:\/\/arantv.az\/index.php?rest_route=\/wp\/v2\/posts"}],"about":[{"href":"https:\/\/arantv.az\/index.php?rest_route=\/wp\/v2\/types\/post"}],"author":[{"embeddable":true,"href":"https:\/\/arantv.az\/index.php?rest_route=\/wp\/v2\/users\/2"}],"replies":[{"embeddable":true,"href":"https:\/\/arantv.az\/index.php?rest_route=%2Fwp%2Fv2%2Fcomments&post=361502"}],"version-history":[{"count":0,"href":"https:\/\/arantv.az\/index.php?rest_route=\/wp\/v2\/posts\/361502\/revisions"}],"wp:featuredmedia":[{"embeddable":true,"href":"https:\/\/arantv.az\/index.php?rest_route=\/wp\/v2\/media\/361503"}],"wp:attachment":[{"href":"https:\/\/arantv.az\/index.php?rest_route=%2Fwp%2Fv2%2Fmedia&parent=361502"}],"wp:term":[{"taxonomy":"category","embeddable":true,"href":"https:\/\/arantv.az\/index.php?rest_route=%2Fwp%2Fv2%2Fcategories&post=361502"},{"taxonomy":"post_tag","embeddable":true,"href":"https:\/\/arantv.az\/index.php?rest_route=%2Fwp%2Fv2%2Ftags&post=361502"}],"curies":[{"name":"wp","href":"https:\/\/api.w.org\/{rel}","templated":true}]}}