{"id":361514,"date":"2021-07-29T14:24:34","date_gmt":"2021-07-29T11:24:34","guid":{"rendered":"https:\/\/arantv.az\/?p=361514"},"modified":"2021-07-29T14:24:34","modified_gmt":"2021-07-29T11:24:34","slug":"%c9%99qli-mulkiyy%c9%99t-agentliyind%c9%99-qalib-israfilov-il%c9%99-gorus-kecirilib","status":"publish","type":"post","link":"https:\/\/arantv.az\/?p=361514","title":{"rendered":"\u018fqli M\u00fclkiyy\u0259t Agentliyind\u0259 Qalib \u0130srafilov il\u0259 g\u00f6r\u00fc\u015f ke\u00e7irilib"},"content":{"rendered":"<p>\u0130yulun 29-da \u018fqli M\u00fclkiyy\u0259t Agentliyinin \u0130dar\u0259 Hey\u0259tinin s\u0259dri Kamran \u0130manov Az\u0259rbaycan Respublikas\u0131n\u0131n BMT-nin Cenevr\u0259 \u015f\u0259h\u0259rind\u0259ki b\u00f6lm\u0259sind\u0259 v\u0259 dig\u0259r beyn\u0259lxalq t\u0259\u015fkilatlar yan\u0131nda daimi n\u00fcmay\u0259nd\u0259si Qalib \u0130srafilovu q\u0259bul edib.<\/p>\n<p>Agentliyin r\u0259hb\u0259ri Az\u0259rbaycan Respublikas\u0131 Prezidentinin 2021-ci il 26 iyul tarixli S\u0259r\u0259ncam\u0131 il\u0259 yeni v\u0259zif\u0259y\u0259 t\u0259yin olunmu\u015f Q.\u0130srafilovu s\u0259mimi t\u0259brik edib v\u0259 g\u0259l\u0259c\u0259k f\u0259aliyy\u0259tind\u0259 u\u011furlar arzulay\u0131b.<\/p>\n<p>K.\u0130manov \u00f6lk\u0259mizd\u0259 h\u0259yata ke\u00e7iril\u0259n institusional islahatlar n\u0259tic\u0259sind\u0259 2018-ci ild\u0259 m\u00fc\u0259lliflik h\u00fcququ v\u0259 s\u0259naye m\u00fclkiyy\u0259ti sah\u0259l\u0259ri \u00fczr\u0259 s\u0259lahiyy\u0259tl\u0259ri \u00f6z\u00fcnd\u0259 birl\u0259\u015fdir\u0259n vahid d\u00f6vl\u0259t qurumu olan \u018fqli M\u00fclkiyy\u0259t Agentliyinin yarad\u0131ld\u0131\u011f\u0131n\u0131 qeyd ed\u0259r\u0259k haz\u0131rda tabeliyind\u0259 Patent v\u0259 \u018fmt\u0259\u0259 Ni\u015fanlar\u0131n\u0131n Ekspertizas\u0131 M\u0259rk\u0259zi, \u018fqli M\u00fclkiyy\u0259t H\u00fcquqlar\u0131n\u0131n T\u0259minat\u0131 M\u0259rk\u0259zi v\u0259 Respublika Elmi-Texniki Kitabxanas\u0131 olan Agentliyin geni\u015f spektrli funksiyalar\u0131 yerin\u0259 yetirdiyini diqq\u0259t\u0259 \u00e7atd\u0131r\u0131b v\u0259 bu yax\u0131nlarda Az\u0259rbaycan Respublikas\u0131 Prezidentinin F\u0259rman\u0131 \u0259sas\u0131nda Az\u0259rbaycan Respublikas\u0131n\u0131n Nazirl\u0259r Kabinetinin q\u0259rar\u0131 il\u0259 \u018fqli M\u00fclkiyy\u0259t Agentliyinin tabeliyind\u0259 Texnologiyalar\u0131n Kommersiyala\u015fd\u0131r\u0131lmas\u0131 v\u0259 Transferi M\u0259rk\u0259zinin yarad\u0131ld\u0131\u011f\u0131n\u0131 bildirib.<\/p>\n<p>Agentliyin r\u0259hb\u0259ri m\u0259nzil-q\u0259rargah\u0131 Cenevr\u0259 \u015f\u0259h\u0259rind\u0259 yerl\u0259\u015f\u0259n, BMT-nin ixtisasla\u015fm\u0131\u015f qurumu olan \u00dcmumd\u00fcnya \u018fqli M\u00fclkiyy\u0259t T\u0259\u015fkilat\u0131 il\u0259 \u00f6lk\u0259miz aras\u0131nda u\u011furlu \u0259m\u0259kda\u015fl\u0131q \u0259laq\u0259l\u0259rin\u0259 toxunaraq Az\u0259rbaycan\u0131n \u0259qli m\u00fclkiyy\u0259t sah\u0259sind\u0259ki u\u011furlar\u0131, beyn\u0259lxalq reytinq g\u00f6st\u0259ricil\u0259rind\u0259 \u00f6lk\u0259mizin n\u0259z\u0259r\u0259\u00e7arpacaq ir\u0259lil\u0259yi\u015fl\u0259ri haqq\u0131nda qona\u011fa m\u0259lumat verib, cari ilin iyunun 22-d\u0259 \u00dc\u018fMT-n\u0131n Ba\u015f direktoru Daren Tanq il\u0259 ke\u00e7irilmi\u015f video g\u00f6r\u00fc\u015fd\u0259 bir s\u0131ra m\u0259s\u0259l\u0259l\u0259rin qald\u0131rd\u0131\u011f\u0131n\u0131 v\u0259 \u00dc\u018fMT \u00e7\u0259r\u00e7iv\u0259sind\u0259 m\u00fczakir\u0259 olunmas\u0131n\u0131 t\u0259klif etdiyini vur\u011fulay\u0131b.<\/p>\n<p>Q\u0259bul \u00fc\u00e7\u00fcn t\u0259\u015f\u0259kk\u00fcr\u00fcn\u00fc bildir\u0259n Q.\u0130srafilov tan\u0131\u015fl\u0131q v\u0259 m\u0259lumat xarakterli bu g\u00f6r\u00fc\u015f\u00fcn, apar\u0131lan geni\u015f m\u00fczakir\u0259l\u0259rin Az\u0259rbaycan il\u0259 \u00dc\u018fMT aras\u0131nda m\u00f6vcud s\u0131x \u0259laq\u0259l\u0259rin yeni v\u0259zif\u0259sind\u0259 daha da inki\u015faf etdirilm\u0259sin\u0259 k\u00f6m\u0259klik ed\u0259c\u0259yin\u0259 \u0259min oldu\u011funu bildirib.<\/p>\n","protected":false},"excerpt":{"rendered":"<p>\u0130yulun 29-da \u018fqli M\u00fclkiyy\u0259t Agentliyinin \u0130dar\u0259 Hey\u0259tinin s\u0259dri Kamran \u0130manov Az\u0259rbaycan Respublikas\u0131n\u0131n BMT-nin Cenevr\u0259 \u015f\u0259h\u0259rind\u0259ki b\u00f6lm\u0259sind\u0259 v\u0259 dig\u0259r beyn\u0259lxalq t\u0259\u015fkilatlar yan\u0131nda daimi n\u00fcmay\u0259nd\u0259si Qalib \u0130srafilovu q\u0259bul edib. Agentliyin r\u0259hb\u0259ri Az\u0259rbaycan Respublikas\u0131 Prezidentinin 2021-ci il 26 iyul tarixli S\u0259r\u0259ncam\u0131 il\u0259 yeni v\u0259zif\u0259y\u0259 t\u0259yin olunmu\u015f Q.\u0130srafilovu s\u0259mimi t\u0259brik edib v\u0259 g\u0259l\u0259c\u0259k f\u0259aliyy\u0259tind\u0259 u\u011furlar arzulay\u0131b. K.\u0130manov \u00f6lk\u0259mizd\u0259 h\u0259yata ke\u00e7iril\u0259n institusional islahatlar n\u0259tic\u0259sind\u0259 2018-ci ild\u0259 m\u00fc\u0259lliflik h\u00fcququ v\u0259 s\u0259naye m\u00fclkiyy\u0259ti sah\u0259l\u0259ri \u00fczr\u0259 s\u0259lahiyy\u0259tl\u0259ri \u00f6z\u00fcnd\u0259 birl\u0259\u015fdir\u0259n vahid d\u00f6vl\u0259t qurumu olan \u018fqli M\u00fclkiyy\u0259t Agentliyinin yarad\u0131ld\u0131\u011f\u0131n\u0131 qeyd ed\u0259r\u0259k haz\u0131rda tabeliyind\u0259 Patent v\u0259 \u018fmt\u0259\u0259 Ni\u015fanlar\u0131n\u0131n Ekspertizas\u0131 M\u0259rk\u0259zi, \u018fqli&hellip;<\/p>\n","protected":false},"author":2,"featured_media":361515,"comment_status":"closed","ping_status":"closed","sticky":false,"template":"","format":"standard","meta":{"om_disable_all_campaigns":false,"_monsterinsights_skip_tracking":false,"_monsterinsights_sitenote_active":false,"_monsterinsights_sitenote_note":"","_monsterinsights_sitenote_category":0},"categories":[26],"tags":[],"aioseo_notices":[],"gutentor_comment":0,"rttpg_featured_image_url":{"full":["https:\/\/arantv.az\/wp-content\/uploads\/2021\/07\/copat_080920.jpg",960,669,false],"landscape":["https:\/\/arantv.az\/wp-content\/uploads\/2021\/07\/copat_080920.jpg",960,669,false],"portraits":["https:\/\/arantv.az\/wp-content\/uploads\/2021\/07\/copat_080920.jpg",960,669,false],"thumbnail":["https:\/\/arantv.az\/wp-content\/uploads\/2021\/07\/copat_080920-500x280.jpg",500,280,true],"medium":["https:\/\/arantv.az\/wp-content\/uploads\/2021\/07\/copat_080920-524x365.jpg",524,365,true],"large":["https:\/\/arantv.az\/wp-content\/uploads\/2021\/07\/copat_080920-840x585.jpg",640,446,true],"1536x1536":["https:\/\/arantv.az\/wp-content\/uploads\/2021\/07\/copat_080920.jpg",960,669,false],"2048x2048":["https:\/\/arantv.az\/wp-content\/uploads\/2021\/07\/copat_080920.jpg",960,669,false],"post-thumbnail":["https:\/\/arantv.az\/wp-content\/uploads\/2021\/07\/copat_080920-240x172.jpg",240,172,true],"advps-thumb-one":["https:\/\/arantv.az\/wp-content\/uploads\/2021\/07\/copat_080920-960x620.jpg",960,620,true]},"rttpg_author":{"display_name":"V\u00fcsal Rafiqo\u011flu","author_link":"https:\/\/arantv.az\/?author=2"},"rttpg_comment":0,"rttpg_category":"<a href=\"https:\/\/arantv.az\/?cat=26\" rel=\"category\">Sosial<\/a>","rttpg_excerpt":"\u0130yulun 29-da \u018fqli M\u00fclkiyy\u0259t Agentliyinin \u0130dar\u0259 Hey\u0259tinin s\u0259dri Kamran \u0130manov Az\u0259rbaycan Respublikas\u0131n\u0131n BMT-nin Cenevr\u0259 \u015f\u0259h\u0259rind\u0259ki b\u00f6lm\u0259sind\u0259 v\u0259 dig\u0259r beyn\u0259lxalq t\u0259\u015fkilatlar yan\u0131nda daimi n\u00fcmay\u0259nd\u0259si Qalib \u0130srafilovu q\u0259bul edib. Agentliyin r\u0259hb\u0259ri Az\u0259rbaycan Respublikas\u0131 Prezidentinin 2021-ci il 26 iyul tarixli S\u0259r\u0259ncam\u0131 il\u0259 yeni v\u0259zif\u0259y\u0259 t\u0259yin olunmu\u015f Q.\u0130srafilovu s\u0259mimi t\u0259brik edib v\u0259 g\u0259l\u0259c\u0259k f\u0259aliyy\u0259tind\u0259 u\u011furlar arzulay\u0131b. K.\u0130manov \u00f6lk\u0259mizd\u0259 h\u0259yata&hellip;","_links":{"self":[{"href":"https:\/\/arantv.az\/index.php?rest_route=\/wp\/v2\/posts\/361514"}],"collection":[{"href":"https:\/\/arantv.az\/index.php?rest_route=\/wp\/v2\/posts"}],"about":[{"href":"https:\/\/arantv.az\/index.php?rest_route=\/wp\/v2\/types\/post"}],"author":[{"embeddable":true,"href":"https:\/\/arantv.az\/index.php?rest_route=\/wp\/v2\/users\/2"}],"replies":[{"embeddable":true,"href":"https:\/\/arantv.az\/index.php?rest_route=%2Fwp%2Fv2%2Fcomments&post=361514"}],"version-history":[{"count":0,"href":"https:\/\/arantv.az\/index.php?rest_route=\/wp\/v2\/posts\/361514\/revisions"}],"wp:featuredmedia":[{"embeddable":true,"href":"https:\/\/arantv.az\/index.php?rest_route=\/wp\/v2\/media\/361515"}],"wp:attachment":[{"href":"https:\/\/arantv.az\/index.php?rest_route=%2Fwp%2Fv2%2Fmedia&parent=361514"}],"wp:term":[{"taxonomy":"category","embeddable":true,"href":"https:\/\/arantv.az\/index.php?rest_route=%2Fwp%2Fv2%2Fcategories&post=361514"},{"taxonomy":"post_tag","embeddable":true,"href":"https:\/\/arantv.az\/index.php?rest_route=%2Fwp%2Fv2%2Ftags&post=361514"}],"curies":[{"name":"wp","href":"https:\/\/api.w.org\/{rel}","templated":true}]}}