{"id":361520,"date":"2021-07-29T14:26:10","date_gmt":"2021-07-29T11:26:10","guid":{"rendered":"https:\/\/arantv.az\/?p=361520"},"modified":"2021-07-29T14:26:10","modified_gmt":"2021-07-29T11:26:10","slug":"socar-isvecr%c9%99d%c9%99-n%c9%99h%c9%99ng-layih%c9%99d%c9%99-istirak-ed%c9%99c%c9%99k-detallar","status":"publish","type":"post","link":"https:\/\/arantv.az\/?p=361520","title":{"rendered":"SOCAR \u0130sve\u00e7r\u0259d\u0259 n\u0259h\u0259ng layih\u0259d\u0259 i\u015ftirak ed\u0259c\u0259k &#8211; DETALLAR"},"content":{"rendered":"<p>SOCAR \u0130sve\u00e7r\u0259nin enerji t\u0259minat\u0131nda f\u0259al i\u015ftirak ed\u0259n iki \u015firk\u0259tl\u0259 birg\u0259 g\u00fcc\u00fc 10 MVt-a q\u0259d\u0259r olan elektroliz zavodu layih\u0259sind\u0259 i\u015ftirak ed\u0259c\u0259k.<\/p>\n<p><strong>ARANTV.AZ<\/strong>-\u0131n m\u0259lumata g\u00f6r\u0259, D\u00f6vl\u0259t Neft \u015eirk\u0259tinin t\u00f6r\u0259m\u0259si olan \u201cSOCAR Energy Switzerland\u201d h\u0259min zavodu\u00a0\u0130sve\u00e7r\u0259nin Avropada lider enerji istehsal\u00e7\u0131lar\u0131ndan biri olan \u201cAlpiq\u201d v\u0259 \u00f6lk\u0259nin \u0259sas enerji t\u0259minat\u00e7\u0131lar\u0131ndan olan \u201cEW H\u00f6fe\u201d il\u0259 birg\u0259 Freinbax \u015f\u0259h\u0259rind\u0259 2022-ci ilin sonunda\u00a0istismara verm\u0259yi\u00a0planla\u015fd\u0131r\u0131r.<\/p>\n<p>Zavodun tikintisi ba\u015fa \u00e7atd\u0131qdan sonra s\u0131f\u0131r emissiya imkan\u0131 ver\u0259n illik 1000-1200 ton aras\u0131nda ya\u015f\u0131l hidrogen istehsal ed\u0259c\u0259k. El\u0259c\u0259 d\u0259, bu sistem haz\u0131rda \u00f6lk\u0259d\u0259 qurulan regional istilik \u015f\u0259b\u0259k\u0259sin\u0259 daxil olacaq. Bel\u0259likl\u0259, zavod \u00fcmumi s\u0259m\u0259r\u0259lilik bax\u0131m\u0131ndan yeni standartlar m\u00fc\u0259yy\u0259nl\u0259\u015fdir\u0259c\u0259k v\u0259 \u0130sve\u00e7r\u0259nin iqlim dostu enerji t\u0259minat\u0131na m\u00fch\u00fcm t\u00f6hf\u0259 ver\u0259c\u0259k.<\/p>\n<div id=\"AdviadNativeVideo0\" class=\"AdviadNativeVideo\"><\/div>\n<p>Enerji ke\u00e7idi kontekstind\u0259 ya\u015f\u0131l hidrogen az emissiyal\u0131 v\u0259 maksimum a\u015fa\u011f\u0131 karbon f\u0259aliyy\u0259tinin a\u00e7arlar\u0131ndan biri hesab edilir. Bu zavodun\u00a0qurulmas\u0131n\u0131n Paris \u0130qlim Sazi\u015finin m\u0259qs\u0259dl\u0259rin\u0259 \u00e7atmaq \u00fc\u00e7\u00fcn vacib amil oldu\u011fu n\u0259z\u0259r\u0259 \u00e7atd\u0131r\u0131l\u0131r.<\/p>\n<p>Zavod \u00f6lk\u0259d\u0259 ya\u015f\u0131l hidrogen istehsal\u0131 \u00fc\u00e7\u00fcn n\u0259z\u0259rd\u0259 tutulan \u0259n b\u00f6y\u00fck zavod olacaq v\u0259 y\u00fcks\u0259k hasilata sahib olacaq. Bununla da SOCAR \u0130sve\u00e7r\u0259d\u0259 ya\u015f\u0131l hidrogen istehsal\u0131n\u0131 yeni s\u0259viyy\u0259y\u0259 qald\u0131rma\u011fa t\u0259kan ver\u0259c\u0259k.<\/p>\n<p>Hasilatdan \u0259ld\u0259 edil\u0259n hidrogen \u0259sas\u0259n n\u0259qliyyatda\u00a0istifad\u0259 edil\u0259c\u0259k. Layih\u0259nin icras\u0131 il\u0259 birg\u0259 \u015f\u0259h\u0259rin magistral yolunun h\u0259r iki t\u0259r\u0259find\u0259 hidrogen yanacaqdoldurma m\u0259nt\u0259q\u0259l\u0259rinin qura\u015fd\u0131r\u0131lmas\u0131 g\u00f6zl\u0259nilir. Zavodda istehsal edil\u0259n m\u0259hsul \u0130sve\u00e7r\u0259d\u0259ki dig\u0259r hidrogen yanacaq stansiyalar\u0131na da veril\u0259c\u0259k.<\/p>\n","protected":false},"excerpt":{"rendered":"<p>SOCAR \u0130sve\u00e7r\u0259nin enerji t\u0259minat\u0131nda f\u0259al i\u015ftirak ed\u0259n iki \u015firk\u0259tl\u0259 birg\u0259 g\u00fcc\u00fc 10 MVt-a q\u0259d\u0259r olan elektroliz zavodu layih\u0259sind\u0259 i\u015ftirak ed\u0259c\u0259k. ARANTV.AZ-\u0131n m\u0259lumata g\u00f6r\u0259, D\u00f6vl\u0259t Neft \u015eirk\u0259tinin t\u00f6r\u0259m\u0259si olan \u201cSOCAR Energy Switzerland\u201d h\u0259min zavodu\u00a0\u0130sve\u00e7r\u0259nin Avropada lider enerji istehsal\u00e7\u0131lar\u0131ndan biri olan \u201cAlpiq\u201d v\u0259 \u00f6lk\u0259nin \u0259sas enerji t\u0259minat\u00e7\u0131lar\u0131ndan olan \u201cEW H\u00f6fe\u201d il\u0259 birg\u0259 Freinbax \u015f\u0259h\u0259rind\u0259 2022-ci ilin sonunda\u00a0istismara verm\u0259yi\u00a0planla\u015fd\u0131r\u0131r. Zavodun tikintisi ba\u015fa \u00e7atd\u0131qdan sonra s\u0131f\u0131r emissiya imkan\u0131 ver\u0259n illik 1000-1200 ton aras\u0131nda ya\u015f\u0131l hidrogen istehsal ed\u0259c\u0259k. El\u0259c\u0259 d\u0259, bu sistem haz\u0131rda \u00f6lk\u0259d\u0259 qurulan regional istilik \u015f\u0259b\u0259k\u0259sin\u0259 daxil olacaq. Bel\u0259likl\u0259, zavod \u00fcmumi s\u0259m\u0259r\u0259lilik bax\u0131m\u0131ndan&hellip;<\/p>\n","protected":false},"author":2,"featured_media":361521,"comment_status":"closed","ping_status":"closed","sticky":false,"template":"","format":"standard","meta":{"om_disable_all_campaigns":false,"_monsterinsights_skip_tracking":false,"_monsterinsights_sitenote_active":false,"_monsterinsights_sitenote_note":"","_monsterinsights_sitenote_category":0},"categories":[19],"tags":[],"aioseo_notices":[],"gutentor_comment":0,"rttpg_featured_image_url":{"full":["https:\/\/arantv.az\/wp-content\/uploads\/2021\/07\/socarbina-1.jpg",620,401,false],"landscape":["https:\/\/arantv.az\/wp-content\/uploads\/2021\/07\/socarbina-1.jpg",620,401,false],"portraits":["https:\/\/arantv.az\/wp-content\/uploads\/2021\/07\/socarbina-1.jpg",620,401,false],"thumbnail":["https:\/\/arantv.az\/wp-content\/uploads\/2021\/07\/socarbina-1-500x280.jpg",500,280,true],"medium":["https:\/\/arantv.az\/wp-content\/uploads\/2021\/07\/socarbina-1-564x365.jpg",564,365,true],"large":["https:\/\/arantv.az\/wp-content\/uploads\/2021\/07\/socarbina-1.jpg",620,401,false],"1536x1536":["https:\/\/arantv.az\/wp-content\/uploads\/2021\/07\/socarbina-1.jpg",620,401,false],"2048x2048":["https:\/\/arantv.az\/wp-content\/uploads\/2021\/07\/socarbina-1.jpg",620,401,false],"post-thumbnail":["https:\/\/arantv.az\/wp-content\/uploads\/2021\/07\/socarbina-1-240x172.jpg",240,172,true],"advps-thumb-one":["https:\/\/arantv.az\/wp-content\/uploads\/2021\/07\/socarbina-1.jpg",620,401,false]},"rttpg_author":{"display_name":"V\u00fcsal Rafiqo\u011flu","author_link":"https:\/\/arantv.az\/?author=2"},"rttpg_comment":0,"rttpg_category":"<a href=\"https:\/\/arantv.az\/?cat=19\" rel=\"category\">G\u00fcnd\u0259m<\/a>","rttpg_excerpt":"SOCAR \u0130sve\u00e7r\u0259nin enerji t\u0259minat\u0131nda f\u0259al i\u015ftirak ed\u0259n iki \u015firk\u0259tl\u0259 birg\u0259 g\u00fcc\u00fc 10 MVt-a q\u0259d\u0259r olan elektroliz zavodu layih\u0259sind\u0259 i\u015ftirak ed\u0259c\u0259k. ARANTV.AZ-\u0131n m\u0259lumata g\u00f6r\u0259, D\u00f6vl\u0259t Neft \u015eirk\u0259tinin t\u00f6r\u0259m\u0259si olan \u201cSOCAR Energy Switzerland\u201d h\u0259min zavodu\u00a0\u0130sve\u00e7r\u0259nin Avropada lider enerji istehsal\u00e7\u0131lar\u0131ndan biri olan \u201cAlpiq\u201d v\u0259 \u00f6lk\u0259nin \u0259sas enerji t\u0259minat\u00e7\u0131lar\u0131ndan olan \u201cEW H\u00f6fe\u201d il\u0259 birg\u0259 Freinbax \u015f\u0259h\u0259rind\u0259 2022-ci ilin sonunda\u00a0istismara&hellip;","_links":{"self":[{"href":"https:\/\/arantv.az\/index.php?rest_route=\/wp\/v2\/posts\/361520"}],"collection":[{"href":"https:\/\/arantv.az\/index.php?rest_route=\/wp\/v2\/posts"}],"about":[{"href":"https:\/\/arantv.az\/index.php?rest_route=\/wp\/v2\/types\/post"}],"author":[{"embeddable":true,"href":"https:\/\/arantv.az\/index.php?rest_route=\/wp\/v2\/users\/2"}],"replies":[{"embeddable":true,"href":"https:\/\/arantv.az\/index.php?rest_route=%2Fwp%2Fv2%2Fcomments&post=361520"}],"version-history":[{"count":0,"href":"https:\/\/arantv.az\/index.php?rest_route=\/wp\/v2\/posts\/361520\/revisions"}],"wp:featuredmedia":[{"embeddable":true,"href":"https:\/\/arantv.az\/index.php?rest_route=\/wp\/v2\/media\/361521"}],"wp:attachment":[{"href":"https:\/\/arantv.az\/index.php?rest_route=%2Fwp%2Fv2%2Fmedia&parent=361520"}],"wp:term":[{"taxonomy":"category","embeddable":true,"href":"https:\/\/arantv.az\/index.php?rest_route=%2Fwp%2Fv2%2Fcategories&post=361520"},{"taxonomy":"post_tag","embeddable":true,"href":"https:\/\/arantv.az\/index.php?rest_route=%2Fwp%2Fv2%2Ftags&post=361520"}],"curies":[{"name":"wp","href":"https:\/\/api.w.org\/{rel}","templated":true}]}}