{"id":361523,"date":"2021-07-29T14:29:32","date_gmt":"2021-07-29T11:29:32","guid":{"rendered":"https:\/\/arantv.az\/?p=361523"},"modified":"2021-07-29T14:29:32","modified_gmt":"2021-07-29T11:29:32","slug":"agentlik-s%c9%99dri-bu-il-160-a-yaxin-avtomobil-muharib%c9%99-%c9%99lill%c9%99ri-v%c9%99-onlara-b%c9%99rab%c9%99r-tutulan-s%c9%99xsl%c9%99r%c9%99-veril%c9%99c%c9%99k","status":"publish","type":"post","link":"https:\/\/arantv.az\/?p=361523","title":{"rendered":"Agentlik s\u0259dri: \u201cBu il 160-a yax\u0131n avtomobil m\u00fcharib\u0259 \u0259lill\u0259ri v\u0259 onlara b\u0259rab\u0259r tutulan \u015f\u0259xsl\u0259r\u0259 veril\u0259c\u0259k\u201d"},"content":{"rendered":"<p>\u201cBu il \u00fc\u00e7\u00fcn 160-a yax\u0131n avtomobilin m\u00fcharib\u0259 \u0259lill\u0259ri v\u0259 onlara b\u0259rab\u0259r tutulan \u015f\u0259xsl\u0259r\u0259 verilm\u0259si\u00a0n\u0259z\u0259rd\u0259 tutulub\u201d.<\/p>\n<p><strong>ARANTV.AZ<\/strong>-\u0131n m\u0259lumat\u0131na g\u00f6r\u0259, bunu \u018fm\u0259k v\u0259 \u018fhalinin Sosial M\u00fcdafi\u0259si Nazirliyinin tabeliyind\u0259 Sosial Xidm\u0259tl\u0259r Agentliyinin s\u0259dri V\u00fcqar Behbudov ke\u00e7irdiyi m\u0259tbuat konfrans\u0131nda bildirib.<\/p>\n<div id=\"AdviadNativeVideo0\" class=\"AdviadNativeVideo\"><\/div>\n<p>Onun s\u00f6zl\u0259rin\u0259 g\u00f6r\u0259, art\u0131q 50 avtomobil\u00a0m\u00fcharib\u0259 \u0259lill\u0259ri v\u0259 onlara b\u0259rab\u0259r tutulan \u015f\u0259xsl\u0259r\u0259 verilib:<\/p>\n<p>\u201cBu g\u00fcn\u0259d\u0259k 7 250 avtomobil\u00a0bu kateqoriyadan olan \u015f\u0259xsl\u0259r\u0259\u00a0t\u0259qdim edilib\u201d.<\/p>\n","protected":false},"excerpt":{"rendered":"<p>\u201cBu il \u00fc\u00e7\u00fcn 160-a yax\u0131n avtomobilin m\u00fcharib\u0259 \u0259lill\u0259ri v\u0259 onlara b\u0259rab\u0259r tutulan \u015f\u0259xsl\u0259r\u0259 verilm\u0259si\u00a0n\u0259z\u0259rd\u0259 tutulub\u201d. ARANTV.AZ-\u0131n m\u0259lumat\u0131na g\u00f6r\u0259, bunu \u018fm\u0259k v\u0259 \u018fhalinin Sosial M\u00fcdafi\u0259si Nazirliyinin tabeliyind\u0259 Sosial Xidm\u0259tl\u0259r Agentliyinin s\u0259dri V\u00fcqar Behbudov ke\u00e7irdiyi m\u0259tbuat konfrans\u0131nda bildirib. Onun s\u00f6zl\u0259rin\u0259 g\u00f6r\u0259, art\u0131q 50 avtomobil\u00a0m\u00fcharib\u0259 \u0259lill\u0259ri v\u0259 onlara b\u0259rab\u0259r tutulan \u015f\u0259xsl\u0259r\u0259 verilib: \u201cBu g\u00fcn\u0259d\u0259k 7 250 avtomobil\u00a0bu kateqoriyadan olan \u015f\u0259xsl\u0259r\u0259\u00a0t\u0259qdim edilib\u201d.<\/p>\n","protected":false},"author":2,"featured_media":361524,"comment_status":"closed","ping_status":"closed","sticky":false,"template":"","format":"standard","meta":{"om_disable_all_campaigns":false,"_monsterinsights_skip_tracking":false,"_monsterinsights_sitenote_active":false,"_monsterinsights_sitenote_note":"","_monsterinsights_sitenote_category":0},"categories":[26],"tags":[],"aioseo_notices":[],"gutentor_comment":0,"rttpg_featured_image_url":{"full":["https:\/\/arantv.az\/wp-content\/uploads\/2021\/07\/dasfasdf.jpg",620,415,false],"landscape":["https:\/\/arantv.az\/wp-content\/uploads\/2021\/07\/dasfasdf.jpg",620,415,false],"portraits":["https:\/\/arantv.az\/wp-content\/uploads\/2021\/07\/dasfasdf.jpg",620,415,false],"thumbnail":["https:\/\/arantv.az\/wp-content\/uploads\/2021\/07\/dasfasdf-500x280.jpg",500,280,true],"medium":["https:\/\/arantv.az\/wp-content\/uploads\/2021\/07\/dasfasdf-545x365.jpg",545,365,true],"large":["https:\/\/arantv.az\/wp-content\/uploads\/2021\/07\/dasfasdf.jpg",620,415,false],"1536x1536":["https:\/\/arantv.az\/wp-content\/uploads\/2021\/07\/dasfasdf.jpg",620,415,false],"2048x2048":["https:\/\/arantv.az\/wp-content\/uploads\/2021\/07\/dasfasdf.jpg",620,415,false],"post-thumbnail":["https:\/\/arantv.az\/wp-content\/uploads\/2021\/07\/dasfasdf-240x172.jpg",240,172,true],"advps-thumb-one":["https:\/\/arantv.az\/wp-content\/uploads\/2021\/07\/dasfasdf.jpg",620,415,false]},"rttpg_author":{"display_name":"V\u00fcsal Rafiqo\u011flu","author_link":"https:\/\/arantv.az\/?author=2"},"rttpg_comment":0,"rttpg_category":"<a href=\"https:\/\/arantv.az\/?cat=26\" rel=\"category\">Sosial<\/a>","rttpg_excerpt":"\u201cBu il \u00fc\u00e7\u00fcn 160-a yax\u0131n avtomobilin m\u00fcharib\u0259 \u0259lill\u0259ri v\u0259 onlara b\u0259rab\u0259r tutulan \u015f\u0259xsl\u0259r\u0259 verilm\u0259si\u00a0n\u0259z\u0259rd\u0259 tutulub\u201d. ARANTV.AZ-\u0131n m\u0259lumat\u0131na g\u00f6r\u0259, bunu \u018fm\u0259k v\u0259 \u018fhalinin Sosial M\u00fcdafi\u0259si Nazirliyinin tabeliyind\u0259 Sosial Xidm\u0259tl\u0259r Agentliyinin s\u0259dri V\u00fcqar Behbudov ke\u00e7irdiyi m\u0259tbuat konfrans\u0131nda bildirib. Onun s\u00f6zl\u0259rin\u0259 g\u00f6r\u0259, art\u0131q 50 avtomobil\u00a0m\u00fcharib\u0259 \u0259lill\u0259ri v\u0259 onlara b\u0259rab\u0259r tutulan \u015f\u0259xsl\u0259r\u0259 verilib: \u201cBu g\u00fcn\u0259d\u0259k 7 250 avtomobil\u00a0bu kateqoriyadan&hellip;","_links":{"self":[{"href":"https:\/\/arantv.az\/index.php?rest_route=\/wp\/v2\/posts\/361523"}],"collection":[{"href":"https:\/\/arantv.az\/index.php?rest_route=\/wp\/v2\/posts"}],"about":[{"href":"https:\/\/arantv.az\/index.php?rest_route=\/wp\/v2\/types\/post"}],"author":[{"embeddable":true,"href":"https:\/\/arantv.az\/index.php?rest_route=\/wp\/v2\/users\/2"}],"replies":[{"embeddable":true,"href":"https:\/\/arantv.az\/index.php?rest_route=%2Fwp%2Fv2%2Fcomments&post=361523"}],"version-history":[{"count":0,"href":"https:\/\/arantv.az\/index.php?rest_route=\/wp\/v2\/posts\/361523\/revisions"}],"wp:featuredmedia":[{"embeddable":true,"href":"https:\/\/arantv.az\/index.php?rest_route=\/wp\/v2\/media\/361524"}],"wp:attachment":[{"href":"https:\/\/arantv.az\/index.php?rest_route=%2Fwp%2Fv2%2Fmedia&parent=361523"}],"wp:term":[{"taxonomy":"category","embeddable":true,"href":"https:\/\/arantv.az\/index.php?rest_route=%2Fwp%2Fv2%2Fcategories&post=361523"},{"taxonomy":"post_tag","embeddable":true,"href":"https:\/\/arantv.az\/index.php?rest_route=%2Fwp%2Fv2%2Ftags&post=361523"}],"curies":[{"name":"wp","href":"https:\/\/api.w.org\/{rel}","templated":true}]}}