{"id":361529,"date":"2021-07-29T14:32:48","date_gmt":"2021-07-29T11:32:48","guid":{"rendered":"https:\/\/arantv.az\/?p=361529"},"modified":"2021-07-29T14:32:48","modified_gmt":"2021-07-29T11:32:48","slug":"vuqar-r%c9%99himzad%c9%99-baki-b%c9%99yannam%c9%99si-dunyaya-unvanlanan-bir-cox-mesajlari-ozund%c9%99-ehtiva-edir","status":"publish","type":"post","link":"https:\/\/arantv.az\/?p=361529","title":{"rendered":"V\u00fcqar R\u0259himzad\u0259: Bak\u0131 B\u0259yannam\u0259si d\u00fcnyaya \u00fcnvanlanan bir cox mesajlar\u0131 \u00f6z\u00fcnd\u0259 ehtiva edir"},"content":{"rendered":"<p>\u201cH\u0259yat yerind\u0259 durmur, yaranan yeni reall\u0131qlar yeni \u0259m\u0259kda\u015fl\u0131q m\u00fcnasib\u0259tl\u0259rinin formala\u015fd\u0131r\u0131lmas\u0131n\u0131, s\u0259yl\u0259rin art\u0131r\u0131lmas\u0131n\u0131, regoionda v\u0259 d\u00fcnyada c\u0259r\u0259yan ed\u0259n prosesl\u0259rin t\u0259hlili \u0259sas\u0131nda\u00a0 yeni h\u0259d\u0259fl\u0259rin m\u00fc\u0259yy\u0259nl\u0259\u015fdirilm\u0259sini bir z\u0259rur\u0259t kimi ortaya qoyur. Bu bax\u0131mdan 44 g\u00fcnl\u00fck \u0130kinci Qaraba\u011f m\u00fcharib\u0259sind\u0259 tarixi Q\u0259l\u0259b\u0259mizd\u0259n sonra ist\u0259r regionda, ist\u0259rs\u0259 d\u0259 d\u00fcnyada\u00a0 ba\u015f ver\u0259n yenilikl\u0259r\u00a0 diqq\u0259t m\u0259rk\u0259zind\u0259dir. \u00a0V\u0259t\u0259n m\u00fcharib\u0259sinin h\u0259qiq\u0259t an\u0131 kimi bu g\u00fcn d\u0259 geni\u015f m\u00fczakir\u0259 olunur, dost, qarda\u015f \u00f6lk\u0259l\u0259rin\u00a0 \u0259dal\u0259t\u0259 d\u0259st\u0259kd\u0259n ir\u0259li g\u0259l\u0259r\u0259k\u00a0 Az\u0259rbaycan\u0131n yan\u0131nda olmalar\u0131 t\u0259qdir edilir, bu add\u0131m\u0131n m\u00fcxt\u0259lif sah\u0259l\u0259r \u00fczr\u0259 \u0259m\u0259kda\u015fl\u0131\u011f\u0131n geni\u015fl\u0259ndirilm\u0259sini \u015f\u0259rtl\u0259ndirdiyi qeyd olunur. Daim yenilikl\u0259r\u0259 imza atan, t\u0259\u015f\u0259bb\u00fcsl\u0259ri, q\u0259rarlar\u0131 il\u0259 yaln\u0131z \u00f6z\u00fcn\u00fcn deyil, region v\u0259 d\u00fcnya \u00f6lk\u0259l\u0259rinin inki\u015faf\u0131na d\u0259st\u0259k olan respublikam\u0131z\u0131n \u00fc\u00e7 dost, qarda\u015f \u00f6lk\u0259nin-Az\u0259rbaycan, T\u00fcrkiy\u0259 v\u0259 Pakistan parlament s\u0259drl\u0259rinin bir araya g\u0259lm\u0259si t\u0259\u015f\u0259bb\u00fcs\u00fc v\u0259\u00a0 bu q\u0259rar \u0259sas\u0131nda onlar\u0131n paytaxt\u0131m\u0131zda g\u00f6r\u00fc\u015fm\u0259l\u0259ri t\u0259qdir olunmaqla yana\u015f\u0131, imzalanan Bak\u0131 B\u0259yannam\u0259sinin\u00a0 v\u0259d etdiyi perspektivl\u0259r geni\u015f m\u00fczakir\u0259 olunmaqdad\u0131r.&#8221;<\/p>\n<p><strong>Bu fikirl\u0259ri \u201c\u0130ki sahil\u201d q\u0259zetinin ba\u015f redaktoru, siyasi elml\u0259r doktoru V\u00fcqar R\u0259himzad\u0259 K\u0130V-\u0259 a\u00e7\u0131qlamas\u0131nda bildirib.<\/strong><\/p>\n<p>\u201cBak\u0131 B\u0259yannam\u0259si tarixi v\u0259 strateji bir hadis\u0259dir\u201d s\u00f6yl\u0259y\u0259n V\u00fcqar R\u0259himzad\u0259 qeyd edib ki, bu s\u0259n\u0259d\u00a0 dost \u00f6lk\u0259l\u0259r aras\u0131nda \u0259m\u0259kda\u015fl\u0131\u011f\u0131n g\u00fccl\u0259ndirilm\u0259sind\u0259, t\u0259hl\u00fck\u0259sizliyin t\u0259min olunmas\u0131nda m\u00fch\u00fcm rol oynayacaq: \u201cAz\u0259rbaycan-T\u00fcrkiy\u0259 birliyi daim d\u00fcnyaya n\u00fcmun\u0259dir. B\u00fct\u00fcn anlarda bir-birinin yan\u0131nda olan Az\u0259rbaycan v\u0259 T\u00fcrkiy\u0259nin birliyinin sars\u0131lmazl\u0131\u011f\u0131 V\u0259t\u0259n m\u00fcharib\u0259sind\u0259 bir daha \u00f6z\u00fcn\u00fc d\u00fcnyaya n\u00fcmayi\u015f etdirdi.\u00a0 Eyni birlikd\u0259 bu g\u00fcn Pakistan\u0131n da yer almas\u0131, haz\u0131rda d\u00fcnyan\u0131n Az\u0259rbaycan-T\u00fcrkiy\u0259-Pakistan dostlu\u011fundan, qarda\u015fl\u0131\u011f\u0131ndan b\u0259hs etm\u0259si\u00a0 q\u00fcrurvericidir. Tarixi Z\u0259f\u0259rimiz bu birliyin d\u0259\u00a0 t\u0259qdimat\u0131nda \u0259h\u0259miyy\u0259tli rol oynad\u0131. T\u00fcrkiy\u0259 v\u0259 Pakistan\u0131n Az\u0259rbaycana m\u0259n\u0259vi v\u0259 siyasi d\u0259st\u0259kl\u0259ri, Z\u0259f\u0259rin sevincini \u00f6lk\u0259mizl\u0259, xalq\u0131m\u0131zla eyni \u015f\u0259kild\u0259 ya\u015famalar\u0131\u00a0 d\u00f6vl\u0259t ba\u015f\u00e7\u0131s\u0131 \u0130lham \u018fliyev t\u0259r\u0259find\u0259n\u00a0 m\u00fcxt\u0259lif s\u0259viyy\u0259l\u0259rd\u0259 ke\u00e7iril\u0259n g\u00f6r\u00fc\u015fl\u0259rd\u0259\u00a0 x\u00fcsusi qeyd olunur. Prezident \u0130lham \u018fliyev iyulun 27-d\u0259 Pakistan Milli Assambleyas\u0131n\u0131n s\u0259dri \u018fs\u0259d Qeys\u0259rin ba\u015f\u00e7\u0131l\u0131q etdiyi n\u00fcmay\u0259nd\u0259 hey\u0259tini q\u0259bul ed\u0259rk\u0259n bu m\u0259qamlara diqq\u0259ti y\u00f6n\u0259ld\u0259r\u0259k\u00a0 \u0259minlikl\u0259 bildirmi\u015fdir ki, Pakistan, T\u00fcrkiy\u0259 v\u0259 Az\u0259rbaycan parlamentl\u0259rinin s\u0259drl\u0259rinin \u00fc\u00e7t\u0259r\u0259fli g\u00f6r\u00fc\u015f\u00fc qarda\u015f \u00f6lk\u0259l\u0259r aras\u0131nda \u00a0t\u0259r\u0259fda\u015fl\u0131\u011f\u0131n inki\u015faf\u0131 i\u015fin\u0259 xidm\u0259t ed\u0259c\u0259k.\u201d<\/p>\n<p>Ba\u015f redaktor vur\u011fulay\u0131b ki, B\u0259yannam\u0259d\u0259 d\u00f6vl\u0259tl\u0259rimiz, xalqlar\u0131m\u0131z \u00a0aras\u0131nda m\u00f6vcud\u00a0 \u0259laq\u0259l\u0259rin yeni istiqam\u0259tl\u0259r \u00fczr\u0259 inki\u015faf\u0131 \u00a0\u00fc\u00e7\u00fcn\u00a0 parlament s\u0259viyy\u0259sind\u0259 \u00a0dialoqun v\u0259 \u0259m\u0259kda\u015fl\u0131\u011f\u0131n g\u00fccl\u0259ndirilm\u0259sinin vacibliyi d\u0259 \u00a0\u00f6z \u0259ksini tap\u0131b: \u201c D\u00f6vl\u0259t ba\u015f\u00e7\u0131s\u0131 \u0130lham \u018fliyev 10 mart 2020-ci ild\u0259 yeni \u00a0formala\u015fm\u0131\u015f parlamentin ilk iclas\u0131ndak\u0131 proqram xarakterli\u00a0 nitqind\u0259 qanunverici orqan\u0131n qar\u015f\u0131dak\u0131 d\u00f6vr \u00fc\u00e7\u00fcn\u00a0 v\u0259zif\u0259l\u0259rind\u0259n geni\u015f b\u0259hs ed\u0259r\u0259k tap\u015f\u0131r\u0131qlar\u0131n\u0131 v\u0259 t\u00f6vsiy\u0259l\u0259rini \u00e7atd\u0131rm\u0131\u015fd\u0131r. \u00a0Haz\u0131rk\u0131 d\u00f6vr\u00fcn informasiya m\u00fcbariz\u0259si d\u00f6vr\u00fc oldu\u011funu n\u0259z\u0259r\u0259 alsaq \u0259sas v\u0259zif\u0259l\u0259rd\u0259n birinin parlament s\u0259viyy\u0259sind\u0259 bu v\u0259 ya dig\u0259r \u00f6lk\u0259l\u0259rl\u0259 \u0259m\u0259kda\u015fl\u0131\u011f\u0131n g\u00fccl\u0259ndirilm\u0259sin\u0259 b\u00f6y\u00fck ehtiyac\u0131n oldu\u011fu ayd\u0131n g\u00f6r\u00fcn\u00fcr. \u00a0\u00d6lk\u0259l\u0259r aras\u0131nda \u0259laq\u0259l\u0259rin inki\u015faf\u0131nda parlamentl\u0259raras\u0131 \u0259m\u0259kda\u015fl\u0131qlar\u0131n rolu inkaredilm\u0259zdir. \u00d6lk\u0259miz Az\u0259rbaycan-T\u00fcrkiy\u0259-Pakistan parlament s\u0259drl\u0259rinin birg\u0259 toplant\u0131s\u0131n\u0131n ke\u00e7irilm\u0259si t\u0259\u015f\u0259bb\u00fcs\u00fc il\u0259 bu rola bir daha i\u015f\u0131q sald\u0131.\u201d<\/p>\n<p>V.R\u0259himzad\u0259 daha sonra qeyd edib ki, regionda s\u00fclh\u00fcn, t\u0259hl\u00fck\u0259sizliyin, sabitliyin qorunub saxlanmas\u0131 \u00fc\u00e7\u00fcn h\u0259r 3 d\u00f6vl\u0259tin s\u0259yl\u0259rinin birl\u0259\u015fdirilm\u0259sinin vacibliyi\u00a0 Bak\u0131 B\u0259yannam\u0259sind\u0259 x\u00fcsusi qeyd edilir: \u201cParlamentl\u0259raras\u0131 \u0259m\u0259kda\u015fl\u0131\u011f\u0131 d\u0259rinl\u0259\u015fdirm\u0259kl\u0259 bu h\u0259d\u0259fl\u0259r\u0259 b\u00f6y\u00fck t\u00f6hf\u0259l\u0259r veril\u0259c\u0259k. \u015eu\u015fa B\u0259yannam\u0259sinin ard\u0131nca Az\u0259rbaycan, T\u00fcrkiy\u0259 v\u0259 Pakistan parlament s\u0259drl\u0259rinin Az\u0259rbaycanda bir araya g\u0259l\u0259r\u0259k Bak\u0131 B\u0259yannam\u0259sini imzalamalar\u0131 da d\u00fcnyaya bir \u00e7ox mesajlar\u0131 \u00e7atd\u0131r\u0131r. Haz\u0131rk\u0131 d\u00f6vr\u00fcn \u0259sas t\u0259l\u0259bi\u00a0 10 noyabr B\u0259yanat\u0131n\u0131n\u00a0 \u015f\u0259rtl\u0259rinin icras\u0131na d\u0259st\u0259k olmaqla b\u00f6lg\u0259d\u0259 s\u00fclh\u00fcn, t\u0259hl\u00fck\u0259sizliyin dayan\u0131ql\u0131\u011f\u0131n\u0131 t\u0259min etm\u0259kdir. D\u00fcnyan\u0131n b\u0259zi d\u00f6vl\u0259tl\u0259rinin, t\u0259\u015fkilatlar\u0131n bu m\u0259s\u0259l\u0259l\u0259rd\u0259 h\u0259l\u0259 d\u0259 seyr\u00e7i m\u00f6vqed\u0259 dayand\u0131qlar\u0131 bir zamanda \u00a0Az\u0259rbaycan, T\u00fcrkiy\u0259 v\u0259 Pakistan\u0131n yen\u0259 d\u0259 n\u00fcmun\u0259 g\u00f6st\u0259r\u0259r\u0259k birg\u0259 add\u0131mlar atmalar\u0131 t\u0259qdir\u0259layiqdir.\u201d<\/p>\n<p>Ba\u015f redaktor diqq\u0259t\u0259 \u00e7atd\u0131r\u0131b ki, Da\u011fl\u0131q Qaraba\u011f m\u00fcnaqi\u015f\u0259sinin tarix\u0259 qovu\u015fmas\u0131 il\u0259 yaranan reall\u0131qlar\u0131n dikt\u0259 etdiyi\u00a0 m\u0259qamlardan biri m\u0259hz Z\u0259f\u0259rimizl\u0259 ba\u011fl\u0131 b\u00fct\u00fcn h\u0259qiq\u0259tl\u0259rin t\u0259bli\u011fi, t\u0259xribatlar t\u00f6r\u0259tm\u0259kl\u0259, at\u0259\u015fk\u0259si pozmaqla m\u00fcnaqi\u015f\u0259nin guya\u00a0 h\u0259ll olunmad\u0131\u011f\u0131 bar\u0259d\u0259 fikirl\u0259r formala\u015fd\u0131rma\u011fa s\u0259y g\u00f6st\u0259r\u0259n q\u00fcvv\u0259l\u0259ri h\u00fccum diplomatiyam\u0131z\u0131 g\u00fccl\u0259ndirm\u0259kl\u0259 yerind\u0259 oturtmaq, \u201cD\u0259mir yumru\u011f\u201dun\u00a0 bu g\u00fcn d\u0259 yerind\u0259 oldu\u011funu onlar\u0131n diqq\u0259tin\u0259 \u00e7atd\u0131rmaqd\u0131r. Bak\u0131 B\u0259yannam\u0259sind\u0259\u00a0 Az\u0259rbaycan\u0131n tarixi Z\u0259f\u0259ri, 44 g\u00fcnl\u00fck V\u0259t\u0259n m\u00fcharib\u0259sind\u0259 \u00f6z torpaqlar\u0131n\u0131 i\u015f\u011faldan azad etm\u0259si il\u0259 Erm\u0259nistan\u0131n i\u015f\u011fal\u00e7\u0131l\u0131q siyas\u0259tin\u0259 sars\u0131d\u0131c\u0131 z\u0259rb\u0259 vurmas\u0131 \u00a0\u00f6z \u0259ksini tap\u0131b.<\/p>\n<p>V.R\u0259himzad\u0259 qeyd edib ki, b\u00fct\u00f6vl\u00fckd\u0259 Bak\u0131 B\u0259yannam\u0259sind\u0259\u00a0 \u0259dal\u0259tin, beyn\u0259lxalq h\u00fcququn norma v\u0259 prinsipl\u0259rinin b\u00fct\u00fcn m\u00fcnaqi\u015f\u0259li m\u0259s\u0259l\u0259l\u0259rin h\u0259llind\u0259 \u0259sas oldu\u011fu x\u00fcsusi vur\u011fulan\u0131r: \u201cBak\u0131 B\u0259yannam\u0259si Az\u0259rbaycan\u0131n regional inki\u015faf\u0131n apar\u0131c\u0131 q\u00fcvv\u0259si kimi yerinin v\u0259 rolunun m\u00f6hk\u0259ml\u0259ndirilm\u0259sind\u0259, d\u00fcnya birliyind\u0259 n\u00fcfuzunun, siyasi m\u00f6vqeyinin daha da artmas\u0131nda \u0259h\u0259miyy\u0259tli rol oynayacaq. D\u00fcnyaya s\u0259s salan, Az\u0259rbaycan-T\u00fcrkiy\u0259 birliyinin zirv\u0259si kimi d\u0259y\u0259rl\u0259ndiril\u0259n \u015eu\u015fa B\u0259yannam\u0259sinin imzalanmas\u0131ndan \u00f6t\u0259n\u00a0 ay yar\u0131mdan az bir vaxtda \u00f6lk\u0259mizin dost \u00f6lk\u0259l\u0259rin parlamentl\u0259ri aras\u0131nda \u0259m\u0259kda\u015fl\u0131\u011f\u0131n d\u0259rinl\u0259\u015fdirilm\u0259si \u00fc\u00e7\u00fcn \u00a0bel\u0259 bir t\u0259\u015f\u0259bb\u00fcs\u00fcn\u00fcn d\u0259st\u0259kl\u0259n\u0259r\u0259k sonda Bak\u0131 B\u0259yannam\u0259sin\u0259 yol a\u00e7mas\u0131 bir daha t\u0259sdiql\u0259yir ki, yeni reall\u0131qlara uy\u011fun olaraq g\u0259l\u0259c\u0259y\u0259 hesablanm\u0131\u015f \u00a0h\u0259d\u0259fl\u0259rin icras\u0131n\u0131n ilk m\u0259rh\u0259l\u0259si u\u011furludur. \u0130\u015f\u011fal\u00e7\u0131 Erm\u0259nistan v\u0259 ona havadarl\u0131q ed\u0259n d\u00f6vl\u0259tl\u0259r reall\u0131qlarla bar\u0131\u015fmaq m\u0259cburiyy\u0259tind\u0259dirl\u0259r.\u201d<\/p>\n","protected":false},"excerpt":{"rendered":"<p>\u201cH\u0259yat yerind\u0259 durmur, yaranan yeni reall\u0131qlar yeni \u0259m\u0259kda\u015fl\u0131q m\u00fcnasib\u0259tl\u0259rinin formala\u015fd\u0131r\u0131lmas\u0131n\u0131, s\u0259yl\u0259rin art\u0131r\u0131lmas\u0131n\u0131, regoionda v\u0259 d\u00fcnyada c\u0259r\u0259yan ed\u0259n prosesl\u0259rin t\u0259hlili \u0259sas\u0131nda\u00a0 yeni h\u0259d\u0259fl\u0259rin m\u00fc\u0259yy\u0259nl\u0259\u015fdirilm\u0259sini bir z\u0259rur\u0259t kimi ortaya qoyur. Bu bax\u0131mdan 44 g\u00fcnl\u00fck \u0130kinci Qaraba\u011f m\u00fcharib\u0259sind\u0259 tarixi Q\u0259l\u0259b\u0259mizd\u0259n sonra ist\u0259r regionda, ist\u0259rs\u0259 d\u0259 d\u00fcnyada\u00a0 ba\u015f ver\u0259n yenilikl\u0259r\u00a0 diqq\u0259t m\u0259rk\u0259zind\u0259dir. \u00a0V\u0259t\u0259n m\u00fcharib\u0259sinin h\u0259qiq\u0259t an\u0131 kimi bu g\u00fcn d\u0259 geni\u015f m\u00fczakir\u0259 olunur, dost, qarda\u015f \u00f6lk\u0259l\u0259rin\u00a0 \u0259dal\u0259t\u0259 d\u0259st\u0259kd\u0259n ir\u0259li g\u0259l\u0259r\u0259k\u00a0 Az\u0259rbaycan\u0131n yan\u0131nda olmalar\u0131 t\u0259qdir edilir, bu add\u0131m\u0131n m\u00fcxt\u0259lif sah\u0259l\u0259r \u00fczr\u0259 \u0259m\u0259kda\u015fl\u0131\u011f\u0131n geni\u015fl\u0259ndirilm\u0259sini \u015f\u0259rtl\u0259ndirdiyi qeyd olunur. Daim yenilikl\u0259r\u0259 imza atan, t\u0259\u015f\u0259bb\u00fcsl\u0259ri, q\u0259rarlar\u0131 il\u0259 yaln\u0131z \u00f6z\u00fcn\u00fcn&hellip;<\/p>\n","protected":false},"author":2,"featured_media":361530,"comment_status":"closed","ping_status":"closed","sticky":false,"template":"","format":"standard","meta":{"om_disable_all_campaigns":false,"_monsterinsights_skip_tracking":false,"_monsterinsights_sitenote_active":false,"_monsterinsights_sitenote_note":"","_monsterinsights_sitenote_category":0},"categories":[4],"tags":[],"aioseo_notices":[],"gutentor_comment":0,"rttpg_featured_image_url":{"full":["https:\/\/arantv.az\/wp-content\/uploads\/2021\/07\/bdb6920a159178118174866699910063716.jpg",975,540,false],"landscape":["https:\/\/arantv.az\/wp-content\/uploads\/2021\/07\/bdb6920a159178118174866699910063716.jpg",975,540,false],"portraits":["https:\/\/arantv.az\/wp-content\/uploads\/2021\/07\/bdb6920a159178118174866699910063716.jpg",975,540,false],"thumbnail":["https:\/\/arantv.az\/wp-content\/uploads\/2021\/07\/bdb6920a159178118174866699910063716-500x280.jpg",500,280,true],"medium":["https:\/\/arantv.az\/wp-content\/uploads\/2021\/07\/bdb6920a159178118174866699910063716-660x365.jpg",660,365,true],"large":["https:\/\/arantv.az\/wp-content\/uploads\/2021\/07\/bdb6920a159178118174866699910063716-840x465.jpg",640,354,true],"1536x1536":["https:\/\/arantv.az\/wp-content\/uploads\/2021\/07\/bdb6920a159178118174866699910063716.jpg",975,540,false],"2048x2048":["https:\/\/arantv.az\/wp-content\/uploads\/2021\/07\/bdb6920a159178118174866699910063716.jpg",975,540,false],"post-thumbnail":["https:\/\/arantv.az\/wp-content\/uploads\/2021\/07\/bdb6920a159178118174866699910063716-240x172.jpg",240,172,true],"advps-thumb-one":["https:\/\/arantv.az\/wp-content\/uploads\/2021\/07\/bdb6920a159178118174866699910063716.jpg",975,540,false]},"rttpg_author":{"display_name":"V\u00fcsal Rafiqo\u011flu","author_link":"https:\/\/arantv.az\/?author=2"},"rttpg_comment":0,"rttpg_category":"<a href=\"https:\/\/arantv.az\/?cat=4\" rel=\"category\">Siyas\u0259t<\/a>","rttpg_excerpt":"\u201cH\u0259yat yerind\u0259 durmur, yaranan yeni reall\u0131qlar yeni \u0259m\u0259kda\u015fl\u0131q m\u00fcnasib\u0259tl\u0259rinin formala\u015fd\u0131r\u0131lmas\u0131n\u0131, s\u0259yl\u0259rin art\u0131r\u0131lmas\u0131n\u0131, regoionda v\u0259 d\u00fcnyada c\u0259r\u0259yan ed\u0259n prosesl\u0259rin t\u0259hlili \u0259sas\u0131nda\u00a0 yeni h\u0259d\u0259fl\u0259rin m\u00fc\u0259yy\u0259nl\u0259\u015fdirilm\u0259sini bir z\u0259rur\u0259t kimi ortaya qoyur. Bu bax\u0131mdan 44 g\u00fcnl\u00fck \u0130kinci Qaraba\u011f m\u00fcharib\u0259sind\u0259 tarixi Q\u0259l\u0259b\u0259mizd\u0259n sonra ist\u0259r regionda, ist\u0259rs\u0259 d\u0259 d\u00fcnyada\u00a0 ba\u015f ver\u0259n yenilikl\u0259r\u00a0 diqq\u0259t m\u0259rk\u0259zind\u0259dir. \u00a0V\u0259t\u0259n m\u00fcharib\u0259sinin h\u0259qiq\u0259t an\u0131 kimi bu g\u00fcn&hellip;","_links":{"self":[{"href":"https:\/\/arantv.az\/index.php?rest_route=\/wp\/v2\/posts\/361529"}],"collection":[{"href":"https:\/\/arantv.az\/index.php?rest_route=\/wp\/v2\/posts"}],"about":[{"href":"https:\/\/arantv.az\/index.php?rest_route=\/wp\/v2\/types\/post"}],"author":[{"embeddable":true,"href":"https:\/\/arantv.az\/index.php?rest_route=\/wp\/v2\/users\/2"}],"replies":[{"embeddable":true,"href":"https:\/\/arantv.az\/index.php?rest_route=%2Fwp%2Fv2%2Fcomments&post=361529"}],"version-history":[{"count":0,"href":"https:\/\/arantv.az\/index.php?rest_route=\/wp\/v2\/posts\/361529\/revisions"}],"wp:featuredmedia":[{"embeddable":true,"href":"https:\/\/arantv.az\/index.php?rest_route=\/wp\/v2\/media\/361530"}],"wp:attachment":[{"href":"https:\/\/arantv.az\/index.php?rest_route=%2Fwp%2Fv2%2Fmedia&parent=361529"}],"wp:term":[{"taxonomy":"category","embeddable":true,"href":"https:\/\/arantv.az\/index.php?rest_route=%2Fwp%2Fv2%2Fcategories&post=361529"},{"taxonomy":"post_tag","embeddable":true,"href":"https:\/\/arantv.az\/index.php?rest_route=%2Fwp%2Fv2%2Ftags&post=361529"}],"curies":[{"name":"wp","href":"https:\/\/api.w.org\/{rel}","templated":true}]}}