{"id":361535,"date":"2021-07-29T14:41:00","date_gmt":"2021-07-29T11:41:00","guid":{"rendered":"https:\/\/arantv.az\/?p=361535"},"modified":"2021-07-29T14:41:00","modified_gmt":"2021-07-29T11:41:00","slug":"bu-il-%c9%99rzind%c9%99-nec%c9%99-usaq-ovladliga-verilib-r%c9%99smi","status":"publish","type":"post","link":"https:\/\/arantv.az\/?p=361535","title":{"rendered":"Bu il \u0259rzind\u0259 ne\u00e7\u0259 u\u015faq \u00f6vladl\u0131\u011fa verilib? &#8211; R\u018fSM\u0130"},"content":{"rendered":"<p>\u201c2021-ci ilin 6 ay \u0259rzind\u0259\u00a0\u00f6vladl\u0131\u011fa g\u00f6t\u00fcr\u00fclm\u0259 il\u0259 ba\u011fl\u0131 \u018fm\u0259k v\u0259 \u018fhalinin Sosial M\u00fcdafi\u0259si Nazirliyinin tabeliyind\u0259 Sosial Xidm\u0259tl\u0259r Agentliyin\u0259 182 m\u00fcraci\u0259t daxil olub\u201d.<\/p>\n<p><strong>ARANTV.AZ<\/strong>-\u0131n m\u0259lumat\u0131na g\u00f6r\u0259, bunu agentliyin s\u0259dri V\u00fcqar Behbudov ke\u00e7irdiyi m\u0259tbuat konfrans\u0131nda bildirib.<\/p>\n<p>Onun s\u00f6zl\u0259rin\u0259 g\u00f6r\u0259, m\u00fcraci\u0259tl\u0259rd\u0259n\u00a058-i m\u00fc\u0259ssis\u0259d\u0259n olan u\u015faqlarla ba\u011fl\u0131 olub:<\/p>\n<div id=\"AdviadNativeVideo0\" class=\"AdviadNativeVideo\"><\/div>\n<p>\u201cBu ilin alt\u0131 ay\u0131nda 28-i q\u0131z, 26-s\u0131 o\u011flan olmaqla 54 u\u015faq \u00f6vladl\u0131\u011fa verilib\u201d.<\/p>\n<p>O qeyd edib ki, 2020-ci ilin 6 ay\u0131nda 31 u\u015fa\u011f\u0131n ail\u0259l\u0259rin\u0259 reinteqrasiya edilm\u0259si t\u0259min edilib.<\/p>\n","protected":false},"excerpt":{"rendered":"<p>\u201c2021-ci ilin 6 ay \u0259rzind\u0259\u00a0\u00f6vladl\u0131\u011fa g\u00f6t\u00fcr\u00fclm\u0259 il\u0259 ba\u011fl\u0131 \u018fm\u0259k v\u0259 \u018fhalinin Sosial M\u00fcdafi\u0259si Nazirliyinin tabeliyind\u0259 Sosial Xidm\u0259tl\u0259r Agentliyin\u0259 182 m\u00fcraci\u0259t daxil olub\u201d. ARANTV.AZ-\u0131n m\u0259lumat\u0131na g\u00f6r\u0259, bunu agentliyin s\u0259dri V\u00fcqar Behbudov ke\u00e7irdiyi m\u0259tbuat konfrans\u0131nda bildirib. Onun s\u00f6zl\u0259rin\u0259 g\u00f6r\u0259, m\u00fcraci\u0259tl\u0259rd\u0259n\u00a058-i m\u00fc\u0259ssis\u0259d\u0259n olan u\u015faqlarla ba\u011fl\u0131 olub: \u201cBu ilin alt\u0131 ay\u0131nda 28-i q\u0131z, 26-s\u0131 o\u011flan olmaqla 54 u\u015faq \u00f6vladl\u0131\u011fa verilib\u201d. O qeyd edib ki, 2020-ci ilin 6 ay\u0131nda 31 u\u015fa\u011f\u0131n ail\u0259l\u0259rin\u0259 reinteqrasiya edilm\u0259si t\u0259min edilib.<\/p>\n","protected":false},"author":2,"featured_media":361536,"comment_status":"closed","ping_status":"closed","sticky":false,"template":"","format":"standard","meta":{"om_disable_all_campaigns":false,"_monsterinsights_skip_tracking":false,"_monsterinsights_sitenote_active":false,"_monsterinsights_sitenote_note":"","_monsterinsights_sitenote_category":0},"categories":[26],"tags":[],"aioseo_notices":[],"gutentor_comment":0,"rttpg_featured_image_url":{"full":["https:\/\/arantv.az\/wp-content\/uploads\/2021\/07\/aPDIwZ54HYg.jpg",620,413,false],"landscape":["https:\/\/arantv.az\/wp-content\/uploads\/2021\/07\/aPDIwZ54HYg.jpg",620,413,false],"portraits":["https:\/\/arantv.az\/wp-content\/uploads\/2021\/07\/aPDIwZ54HYg.jpg",620,413,false],"thumbnail":["https:\/\/arantv.az\/wp-content\/uploads\/2021\/07\/aPDIwZ54HYg-500x280.jpg",500,280,true],"medium":["https:\/\/arantv.az\/wp-content\/uploads\/2021\/07\/aPDIwZ54HYg-548x365.jpg",548,365,true],"large":["https:\/\/arantv.az\/wp-content\/uploads\/2021\/07\/aPDIwZ54HYg.jpg",620,413,false],"1536x1536":["https:\/\/arantv.az\/wp-content\/uploads\/2021\/07\/aPDIwZ54HYg.jpg",620,413,false],"2048x2048":["https:\/\/arantv.az\/wp-content\/uploads\/2021\/07\/aPDIwZ54HYg.jpg",620,413,false],"post-thumbnail":["https:\/\/arantv.az\/wp-content\/uploads\/2021\/07\/aPDIwZ54HYg-240x172.jpg",240,172,true],"advps-thumb-one":["https:\/\/arantv.az\/wp-content\/uploads\/2021\/07\/aPDIwZ54HYg.jpg",620,413,false]},"rttpg_author":{"display_name":"V\u00fcsal Rafiqo\u011flu","author_link":"https:\/\/arantv.az\/?author=2"},"rttpg_comment":0,"rttpg_category":"<a href=\"https:\/\/arantv.az\/?cat=26\" rel=\"category\">Sosial<\/a>","rttpg_excerpt":"\u201c2021-ci ilin 6 ay \u0259rzind\u0259\u00a0\u00f6vladl\u0131\u011fa g\u00f6t\u00fcr\u00fclm\u0259 il\u0259 ba\u011fl\u0131 \u018fm\u0259k v\u0259 \u018fhalinin Sosial M\u00fcdafi\u0259si Nazirliyinin tabeliyind\u0259 Sosial Xidm\u0259tl\u0259r Agentliyin\u0259 182 m\u00fcraci\u0259t daxil olub\u201d. ARANTV.AZ-\u0131n m\u0259lumat\u0131na g\u00f6r\u0259, bunu agentliyin s\u0259dri V\u00fcqar Behbudov ke\u00e7irdiyi m\u0259tbuat konfrans\u0131nda bildirib. Onun s\u00f6zl\u0259rin\u0259 g\u00f6r\u0259, m\u00fcraci\u0259tl\u0259rd\u0259n\u00a058-i m\u00fc\u0259ssis\u0259d\u0259n olan u\u015faqlarla ba\u011fl\u0131 olub: \u201cBu ilin alt\u0131 ay\u0131nda 28-i q\u0131z, 26-s\u0131 o\u011flan olmaqla 54 u\u015faq \u00f6vladl\u0131\u011fa&hellip;","_links":{"self":[{"href":"https:\/\/arantv.az\/index.php?rest_route=\/wp\/v2\/posts\/361535"}],"collection":[{"href":"https:\/\/arantv.az\/index.php?rest_route=\/wp\/v2\/posts"}],"about":[{"href":"https:\/\/arantv.az\/index.php?rest_route=\/wp\/v2\/types\/post"}],"author":[{"embeddable":true,"href":"https:\/\/arantv.az\/index.php?rest_route=\/wp\/v2\/users\/2"}],"replies":[{"embeddable":true,"href":"https:\/\/arantv.az\/index.php?rest_route=%2Fwp%2Fv2%2Fcomments&post=361535"}],"version-history":[{"count":0,"href":"https:\/\/arantv.az\/index.php?rest_route=\/wp\/v2\/posts\/361535\/revisions"}],"wp:featuredmedia":[{"embeddable":true,"href":"https:\/\/arantv.az\/index.php?rest_route=\/wp\/v2\/media\/361536"}],"wp:attachment":[{"href":"https:\/\/arantv.az\/index.php?rest_route=%2Fwp%2Fv2%2Fmedia&parent=361535"}],"wp:term":[{"taxonomy":"category","embeddable":true,"href":"https:\/\/arantv.az\/index.php?rest_route=%2Fwp%2Fv2%2Fcategories&post=361535"},{"taxonomy":"post_tag","embeddable":true,"href":"https:\/\/arantv.az\/index.php?rest_route=%2Fwp%2Fv2%2Ftags&post=361535"}],"curies":[{"name":"wp","href":"https:\/\/api.w.org\/{rel}","templated":true}]}}