{"id":361571,"date":"2021-07-29T15:17:06","date_gmt":"2021-07-29T12:17:06","guid":{"rendered":"https:\/\/arantv.az\/?p=361571"},"modified":"2021-07-29T15:17:06","modified_gmt":"2021-07-29T12:17:06","slug":"gurcustanda-az%c9%99rbaycanli-coban-itkin-dusub","status":"publish","type":"post","link":"https:\/\/arantv.az\/?p=361571","title":{"rendered":"G\u00fcrc\u00fcstanda az\u0259rbaycanl\u0131 \u00e7oban itkin d\u00fc\u015f\u00fcb"},"content":{"rendered":"<p>G\u00fcrc\u00fcstan\u0131n Kaxeti b\u00f6lg\u0259sinin Saqareco b\u0259l\u0259diyy\u0259sind\u0259 32 ya\u015fl\u0131 \u00e7oban Com\u0259rd \u018fhm\u0259dov itkin d\u00fc\u015f\u00fcb.<\/p>\n<p><strong>ARANTV.AZ\u00a0 x\u0259b\u0259r verir ki,<\/strong>\u00a0art\u0131q be\u015finci g\u00fcnd\u00fcr yax\u0131nlar\u0131 onunla \u0259laq\u0259 saxlaya bilmirl\u0259r.<\/p>\n<p>C.\u018fhm\u0259dov iyulun 25-d\u0259 qoyun s\u00fcr\u00fcs\u00fcn\u00fc otarmaq \u00fc\u00e7\u00fcn Tulari k\u0259ndind\u0259n P\u015favi rayonu istiqam\u0259tind\u0259 yola \u00e7\u0131x\u0131b v\u0259 geri d\u00f6nm\u0259yib.<\/p>\n<p>G\u00fcrc\u00fcstan\u0131n Daxili \u0130\u015fl\u0259r Nazirliyind\u0259 faktla ba\u011fl\u0131 azadl\u0131qdan qanunsuz m\u0259hrum etm\u0259 madd\u0259si \u00fczr\u0259 istintaq apar\u0131l\u0131r.<\/p>\n<p>\u00c7oban\u0131n axtar\u0131\u015flar\u0131 intensiv rejimd\u0259 davam etdirilir.<\/p>\n","protected":false},"excerpt":{"rendered":"<p>G\u00fcrc\u00fcstan\u0131n Kaxeti b\u00f6lg\u0259sinin Saqareco b\u0259l\u0259diyy\u0259sind\u0259 32 ya\u015fl\u0131 \u00e7oban Com\u0259rd \u018fhm\u0259dov itkin d\u00fc\u015f\u00fcb. ARANTV.AZ\u00a0 x\u0259b\u0259r verir ki,\u00a0art\u0131q be\u015finci g\u00fcnd\u00fcr yax\u0131nlar\u0131 onunla \u0259laq\u0259 saxlaya bilmirl\u0259r. C.\u018fhm\u0259dov iyulun 25-d\u0259 qoyun s\u00fcr\u00fcs\u00fcn\u00fc otarmaq \u00fc\u00e7\u00fcn Tulari k\u0259ndind\u0259n P\u015favi rayonu istiqam\u0259tind\u0259 yola \u00e7\u0131x\u0131b v\u0259 geri d\u00f6nm\u0259yib. G\u00fcrc\u00fcstan\u0131n Daxili \u0130\u015fl\u0259r Nazirliyind\u0259 faktla ba\u011fl\u0131 azadl\u0131qdan qanunsuz m\u0259hrum etm\u0259 madd\u0259si \u00fczr\u0259 istintaq apar\u0131l\u0131r. \u00c7oban\u0131n axtar\u0131\u015flar\u0131 intensiv rejimd\u0259 davam etdirilir.<\/p>\n","protected":false},"author":2,"featured_media":361572,"comment_status":"closed","ping_status":"closed","sticky":false,"template":"","format":"standard","meta":{"om_disable_all_campaigns":false,"_monsterinsights_skip_tracking":false,"_monsterinsights_sitenote_active":false,"_monsterinsights_sitenote_note":"","_monsterinsights_sitenote_category":0},"categories":[5],"tags":[],"aioseo_notices":[],"gutentor_comment":0,"rttpg_featured_image_url":{"full":["https:\/\/arantv.az\/wp-content\/uploads\/2021\/07\/819c9fbf162547030949624841311035256.jpg",975,540,false],"landscape":["https:\/\/arantv.az\/wp-content\/uploads\/2021\/07\/819c9fbf162547030949624841311035256.jpg",975,540,false],"portraits":["https:\/\/arantv.az\/wp-content\/uploads\/2021\/07\/819c9fbf162547030949624841311035256.jpg",975,540,false],"thumbnail":["https:\/\/arantv.az\/wp-content\/uploads\/2021\/07\/819c9fbf162547030949624841311035256-500x280.jpg",500,280,true],"medium":["https:\/\/arantv.az\/wp-content\/uploads\/2021\/07\/819c9fbf162547030949624841311035256-660x365.jpg",660,365,true],"large":["https:\/\/arantv.az\/wp-content\/uploads\/2021\/07\/819c9fbf162547030949624841311035256-840x465.jpg",640,354,true],"1536x1536":["https:\/\/arantv.az\/wp-content\/uploads\/2021\/07\/819c9fbf162547030949624841311035256.jpg",975,540,false],"2048x2048":["https:\/\/arantv.az\/wp-content\/uploads\/2021\/07\/819c9fbf162547030949624841311035256.jpg",975,540,false],"post-thumbnail":["https:\/\/arantv.az\/wp-content\/uploads\/2021\/07\/819c9fbf162547030949624841311035256-240x172.jpg",240,172,true],"advps-thumb-one":["https:\/\/arantv.az\/wp-content\/uploads\/2021\/07\/819c9fbf162547030949624841311035256.jpg",975,540,false]},"rttpg_author":{"display_name":"V\u00fcsal Rafiqo\u011flu","author_link":"https:\/\/arantv.az\/?author=2"},"rttpg_comment":0,"rttpg_category":"<a href=\"https:\/\/arantv.az\/?cat=5\" rel=\"category\">Hadis\u0259<\/a>","rttpg_excerpt":"G\u00fcrc\u00fcstan\u0131n Kaxeti b\u00f6lg\u0259sinin Saqareco b\u0259l\u0259diyy\u0259sind\u0259 32 ya\u015fl\u0131 \u00e7oban Com\u0259rd \u018fhm\u0259dov itkin d\u00fc\u015f\u00fcb. ARANTV.AZ\u00a0 x\u0259b\u0259r verir ki,\u00a0art\u0131q be\u015finci g\u00fcnd\u00fcr yax\u0131nlar\u0131 onunla \u0259laq\u0259 saxlaya bilmirl\u0259r. C.\u018fhm\u0259dov iyulun 25-d\u0259 qoyun s\u00fcr\u00fcs\u00fcn\u00fc otarmaq \u00fc\u00e7\u00fcn Tulari k\u0259ndind\u0259n P\u015favi rayonu istiqam\u0259tind\u0259 yola \u00e7\u0131x\u0131b v\u0259 geri d\u00f6nm\u0259yib. G\u00fcrc\u00fcstan\u0131n Daxili \u0130\u015fl\u0259r Nazirliyind\u0259 faktla ba\u011fl\u0131 azadl\u0131qdan qanunsuz m\u0259hrum etm\u0259 madd\u0259si \u00fczr\u0259 istintaq apar\u0131l\u0131r. \u00c7oban\u0131n&hellip;","_links":{"self":[{"href":"https:\/\/arantv.az\/index.php?rest_route=\/wp\/v2\/posts\/361571"}],"collection":[{"href":"https:\/\/arantv.az\/index.php?rest_route=\/wp\/v2\/posts"}],"about":[{"href":"https:\/\/arantv.az\/index.php?rest_route=\/wp\/v2\/types\/post"}],"author":[{"embeddable":true,"href":"https:\/\/arantv.az\/index.php?rest_route=\/wp\/v2\/users\/2"}],"replies":[{"embeddable":true,"href":"https:\/\/arantv.az\/index.php?rest_route=%2Fwp%2Fv2%2Fcomments&post=361571"}],"version-history":[{"count":0,"href":"https:\/\/arantv.az\/index.php?rest_route=\/wp\/v2\/posts\/361571\/revisions"}],"wp:featuredmedia":[{"embeddable":true,"href":"https:\/\/arantv.az\/index.php?rest_route=\/wp\/v2\/media\/361572"}],"wp:attachment":[{"href":"https:\/\/arantv.az\/index.php?rest_route=%2Fwp%2Fv2%2Fmedia&parent=361571"}],"wp:term":[{"taxonomy":"category","embeddable":true,"href":"https:\/\/arantv.az\/index.php?rest_route=%2Fwp%2Fv2%2Fcategories&post=361571"},{"taxonomy":"post_tag","embeddable":true,"href":"https:\/\/arantv.az\/index.php?rest_route=%2Fwp%2Fv2%2Ftags&post=361571"}],"curies":[{"name":"wp","href":"https:\/\/api.w.org\/{rel}","templated":true}]}}