{"id":36167,"date":"2019-01-31T15:57:46","date_gmt":"2019-01-31T12:57:46","guid":{"rendered":"http:\/\/arantv.az\/?p=36167"},"modified":"2019-01-31T15:57:46","modified_gmt":"2019-01-31T12:57:46","slug":"x%c9%99b%c9%99rdarliq-20","status":"publish","type":"post","link":"https:\/\/arantv.az\/?p=36167","title":{"rendered":"X\u0259b\u0259rdarl\u0131q"},"content":{"rendered":"<p><strong>ARANTV.AZ<\/strong> x\u0259b\u0259r verir ki, Ekologiya v\u0259 T\u0259bii S\u0259rv\u0259tl\u0259r Nazirliyinin Milli Hidrometeorologiya Departamentinin verdiyi m\u0259lumata g\u00f6r\u0259:<\/p>\n<p><strong>Bak\u0131da v\u0259 Ab\u015feron yar\u0131madas\u0131nda<\/strong><\/p>\n<p>Fevral\u0131n 02-d\u0259 g\u00fcnd\u00fcz, 03-d\u0259 \u015fimal-q\u0259rb k\u00fcl\u0259yinin 15-18 m\/s olaca\u011f\u0131, arabir 20 m\/s-d\u0259k g\u00fccl\u0259n\u0259c\u0259yi g\u00f6zl\u0259nilir.<\/p>\n<p><strong>Az\u0259rbaycan\u0131n rayonlar\u0131nda<\/strong><\/p>\n<p>Fevral\u0131n 02-03-d\u0259 b\u0259zi rayonlarda hava \u015f\u0259raitinin qeyri-sabit ke\u00e7\u0259c\u0259yi, arabir ya\u011f\u0131\u015f ya\u011faca\u011f\u0131 g\u00f6zl\u0259nilir. Ayr\u0131-ayr\u0131 yerl\u0259rd\u0259 intensiv olaca\u011f\u0131, qar ya\u011faca\u011f\u0131 ehtimal\u0131 var. Q\u0259rb k\u00fcl\u0259yi b\u0259zi yerl\u0259rd\u0259 arabir 20-25 m\/s-d\u0259k g\u00fccl\u0259n\u0259c\u0259k.<\/p>\n","protected":false},"excerpt":{"rendered":"<p>ARANTV.AZ x\u0259b\u0259r verir ki, Ekologiya v\u0259 T\u0259bii S\u0259rv\u0259tl\u0259r Nazirliyinin Milli Hidrometeorologiya Departamentinin verdiyi m\u0259lumata g\u00f6r\u0259: Bak\u0131da v\u0259 Ab\u015feron yar\u0131madas\u0131nda Fevral\u0131n 02-d\u0259 g\u00fcnd\u00fcz, 03-d\u0259 \u015fimal-q\u0259rb k\u00fcl\u0259yinin 15-18 m\/s olaca\u011f\u0131, arabir 20 m\/s-d\u0259k g\u00fccl\u0259n\u0259c\u0259yi g\u00f6zl\u0259nilir. Az\u0259rbaycan\u0131n rayonlar\u0131nda Fevral\u0131n 02-03-d\u0259 b\u0259zi rayonlarda hava \u015f\u0259raitinin qeyri-sabit ke\u00e7\u0259c\u0259yi, arabir ya\u011f\u0131\u015f ya\u011faca\u011f\u0131 g\u00f6zl\u0259nilir. Ayr\u0131-ayr\u0131 yerl\u0259rd\u0259 intensiv olaca\u011f\u0131, qar ya\u011faca\u011f\u0131 ehtimal\u0131 var. Q\u0259rb k\u00fcl\u0259yi b\u0259zi yerl\u0259rd\u0259 arabir 20-25 m\/s-d\u0259k g\u00fccl\u0259n\u0259c\u0259k.<\/p>\n","protected":false},"author":2,"featured_media":36168,"comment_status":"closed","ping_status":"closed","sticky":false,"template":"","format":"standard","meta":{"om_disable_all_campaigns":false,"_monsterinsights_skip_tracking":false,"_monsterinsights_sitenote_active":false,"_monsterinsights_sitenote_note":"","_monsterinsights_sitenote_category":0},"categories":[1],"tags":[],"aioseo_notices":[],"gutentor_comment":0,"rttpg_featured_image_url":{"full":["https:\/\/arantv.az\/wp-content\/uploads\/2019\/01\/403125.jpg",620,465,false],"landscape":["https:\/\/arantv.az\/wp-content\/uploads\/2019\/01\/403125.jpg",620,465,false],"portraits":["https:\/\/arantv.az\/wp-content\/uploads\/2019\/01\/403125.jpg",620,465,false],"thumbnail":["https:\/\/arantv.az\/wp-content\/uploads\/2019\/01\/403125-150x150.jpg",150,150,true],"medium":["https:\/\/arantv.az\/wp-content\/uploads\/2019\/01\/403125-300x225.jpg",300,225,true],"large":["https:\/\/arantv.az\/wp-content\/uploads\/2019\/01\/403125.jpg",620,465,false],"1536x1536":["https:\/\/arantv.az\/wp-content\/uploads\/2019\/01\/403125.jpg",620,465,false],"2048x2048":["https:\/\/arantv.az\/wp-content\/uploads\/2019\/01\/403125.jpg",620,465,false],"post-thumbnail":["https:\/\/arantv.az\/wp-content\/uploads\/2019\/01\/403125-240x172.jpg",240,172,true],"advps-thumb-one":["https:\/\/arantv.az\/wp-content\/uploads\/2019\/01\/403125.jpg",620,465,false]},"rttpg_author":{"display_name":"V\u00fcsal Rafiqo\u011flu","author_link":"https:\/\/arantv.az\/?author=2"},"rttpg_comment":0,"rttpg_category":"<a href=\"https:\/\/arantv.az\/?cat=1\" rel=\"category\">C\u0259miyy\u0259t<\/a>","rttpg_excerpt":"ARANTV.AZ x\u0259b\u0259r verir ki, Ekologiya v\u0259 T\u0259bii S\u0259rv\u0259tl\u0259r Nazirliyinin Milli Hidrometeorologiya Departamentinin verdiyi m\u0259lumata g\u00f6r\u0259: Bak\u0131da v\u0259 Ab\u015feron yar\u0131madas\u0131nda Fevral\u0131n 02-d\u0259 g\u00fcnd\u00fcz, 03-d\u0259 \u015fimal-q\u0259rb k\u00fcl\u0259yinin 15-18 m\/s olaca\u011f\u0131, arabir 20 m\/s-d\u0259k g\u00fccl\u0259n\u0259c\u0259yi g\u00f6zl\u0259nilir. Az\u0259rbaycan\u0131n rayonlar\u0131nda Fevral\u0131n 02-03-d\u0259 b\u0259zi rayonlarda hava \u015f\u0259raitinin qeyri-sabit ke\u00e7\u0259c\u0259yi, arabir ya\u011f\u0131\u015f ya\u011faca\u011f\u0131 g\u00f6zl\u0259nilir. Ayr\u0131-ayr\u0131 yerl\u0259rd\u0259 intensiv olaca\u011f\u0131, qar ya\u011faca\u011f\u0131 ehtimal\u0131 var.&hellip;","_links":{"self":[{"href":"https:\/\/arantv.az\/index.php?rest_route=\/wp\/v2\/posts\/36167"}],"collection":[{"href":"https:\/\/arantv.az\/index.php?rest_route=\/wp\/v2\/posts"}],"about":[{"href":"https:\/\/arantv.az\/index.php?rest_route=\/wp\/v2\/types\/post"}],"author":[{"embeddable":true,"href":"https:\/\/arantv.az\/index.php?rest_route=\/wp\/v2\/users\/2"}],"replies":[{"embeddable":true,"href":"https:\/\/arantv.az\/index.php?rest_route=%2Fwp%2Fv2%2Fcomments&post=36167"}],"version-history":[{"count":0,"href":"https:\/\/arantv.az\/index.php?rest_route=\/wp\/v2\/posts\/36167\/revisions"}],"wp:featuredmedia":[{"embeddable":true,"href":"https:\/\/arantv.az\/index.php?rest_route=\/wp\/v2\/media\/36168"}],"wp:attachment":[{"href":"https:\/\/arantv.az\/index.php?rest_route=%2Fwp%2Fv2%2Fmedia&parent=36167"}],"wp:term":[{"taxonomy":"category","embeddable":true,"href":"https:\/\/arantv.az\/index.php?rest_route=%2Fwp%2Fv2%2Fcategories&post=36167"},{"taxonomy":"post_tag","embeddable":true,"href":"https:\/\/arantv.az\/index.php?rest_route=%2Fwp%2Fv2%2Ftags&post=36167"}],"curies":[{"name":"wp","href":"https:\/\/api.w.org\/{rel}","templated":true}]}}