{"id":361735,"date":"2021-07-30T10:19:56","date_gmt":"2021-07-30T07:19:56","guid":{"rendered":"http:\/\/arantv.az\/?p=361735"},"modified":"2021-07-30T10:19:56","modified_gmt":"2021-07-30T07:19:56","slug":"prezidentin-tapsirigi-il%c9%99-turkiy%c9%99y%c9%99-az%c9%99rbaycandan-yardim-d%c9%99st%c9%99l%c9%99ri-gond%c9%99ril%c9%99c%c9%99k","status":"publish","type":"post","link":"https:\/\/arantv.az\/?p=361735","title":{"rendered":"Prezidentin tap\u015f\u0131r\u0131\u011f\u0131 il\u0259 T\u00fcrkiy\u0259y\u0259 Az\u0259rbaycandan yard\u0131m d\u0259st\u0259l\u0259ri g\u00f6nd\u0259ril\u0259c\u0259k"},"content":{"rendered":"<p>Az\u0259rbaycan Respublikas\u0131n\u0131n Prezidenti \u0130lham \u018fliyevin tap\u015f\u0131r\u0131\u011f\u0131na m\u00fcvafiq olaraq, me\u015f\u0259 yan\u011f\u0131nlar\u0131n\u0131n s\u00f6nd\u00fcr\u00fclm\u0259si v\u0259 daha geni\u015f miqyas almas\u0131na imkan verilm\u0259m\u0259si m\u0259qs\u0259dil\u0259 qarda\u015f T\u00fcrkiy\u0259y\u0259 Az\u0259rbaycandan yard\u0131m d\u0259st\u0259l\u0259ri g\u00f6nd\u0259ril\u0259c\u0259k.<\/p>\n<div id=\"AdviadNativeVideo0\" class=\"AdviadNativeVideo\"><\/div>\n<p>Bunu\u00a0<a href=\"https:\/\/azertag.az\/xeber\/Hikmet_Haciyev_Prezident_Ilham_Aliyevin_tapsirigi_ile_qardas_Turkiyeye_Azerbaycandan_yardim_desteleri_gonderilecek-1841767?fbclid=IwAR3RskdrSAEvrobHYNW1Ji8k4vzFckx69vu_AIHc_pUUKA_YCQ-bmKgjymg\" target=\"_blank\" rel=\"noopener\">AZ\u018fRTAC<\/a>-a a\u00e7\u0131qlamas\u0131nda Az\u0259rbaycan Respublikas\u0131 Prezidentinin k\u00f6m\u0259k\u00e7isi-Prezident Administrasiyas\u0131n\u0131n Xarici siyas\u0259t m\u0259s\u0259l\u0259l\u0259ri \u015f\u00f6b\u0259sinin m\u00fcdiri Hikm\u0259t Hac\u0131yev bildirib.<\/p>\n<p>Prezidentin k\u00f6m\u0259k\u00e7isi deyib: \u201cBununla \u0259laq\u0259dar olaraq, Prezident \u0130lham \u018fliyev t\u0259r\u0259find\u0259n Az\u0259rbaycan Respublikas\u0131n\u0131n Ba\u015f nazirin\u0259 v\u0259 F\u00f6vq\u0259lad\u0259 Hallar Nazirliyin\u0259 laz\u0131mi tap\u015f\u0131r\u0131qlar v\u0259 g\u00f6st\u0259ri\u015fl\u0259r verilib. M\u00fcvafiq d\u00f6vl\u0259t qurumlar\u0131 T\u00fcrkiy\u0259d\u0259n olan t\u0259r\u0259f m\u00fcqabill\u0259ri il\u0259 \u0259laq\u0259 qurub v\u0259 \u0259n q\u0131sa zamanda yard\u0131m d\u0259st\u0259l\u0259ri qarda\u015f \u00f6lk\u0259y\u0259 yola d\u00fc\u015f\u0259c\u0259k\u201d.<\/p>\n","protected":false},"excerpt":{"rendered":"<p>Az\u0259rbaycan Respublikas\u0131n\u0131n Prezidenti \u0130lham \u018fliyevin tap\u015f\u0131r\u0131\u011f\u0131na m\u00fcvafiq olaraq, me\u015f\u0259 yan\u011f\u0131nlar\u0131n\u0131n s\u00f6nd\u00fcr\u00fclm\u0259si v\u0259 daha geni\u015f miqyas almas\u0131na imkan verilm\u0259m\u0259si m\u0259qs\u0259dil\u0259 qarda\u015f T\u00fcrkiy\u0259y\u0259 Az\u0259rbaycandan yard\u0131m d\u0259st\u0259l\u0259ri g\u00f6nd\u0259ril\u0259c\u0259k. Bunu\u00a0AZ\u018fRTAC-a a\u00e7\u0131qlamas\u0131nda Az\u0259rbaycan Respublikas\u0131 Prezidentinin k\u00f6m\u0259k\u00e7isi-Prezident Administrasiyas\u0131n\u0131n Xarici siyas\u0259t m\u0259s\u0259l\u0259l\u0259ri \u015f\u00f6b\u0259sinin m\u00fcdiri Hikm\u0259t Hac\u0131yev bildirib. Prezidentin k\u00f6m\u0259k\u00e7isi deyib: \u201cBununla \u0259laq\u0259dar olaraq, Prezident \u0130lham \u018fliyev t\u0259r\u0259find\u0259n Az\u0259rbaycan Respublikas\u0131n\u0131n Ba\u015f nazirin\u0259 v\u0259 F\u00f6vq\u0259lad\u0259 Hallar Nazirliyin\u0259 laz\u0131mi tap\u015f\u0131r\u0131qlar v\u0259 g\u00f6st\u0259ri\u015fl\u0259r verilib. M\u00fcvafiq d\u00f6vl\u0259t qurumlar\u0131 T\u00fcrkiy\u0259d\u0259n olan t\u0259r\u0259f m\u00fcqabill\u0259ri il\u0259 \u0259laq\u0259 qurub v\u0259 \u0259n q\u0131sa zamanda yard\u0131m d\u0259st\u0259l\u0259ri qarda\u015f \u00f6lk\u0259y\u0259 yola d\u00fc\u015f\u0259c\u0259k\u201d.<\/p>\n","protected":false},"author":2,"featured_media":361736,"comment_status":"closed","ping_status":"closed","sticky":false,"template":"","format":"standard","meta":{"om_disable_all_campaigns":false,"_monsterinsights_skip_tracking":false,"_monsterinsights_sitenote_active":false,"_monsterinsights_sitenote_note":"","_monsterinsights_sitenote_category":0},"categories":[4],"tags":[],"aioseo_notices":[],"gutentor_comment":0,"rttpg_featured_image_url":{"full":["https:\/\/arantv.az\/wp-content\/uploads\/2021\/07\/ilham_aliyev_president_291217_3.jpg",620,465,false],"landscape":["https:\/\/arantv.az\/wp-content\/uploads\/2021\/07\/ilham_aliyev_president_291217_3.jpg",620,465,false],"portraits":["https:\/\/arantv.az\/wp-content\/uploads\/2021\/07\/ilham_aliyev_president_291217_3.jpg",620,465,false],"thumbnail":["https:\/\/arantv.az\/wp-content\/uploads\/2021\/07\/ilham_aliyev_president_291217_3-500x280.jpg",500,280,true],"medium":["https:\/\/arantv.az\/wp-content\/uploads\/2021\/07\/ilham_aliyev_president_291217_3-487x365.jpg",487,365,true],"large":["https:\/\/arantv.az\/wp-content\/uploads\/2021\/07\/ilham_aliyev_president_291217_3.jpg",620,465,false],"1536x1536":["https:\/\/arantv.az\/wp-content\/uploads\/2021\/07\/ilham_aliyev_president_291217_3.jpg",620,465,false],"2048x2048":["https:\/\/arantv.az\/wp-content\/uploads\/2021\/07\/ilham_aliyev_president_291217_3.jpg",620,465,false],"post-thumbnail":["https:\/\/arantv.az\/wp-content\/uploads\/2021\/07\/ilham_aliyev_president_291217_3-240x172.jpg",240,172,true],"advps-thumb-one":["https:\/\/arantv.az\/wp-content\/uploads\/2021\/07\/ilham_aliyev_president_291217_3.jpg",620,465,false]},"rttpg_author":{"display_name":"V\u00fcsal Rafiqo\u011flu","author_link":"https:\/\/arantv.az\/?author=2"},"rttpg_comment":0,"rttpg_category":"<a href=\"https:\/\/arantv.az\/?cat=4\" rel=\"category\">Siyas\u0259t<\/a>","rttpg_excerpt":"Az\u0259rbaycan Respublikas\u0131n\u0131n Prezidenti \u0130lham \u018fliyevin tap\u015f\u0131r\u0131\u011f\u0131na m\u00fcvafiq olaraq, me\u015f\u0259 yan\u011f\u0131nlar\u0131n\u0131n s\u00f6nd\u00fcr\u00fclm\u0259si v\u0259 daha geni\u015f miqyas almas\u0131na imkan verilm\u0259m\u0259si m\u0259qs\u0259dil\u0259 qarda\u015f T\u00fcrkiy\u0259y\u0259 Az\u0259rbaycandan yard\u0131m d\u0259st\u0259l\u0259ri g\u00f6nd\u0259ril\u0259c\u0259k. Bunu\u00a0AZ\u018fRTAC-a a\u00e7\u0131qlamas\u0131nda Az\u0259rbaycan Respublikas\u0131 Prezidentinin k\u00f6m\u0259k\u00e7isi-Prezident Administrasiyas\u0131n\u0131n Xarici siyas\u0259t m\u0259s\u0259l\u0259l\u0259ri \u015f\u00f6b\u0259sinin m\u00fcdiri Hikm\u0259t Hac\u0131yev bildirib. Prezidentin k\u00f6m\u0259k\u00e7isi deyib: \u201cBununla \u0259laq\u0259dar olaraq, Prezident \u0130lham \u018fliyev t\u0259r\u0259find\u0259n Az\u0259rbaycan Respublikas\u0131n\u0131n Ba\u015f nazirin\u0259 v\u0259&hellip;","_links":{"self":[{"href":"https:\/\/arantv.az\/index.php?rest_route=\/wp\/v2\/posts\/361735"}],"collection":[{"href":"https:\/\/arantv.az\/index.php?rest_route=\/wp\/v2\/posts"}],"about":[{"href":"https:\/\/arantv.az\/index.php?rest_route=\/wp\/v2\/types\/post"}],"author":[{"embeddable":true,"href":"https:\/\/arantv.az\/index.php?rest_route=\/wp\/v2\/users\/2"}],"replies":[{"embeddable":true,"href":"https:\/\/arantv.az\/index.php?rest_route=%2Fwp%2Fv2%2Fcomments&post=361735"}],"version-history":[{"count":0,"href":"https:\/\/arantv.az\/index.php?rest_route=\/wp\/v2\/posts\/361735\/revisions"}],"wp:featuredmedia":[{"embeddable":true,"href":"https:\/\/arantv.az\/index.php?rest_route=\/wp\/v2\/media\/361736"}],"wp:attachment":[{"href":"https:\/\/arantv.az\/index.php?rest_route=%2Fwp%2Fv2%2Fmedia&parent=361735"}],"wp:term":[{"taxonomy":"category","embeddable":true,"href":"https:\/\/arantv.az\/index.php?rest_route=%2Fwp%2Fv2%2Fcategories&post=361735"},{"taxonomy":"post_tag","embeddable":true,"href":"https:\/\/arantv.az\/index.php?rest_route=%2Fwp%2Fv2%2Ftags&post=361735"}],"curies":[{"name":"wp","href":"https:\/\/api.w.org\/{rel}","templated":true}]}}