{"id":361738,"date":"2021-07-30T10:20:36","date_gmt":"2021-07-30T07:20:36","guid":{"rendered":"http:\/\/arantv.az\/?p=361738"},"modified":"2021-07-30T10:20:36","modified_gmt":"2021-07-30T07:20:36","slug":"yuks%c9%99k-riskli-qeyri-%c9%99rzaq-mallari-il%c9%99-bagli-yeni-qaydalar-t%c9%99sdiql%c9%99nib","status":"publish","type":"post","link":"https:\/\/arantv.az\/?p=361738","title":{"rendered":"Y\u00fcks\u0259k riskli qeyri-\u0259rzaq mallar\u0131 il\u0259 ba\u011fl\u0131 yeni qaydalar T\u018fSD\u0130QL\u018fN\u0130B"},"content":{"rendered":"<p>Texniki t\u0259nziml\u0259m\u0259 sisteminin\u00a0yarad\u0131lmas\u0131 v\u0259 f\u0259aliyy\u0259tinin t\u0259min edilm\u0259si\u00a0\u00fczr\u0259 h\u0259yata ke\u00e7iril\u0259n t\u0259dbirl\u0259r \u00e7\u0259r\u00e7iv\u0259sind\u0259 Nazirl\u0259r Kabineti t\u0259r\u0259find\u0259n\u00a0bir s\u0131ra qaydalar\u00a0t\u0259sdiq olunub.<\/p>\n<p>\u0130qtisadiyyat Nazirliyi yan\u0131nda Antiinhisar v\u0259 \u0130stehlak Bazar\u0131na N\u0259zar\u0259t D\u00f6vl\u0259t Xidm\u0259tind\u0259n\u00a0Oxu.Az-a bildirilib ki,\u00a0yeni qaydalar\u0131n t\u0259tbiqi\u00a0insanlar\u0131n h\u0259yat v\u0259 sa\u011flaml\u0131\u011f\u0131n\u0131n, \u0259traf m\u00fchitin, \u0259mlak\u0131n v\u0259 d\u00f6vl\u0259tin maraqlar\u0131n\u0131n m\u00fchafiz\u0259sinin t\u0259min edilm\u0259sin\u0259, istehlak\u00e7\u0131lar\u0131n h\u00fcquqlar\u0131n\u0131n v\u0259 qanuni maraqlar\u0131n\u0131n m\u00fcdafi\u0259sin\u0259, ticar\u0259td\u0259 texniki mane\u0259l\u0259rin aradan qald\u0131r\u0131lmas\u0131na v\u0259 mallar\u0131n r\u0259qab\u0259t qabiliyy\u0259tliyinin art\u0131r\u0131lmas\u0131na xidm\u0259t ed\u0259c\u0259k.<\/p>\n<p>Yeni qaydalara g\u00f6r\u0259, qeyri-\u0259rzaq mallar\u0131n\u0131n t\u0259hl\u00fck\u0259sizliyinin t\u0259min edilm\u0259si \u00fc\u00e7\u00fcn risk \u0259sasl\u0131 yana\u015fma t\u0259tbiq olunacaq. Sahibkarlar istehsal v\u0259 ya idxal etdikl\u0259ri a\u015fa\u011f\u0131 v\u0259 orta riskli qeyri-\u0259rzaq mallar\u0131n\u0131n t\u0259hl\u00fck\u0259sizliyin\u0259 dair uy\u011funluq b\u0259yannam\u0259l\u0259rini \u00f6zl\u0259ri t\u0259rtib ed\u0259r\u0259k s\u0259rb\u0259st sat\u0131\u015f\u0131 h\u0259yata ke\u00e7ir\u0259 bil\u0259c\u0259kl\u0259r. Y\u00fcks\u0259k risk qrupuna aid olan qeyri-\u0259rzaq mallar\u0131 is\u0259 akkreditasiya olunmu\u015f uy\u011funlu\u011fu qiym\u0259tl\u0259ndir\u0259n qurumlar t\u0259r\u0259find\u0259n yoxlan\u0131ld\u0131qdan sonra onlara m\u00fcvafiq sertifikatlar t\u0259qdim olunacaq.<\/p>\n<div id=\"AdviadNativeVideo0\" class=\"AdviadNativeVideo\"><\/div>\n<p>Qaydalara \u0259sas\u0259n, m\u00fcvafiq qurumlar v\u0259 sahibkarlar uy\u011funluq setifikatlar\u0131n\u0131n v\u0259 ya b\u0259yannam\u0259l\u0259rinin t\u0259rtibi il\u0259 \u0259laq\u0259dar q\u0259rar q\u0259bul etdikl\u0259ri g\u00fcn bu bar\u0259d\u0259 m\u0259lumatlar\u0131 \u0130qtisadiyyat Nazirliyin\u0259 t\u0259qdim etm\u0259lidirl\u0259r. Nazirliyinin reyestrin\u0259 daxil edil\u0259n uy\u011funluq setifikatlar\u0131 v\u0259 ya b\u0259yannam\u0259l\u0259ri \u0259sas\u0131nda texniki s\u0259n\u0259dl\u0259r\u0259 v\u0259 qeyri-\u0259rzaq mallar\u0131n\u0131n \u00fcz\u0259rin\u0259 Az\u0259rbaycan uy\u011funluq ni\u015fan\u0131 vurula bil\u0259r.<\/p>\n<p>Az\u0259rbaycan uy\u011funluq ni\u015fan\u0131 &#8211; AZC h\u0259rfl\u0259ri (\u201cAzerbaijan Conformity\u201d Az\u0259rbaycan dilin\u0259 t\u0259rc\u00fcm\u0259d\u0259 \u201cAz\u0259rbaycan uy\u011funlu\u011fu\u201d) il\u0259 t\u0259qdim olunur.<\/p>\n<p>Qeyd ed\u0259k ki, mallar\u0131n risk qruplar\u0131n\u0131n t\u0259yin edilm\u0259si meyarlar\u0131 bar\u0259d\u0259 t\u0259klifl\u0259r \u0130qtisadiyyat Nazirliyi t\u0259r\u0259find\u0259n Nazirl\u0259r Kabinetin\u0259 t\u0259qdim olunub.<\/p>\n<p>&nbsp;<\/p>\n<div class=\"gallery\">\n<div class=\"gallery-i\"><img src=\"https:\/\/cdn.oxu.az\/uploads\/W1siZiIsIjIwMjEvMDcvMzAvMTAvMzQvNTkvMTQ3N2NkMmMtZTg4OC00NGZlLWI5NjYtMzM0YTgwNzE1ZjJkL1FleXJpLcmZcnphcSBtYWxsYXLEsW7EsW4gdMmZaGzDvGvJmXNpemxpeWluaSB0yZltaW4gZWTJmWPJmWsgUWF5ZGFsYXIgdMmZc2RpcSBvbHVudWIuanBnIl0sWyJwIiwiZW5jb2RlIiwianBnIiwiLXF1YWxpdHkgODAiXSxbInAiLCJ0aHVtYiIsIjU5MHg1OTBcdTAwM2UiXV0?sha=40dd7062715eaee3\" alt=\"\" \/><\/div>\n<\/div>\n","protected":false},"excerpt":{"rendered":"<p>Texniki t\u0259nziml\u0259m\u0259 sisteminin\u00a0yarad\u0131lmas\u0131 v\u0259 f\u0259aliyy\u0259tinin t\u0259min edilm\u0259si\u00a0\u00fczr\u0259 h\u0259yata ke\u00e7iril\u0259n t\u0259dbirl\u0259r \u00e7\u0259r\u00e7iv\u0259sind\u0259 Nazirl\u0259r Kabineti t\u0259r\u0259find\u0259n\u00a0bir s\u0131ra qaydalar\u00a0t\u0259sdiq olunub. \u0130qtisadiyyat Nazirliyi yan\u0131nda Antiinhisar v\u0259 \u0130stehlak Bazar\u0131na N\u0259zar\u0259t D\u00f6vl\u0259t Xidm\u0259tind\u0259n\u00a0Oxu.Az-a bildirilib ki,\u00a0yeni qaydalar\u0131n t\u0259tbiqi\u00a0insanlar\u0131n h\u0259yat v\u0259 sa\u011flaml\u0131\u011f\u0131n\u0131n, \u0259traf m\u00fchitin, \u0259mlak\u0131n v\u0259 d\u00f6vl\u0259tin maraqlar\u0131n\u0131n m\u00fchafiz\u0259sinin t\u0259min edilm\u0259sin\u0259, istehlak\u00e7\u0131lar\u0131n h\u00fcquqlar\u0131n\u0131n v\u0259 qanuni maraqlar\u0131n\u0131n m\u00fcdafi\u0259sin\u0259, ticar\u0259td\u0259 texniki mane\u0259l\u0259rin aradan qald\u0131r\u0131lmas\u0131na v\u0259 mallar\u0131n r\u0259qab\u0259t qabiliyy\u0259tliyinin art\u0131r\u0131lmas\u0131na xidm\u0259t ed\u0259c\u0259k. Yeni qaydalara g\u00f6r\u0259, qeyri-\u0259rzaq mallar\u0131n\u0131n t\u0259hl\u00fck\u0259sizliyinin t\u0259min edilm\u0259si \u00fc\u00e7\u00fcn risk \u0259sasl\u0131 yana\u015fma t\u0259tbiq olunacaq. Sahibkarlar istehsal v\u0259 ya idxal etdikl\u0259ri a\u015fa\u011f\u0131 v\u0259 orta riskli qeyri-\u0259rzaq mallar\u0131n\u0131n t\u0259hl\u00fck\u0259sizliyin\u0259 dair uy\u011funluq&hellip;<\/p>\n","protected":false},"author":2,"featured_media":361739,"comment_status":"closed","ping_status":"closed","sticky":false,"template":"","format":"standard","meta":{"om_disable_all_campaigns":false,"_monsterinsights_skip_tracking":false,"_monsterinsights_sitenote_active":false,"_monsterinsights_sitenote_note":"","_monsterinsights_sitenote_category":0},"categories":[19],"tags":[],"aioseo_notices":[],"gutentor_comment":0,"rttpg_featured_image_url":{"full":["https:\/\/arantv.az\/wp-content\/uploads\/2021\/07\/8Fxej3Qy5IHUnXr4CDYkzUV4XtXjGA4B.jpg",620,365,false],"landscape":["https:\/\/arantv.az\/wp-content\/uploads\/2021\/07\/8Fxej3Qy5IHUnXr4CDYkzUV4XtXjGA4B.jpg",620,365,false],"portraits":["https:\/\/arantv.az\/wp-content\/uploads\/2021\/07\/8Fxej3Qy5IHUnXr4CDYkzUV4XtXjGA4B.jpg",620,365,false],"thumbnail":["https:\/\/arantv.az\/wp-content\/uploads\/2021\/07\/8Fxej3Qy5IHUnXr4CDYkzUV4XtXjGA4B-500x280.jpg",500,280,true],"medium":["https:\/\/arantv.az\/wp-content\/uploads\/2021\/07\/8Fxej3Qy5IHUnXr4CDYkzUV4XtXjGA4B.jpg",620,365,false],"large":["https:\/\/arantv.az\/wp-content\/uploads\/2021\/07\/8Fxej3Qy5IHUnXr4CDYkzUV4XtXjGA4B.jpg",620,365,false],"1536x1536":["https:\/\/arantv.az\/wp-content\/uploads\/2021\/07\/8Fxej3Qy5IHUnXr4CDYkzUV4XtXjGA4B.jpg",620,365,false],"2048x2048":["https:\/\/arantv.az\/wp-content\/uploads\/2021\/07\/8Fxej3Qy5IHUnXr4CDYkzUV4XtXjGA4B.jpg",620,365,false],"post-thumbnail":["https:\/\/arantv.az\/wp-content\/uploads\/2021\/07\/8Fxej3Qy5IHUnXr4CDYkzUV4XtXjGA4B-240x172.jpg",240,172,true],"advps-thumb-one":["https:\/\/arantv.az\/wp-content\/uploads\/2021\/07\/8Fxej3Qy5IHUnXr4CDYkzUV4XtXjGA4B.jpg",620,365,false]},"rttpg_author":{"display_name":"V\u00fcsal Rafiqo\u011flu","author_link":"https:\/\/arantv.az\/?author=2"},"rttpg_comment":0,"rttpg_category":"<a href=\"https:\/\/arantv.az\/?cat=19\" rel=\"category\">G\u00fcnd\u0259m<\/a>","rttpg_excerpt":"Texniki t\u0259nziml\u0259m\u0259 sisteminin\u00a0yarad\u0131lmas\u0131 v\u0259 f\u0259aliyy\u0259tinin t\u0259min edilm\u0259si\u00a0\u00fczr\u0259 h\u0259yata ke\u00e7iril\u0259n t\u0259dbirl\u0259r \u00e7\u0259r\u00e7iv\u0259sind\u0259 Nazirl\u0259r Kabineti t\u0259r\u0259find\u0259n\u00a0bir s\u0131ra qaydalar\u00a0t\u0259sdiq olunub. \u0130qtisadiyyat Nazirliyi yan\u0131nda Antiinhisar v\u0259 \u0130stehlak Bazar\u0131na N\u0259zar\u0259t D\u00f6vl\u0259t Xidm\u0259tind\u0259n\u00a0Oxu.Az-a bildirilib ki,\u00a0yeni qaydalar\u0131n t\u0259tbiqi\u00a0insanlar\u0131n h\u0259yat v\u0259 sa\u011flaml\u0131\u011f\u0131n\u0131n, \u0259traf m\u00fchitin, \u0259mlak\u0131n v\u0259 d\u00f6vl\u0259tin maraqlar\u0131n\u0131n m\u00fchafiz\u0259sinin t\u0259min edilm\u0259sin\u0259, istehlak\u00e7\u0131lar\u0131n h\u00fcquqlar\u0131n\u0131n v\u0259 qanuni maraqlar\u0131n\u0131n m\u00fcdafi\u0259sin\u0259, ticar\u0259td\u0259 texniki mane\u0259l\u0259rin aradan qald\u0131r\u0131lmas\u0131na v\u0259&hellip;","_links":{"self":[{"href":"https:\/\/arantv.az\/index.php?rest_route=\/wp\/v2\/posts\/361738"}],"collection":[{"href":"https:\/\/arantv.az\/index.php?rest_route=\/wp\/v2\/posts"}],"about":[{"href":"https:\/\/arantv.az\/index.php?rest_route=\/wp\/v2\/types\/post"}],"author":[{"embeddable":true,"href":"https:\/\/arantv.az\/index.php?rest_route=\/wp\/v2\/users\/2"}],"replies":[{"embeddable":true,"href":"https:\/\/arantv.az\/index.php?rest_route=%2Fwp%2Fv2%2Fcomments&post=361738"}],"version-history":[{"count":0,"href":"https:\/\/arantv.az\/index.php?rest_route=\/wp\/v2\/posts\/361738\/revisions"}],"wp:featuredmedia":[{"embeddable":true,"href":"https:\/\/arantv.az\/index.php?rest_route=\/wp\/v2\/media\/361739"}],"wp:attachment":[{"href":"https:\/\/arantv.az\/index.php?rest_route=%2Fwp%2Fv2%2Fmedia&parent=361738"}],"wp:term":[{"taxonomy":"category","embeddable":true,"href":"https:\/\/arantv.az\/index.php?rest_route=%2Fwp%2Fv2%2Fcategories&post=361738"},{"taxonomy":"post_tag","embeddable":true,"href":"https:\/\/arantv.az\/index.php?rest_route=%2Fwp%2Fv2%2Ftags&post=361738"}],"curies":[{"name":"wp","href":"https:\/\/api.w.org\/{rel}","templated":true}]}}