{"id":361750,"date":"2021-07-30T10:38:29","date_gmt":"2021-07-30T07:38:29","guid":{"rendered":"http:\/\/arantv.az\/?p=361750"},"modified":"2021-07-30T10:38:29","modified_gmt":"2021-07-30T07:38:29","slug":"s%c9%99rxos-halda-polisi-doy%c9%99n-deputat-eld%c9%99niz-s%c9%99limov-kimdir-dosye","status":"publish","type":"post","link":"https:\/\/arantv.az\/?p=361750","title":{"rendered":"S\u0259rxo\u015f halda polisi d\u00f6y\u0259n deputat Eld\u0259niz S\u0259limov kimdir? &#8211; DOSYE"},"content":{"rendered":"<p>X\u0259b\u0259r verdiyimiz kimi, \u0130yulun 29-da Xa\u00e7maz rayonunda deputat Eld\u0259niz S\u0259limovun polisi d\u00f6y\u0259r\u0259k x\u0259sar\u0259t yetirm\u0259si fakt\u0131 t\u0259sdiql\u0259nib.<\/p>\n<p><strong>ARANTV.AZ\u00a0<\/strong> azxeber.com x\u0259b\u0259r verir ki, insident iyulun 29-da gec\u0259 12-d\u0259n sonra Xa\u00e7maz rayonunun Nabran q\u0259s\u0259b\u0259si \u0259razisind\u0259, deputat Eld\u0259niz S\u0259limovun qohumuna m\u0259xsus ia\u015f\u0259 obyektind\u0259 qeyd\u0259 al\u0131n\u0131b:<\/p>\n<p>&#8220;Eld\u0259niz S\u0259limov karantin rejimi qaydalar\u0131na uy\u011fun olaraq obyektin ba\u011flanmas\u0131n\u0131 t\u0259l\u0259b ed\u0259n polis \u0259m\u0259kda\u015flar\u0131na etiraz ed\u0259r\u0259k m\u00fcnaqi\u015f\u0259 yarad\u0131b. Bu fakt \u00fczr\u0259 t\u0259r\u0259fimizd\u0259n ara\u015fd\u0131rma apar\u0131l\u0131b v\u0259 materiallar ara\u015fd\u0131r\u0131lmas\u0131 \u00fc\u00e7\u00fcn Ba\u015f Prokurorlu\u011funun \u0130stintaq \u0130dar\u0259sin\u0259 g\u00f6nd\u0259rilib&#8221;.<\/p>\n<p>Xat\u0131rladaq ki, x\u0259b\u0259ri ilk d\u0259f\u0259 &#8220;Bakupost.az&#8221; sayt\u0131 yay\u0131mlam\u0131\u015fd\u0131. M\u0259lumata g\u00f6r\u0259, deputat s\u0259rxo\u015f olub v\u0259 Xa\u00e7maz Rayon Qeydiyyat v\u0259 \u015e\u0259xsiyy\u0259t V\u0259siq\u0259si \u015e\u00f6b\u0259sinin polis \u0259m\u0259kdas\u0327\u0131 Mirz\u0259yev Zaur Cavans\u0327ir og\u0306lunu d\u00f6y\u0259r\u0259k ona x\u0259sar\u0259t yetirib.<\/p>\n<p>Milli.Az azx\u0259b\u0259r-\u0259 istinadla deputat\u0131n t\u0259rc\u00fcmeyi-hal\u0131n\u0131 t\u0259qdim edir:<\/p>\n<div>\n<div id=\"AdviadNativeVideo0\" class=\"AdviadNativeVideo\"><\/div>\n<\/div>\n<p>Eld\u0259niz S\u0259limov 1976-c\u0131 il oktyabr\u0131n 2-d\u0259 Xa\u00e7maz \u015f\u0259h\u0259rind\u0259 anadan olub. Eld\u0259niz S\u0259limovn\u0131n atas\u0131 &#8211; Adil S\u0259limov d\u0259miryol\u00e7u olub. 1983-c\u00fc ild\u0259 Xa\u00e7maz \u015f\u0259h\u0259ri 45 \u2116-li tam orta m\u0259\u043at\u0259bin birinci sinfin\u0259 ged\u0259n Eld\u0259niz S\u0259limov, 1993-c\u00fc ild\u0259 h\u0259min m\u0259\u043at\u0259bi bitirib. 1993-1998-ci ill\u0259rd\u0259 Da\u011f\u0131stan D\u00f6vl\u0259t Universitetind\u0259 iqtisadiyyat ixtisas\u0131 \u00fczr\u0259 t\u0259hsil alan Eld\u0259niz S\u0259limov, rus dilini bilir.<\/p>\n<p>Eld\u0259niz S\u0259limov 2000-2002-ci ill\u0259rd\u0259 Vergi Nazirliyinin Xa\u00e7maz rayonu \u00fczr\u0259 Vergil\u0259r \u015f\u00f6b\u0259sind\u0259 d\u00f6vl\u0259t vergi m\u00fcf\u0259tti\u015fi v\u0259zif\u0259sind\u0259 \u00e7al\u0131\u015f\u0131b 2002-ci ild\u0259 1 sayl\u0131 \u018frazi Vergi \u0130dar\u0259sind\u0259, 2002-2010-cu ill\u0259rd\u0259 is\u0259 3 sayl\u0131 \u018frazi Vergi \u0130dar\u0259sind\u0259 d\u00f6vl\u0259t vergi m\u00fcf\u0259tti\u015fi v\u0259 ba\u015f d\u00f6vl\u0259t vergi m\u00fcf\u0259tti\u015fi v\u0259zif\u0259l\u0259rind\u0259 \u00e7al\u0131\u015fan Eld\u0259niz S\u0259limov, 2011-2012-ci ill\u0259rd\u0259 &#8220;TexnikaBank&#8221; ASC-nin Xa\u00e7maz filial\u0131n\u0131n m\u00fcdirinin m\u00fcavini v\u0259zif\u0259sind\u0259 \u00e7al\u0131\u015fd\u0131. 2013-2014-c\u00fc ill\u0259rd\u0259 M\u00fcdafi\u0259 Nazirliyinin &#8220;\u00dcfuq&#8221; \u0130stehsalat Birliyinin Xa\u00e7maz Kondensator Zavodunda m\u00fch\u0259ndis-iqtisad\u00e7\u0131 olan Eld\u0259niz S\u0259limov, 2014-2015-ci ill\u0259rd\u0259 Xa\u00e7maz rayon icra ba\u015f\u00e7\u0131s\u0131n\u0131n inzibati \u0259razi dair\u0259si \u00fczr\u0259 n\u00fcmay\u0259nd\u0259si v\u0259zif\u0259sind\u0259 \u00e7al\u0131\u015f\u0131b.<\/p>\n<p>Eld\u0259niz S\u0259limov 2010-cu il noyabr\u0131n 7-d\u0259 ba\u015f tutan Az\u0259rbaycan Milli M\u0259clisin\u0259 IV \u00e7a\u011f\u0131r\u0131\u015f se\u00e7iml\u0259r\u0259 qat\u0131l\u0131b. 55 sayl\u0131 Xa\u00e7maz \u015f\u0259h\u0259r dair\u0259sind\u0259n Yeni Az\u0259rbaycan Partiyas\u0131n\u0131n (YAP) namiz\u0259di olan Eld\u0259niz S\u0259limov, s\u0259sverm\u0259d\u0259 qalib g\u0259l\u0259r\u0259k, Milli M\u0259clis\u0259 \u00fczv se\u00e7ilib. O, 2010-2015-ci ill\u0259rd\u0259 Milli M\u0259clisin Aqrar siyas\u0259t Komit\u0259sinin \u00fczv\u00fc v\u0259zif\u0259sind\u0259 \u00e7al\u0131\u015f\u0131b. Eld\u0259niz S\u0259limov, h\u0259m d\u0259, Avstraliya, Yeni Zelandiya, Belarus, B\u018f\u018f, \u00c7in, \u0130taliya, Qazax\u0131stan v\u0259 L\u00fc\u043asemburq parlamentl\u0259raras\u0131 \u0259laq\u0259l\u0259r \u00fczr\u0259 i\u015f\u00e7i qruplar\u0131n\u0131nda \u00fczv\u00fc olub.<\/p>\n","protected":false},"excerpt":{"rendered":"<p>X\u0259b\u0259r verdiyimiz kimi, \u0130yulun 29-da Xa\u00e7maz rayonunda deputat Eld\u0259niz S\u0259limovun polisi d\u00f6y\u0259r\u0259k x\u0259sar\u0259t yetirm\u0259si fakt\u0131 t\u0259sdiql\u0259nib. ARANTV.AZ\u00a0 azxeber.com x\u0259b\u0259r verir ki, insident iyulun 29-da gec\u0259 12-d\u0259n sonra Xa\u00e7maz rayonunun Nabran q\u0259s\u0259b\u0259si \u0259razisind\u0259, deputat Eld\u0259niz S\u0259limovun qohumuna m\u0259xsus ia\u015f\u0259 obyektind\u0259 qeyd\u0259 al\u0131n\u0131b: &#8220;Eld\u0259niz S\u0259limov karantin rejimi qaydalar\u0131na uy\u011fun olaraq obyektin ba\u011flanmas\u0131n\u0131 t\u0259l\u0259b ed\u0259n polis \u0259m\u0259kda\u015flar\u0131na etiraz ed\u0259r\u0259k m\u00fcnaqi\u015f\u0259 yarad\u0131b. Bu fakt \u00fczr\u0259 t\u0259r\u0259fimizd\u0259n ara\u015fd\u0131rma apar\u0131l\u0131b v\u0259 materiallar ara\u015fd\u0131r\u0131lmas\u0131 \u00fc\u00e7\u00fcn Ba\u015f Prokurorlu\u011funun \u0130stintaq \u0130dar\u0259sin\u0259 g\u00f6nd\u0259rilib&#8221;. Xat\u0131rladaq ki, x\u0259b\u0259ri ilk d\u0259f\u0259 &#8220;Bakupost.az&#8221; sayt\u0131 yay\u0131mlam\u0131\u015fd\u0131. M\u0259lumata g\u00f6r\u0259, deputat s\u0259rxo\u015f olub v\u0259 Xa\u00e7maz Rayon Qeydiyyat&hellip;<\/p>\n","protected":false},"author":2,"featured_media":361751,"comment_status":"closed","ping_status":"closed","sticky":false,"template":"","format":"standard","meta":{"om_disable_all_campaigns":false,"_monsterinsights_skip_tracking":false,"_monsterinsights_sitenote_active":false,"_monsterinsights_sitenote_note":"","_monsterinsights_sitenote_category":0},"categories":[26],"tags":[],"aioseo_notices":[],"gutentor_comment":0,"rttpg_featured_image_url":{"full":["https:\/\/arantv.az\/wp-content\/uploads\/2021\/07\/eldeniz_selimov_deputat.jpg",800,600,false],"landscape":["https:\/\/arantv.az\/wp-content\/uploads\/2021\/07\/eldeniz_selimov_deputat.jpg",800,600,false],"portraits":["https:\/\/arantv.az\/wp-content\/uploads\/2021\/07\/eldeniz_selimov_deputat.jpg",800,600,false],"thumbnail":["https:\/\/arantv.az\/wp-content\/uploads\/2021\/07\/eldeniz_selimov_deputat-500x280.jpg",500,280,true],"medium":["https:\/\/arantv.az\/wp-content\/uploads\/2021\/07\/eldeniz_selimov_deputat-487x365.jpg",487,365,true],"large":["https:\/\/arantv.az\/wp-content\/uploads\/2021\/07\/eldeniz_selimov_deputat.jpg",640,480,false],"1536x1536":["https:\/\/arantv.az\/wp-content\/uploads\/2021\/07\/eldeniz_selimov_deputat.jpg",800,600,false],"2048x2048":["https:\/\/arantv.az\/wp-content\/uploads\/2021\/07\/eldeniz_selimov_deputat.jpg",800,600,false],"post-thumbnail":["https:\/\/arantv.az\/wp-content\/uploads\/2021\/07\/eldeniz_selimov_deputat-240x172.jpg",240,172,true],"advps-thumb-one":["https:\/\/arantv.az\/wp-content\/uploads\/2021\/07\/eldeniz_selimov_deputat.jpg",800,600,false]},"rttpg_author":{"display_name":"V\u00fcsal Rafiqo\u011flu","author_link":"https:\/\/arantv.az\/?author=2"},"rttpg_comment":0,"rttpg_category":"<a href=\"https:\/\/arantv.az\/?cat=26\" rel=\"category\">Sosial<\/a>","rttpg_excerpt":"X\u0259b\u0259r verdiyimiz kimi, \u0130yulun 29-da Xa\u00e7maz rayonunda deputat Eld\u0259niz S\u0259limovun polisi d\u00f6y\u0259r\u0259k x\u0259sar\u0259t yetirm\u0259si fakt\u0131 t\u0259sdiql\u0259nib. ARANTV.AZ\u00a0 azxeber.com x\u0259b\u0259r verir ki, insident iyulun 29-da gec\u0259 12-d\u0259n sonra Xa\u00e7maz rayonunun Nabran q\u0259s\u0259b\u0259si \u0259razisind\u0259, deputat Eld\u0259niz S\u0259limovun qohumuna m\u0259xsus ia\u015f\u0259 obyektind\u0259 qeyd\u0259 al\u0131n\u0131b: &#8220;Eld\u0259niz S\u0259limov karantin rejimi qaydalar\u0131na uy\u011fun olaraq obyektin ba\u011flanmas\u0131n\u0131 t\u0259l\u0259b ed\u0259n polis \u0259m\u0259kda\u015flar\u0131na etiraz&hellip;","_links":{"self":[{"href":"https:\/\/arantv.az\/index.php?rest_route=\/wp\/v2\/posts\/361750"}],"collection":[{"href":"https:\/\/arantv.az\/index.php?rest_route=\/wp\/v2\/posts"}],"about":[{"href":"https:\/\/arantv.az\/index.php?rest_route=\/wp\/v2\/types\/post"}],"author":[{"embeddable":true,"href":"https:\/\/arantv.az\/index.php?rest_route=\/wp\/v2\/users\/2"}],"replies":[{"embeddable":true,"href":"https:\/\/arantv.az\/index.php?rest_route=%2Fwp%2Fv2%2Fcomments&post=361750"}],"version-history":[{"count":0,"href":"https:\/\/arantv.az\/index.php?rest_route=\/wp\/v2\/posts\/361750\/revisions"}],"wp:featuredmedia":[{"embeddable":true,"href":"https:\/\/arantv.az\/index.php?rest_route=\/wp\/v2\/media\/361751"}],"wp:attachment":[{"href":"https:\/\/arantv.az\/index.php?rest_route=%2Fwp%2Fv2%2Fmedia&parent=361750"}],"wp:term":[{"taxonomy":"category","embeddable":true,"href":"https:\/\/arantv.az\/index.php?rest_route=%2Fwp%2Fv2%2Fcategories&post=361750"},{"taxonomy":"post_tag","embeddable":true,"href":"https:\/\/arantv.az\/index.php?rest_route=%2Fwp%2Fv2%2Ftags&post=361750"}],"curies":[{"name":"wp","href":"https:\/\/api.w.org\/{rel}","templated":true}]}}