{"id":361753,"date":"2021-07-30T10:40:06","date_gmt":"2021-07-30T07:40:06","guid":{"rendered":"http:\/\/arantv.az\/?p=361753"},"modified":"2021-07-30T10:40:06","modified_gmt":"2021-07-30T07:40:06","slug":"polisi-doy%c9%99n-deputatin-m%c9%99s%c9%99l%c9%99si-milli-m%c9%99clisd%c9%99-muzakir%c9%99y%c9%99-cixarilacaq","status":"publish","type":"post","link":"https:\/\/arantv.az\/?p=361753","title":{"rendered":"Polisi d\u00f6y\u0259n deputat\u0131n m\u0259s\u0259l\u0259si Milli M\u0259clisd\u0259 m\u00fczakir\u0259y\u0259 \u00e7\u0131xar\u0131lacaq"},"content":{"rendered":"<p>\u201cArt\u0131q Daxili \u0130\u015fl\u0259r Nazirliyi t\u0259r\u0259find\u0259n mill\u0259t v\u0259kili Eld\u0259niz S\u0259limovun polisi d\u00f6ym\u0259si fakt\u0131 t\u0259sdiql\u0259nib. Bu m\u0259s\u0259l\u0259y\u0259 Milli M\u0259clisin \u0130ntizam komissiyas\u0131 baxacaq\u201d.<\/p>\n<p>Bunu Oxu.Az-a a\u00e7\u0131qlamas\u0131nda Milli M\u0259clisin \u0130ntizam Komissiyas\u0131n\u0131n s\u0259dr m\u00fcavini F\u0259zail A\u011famal\u0131 deyib.<\/p>\n<p>Onun s\u00f6zl\u0259rin\u0259 g\u00f6r\u0259, m\u0259s\u0259l\u0259 bar\u0259d\u0259 m\u00fcvafiq q\u0259rar q\u0259bul olunacaq.<\/p>\n<p>\u201cBa\u015f ver\u0259n hadis\u0259 il\u0259 ba\u011fl\u0131 t\u0259\u0259ss\u00fcf hissi ke\u00e7irir\u0259m. \u0130ntizam komissiyas\u0131 bu m\u0259s\u0259l\u0259y\u0259 deputatlar\u0131n t\u0259tild\u0259n qay\u0131tmas\u0131ndan sonra baxacaq\u201d.<\/p>\n<p>Qeyd ed\u0259k ki, \u00f6t\u0259n g\u00fcn mill\u0259t v\u0259kilinin s\u0259rxo\u015f halda Xa\u00e7maz Rayon Qeydiyyat v\u0259 \u015e\u0259xsiyy\u0259t V\u0259siq\u0259si \u015e\u00f6b\u0259sinin polis \u0259m\u0259kdas\u0327\u0131 Mirz\u0259yev Zaur Cavans\u0327ir og\u0306lunu d\u00f6y\u00fcb.<\/p>\n","protected":false},"excerpt":{"rendered":"<p>\u201cArt\u0131q Daxili \u0130\u015fl\u0259r Nazirliyi t\u0259r\u0259find\u0259n mill\u0259t v\u0259kili Eld\u0259niz S\u0259limovun polisi d\u00f6ym\u0259si fakt\u0131 t\u0259sdiql\u0259nib. Bu m\u0259s\u0259l\u0259y\u0259 Milli M\u0259clisin \u0130ntizam komissiyas\u0131 baxacaq\u201d. Bunu Oxu.Az-a a\u00e7\u0131qlamas\u0131nda Milli M\u0259clisin \u0130ntizam Komissiyas\u0131n\u0131n s\u0259dr m\u00fcavini F\u0259zail A\u011famal\u0131 deyib. Onun s\u00f6zl\u0259rin\u0259 g\u00f6r\u0259, m\u0259s\u0259l\u0259 bar\u0259d\u0259 m\u00fcvafiq q\u0259rar q\u0259bul olunacaq. \u201cBa\u015f ver\u0259n hadis\u0259 il\u0259 ba\u011fl\u0131 t\u0259\u0259ss\u00fcf hissi ke\u00e7irir\u0259m. \u0130ntizam komissiyas\u0131 bu m\u0259s\u0259l\u0259y\u0259 deputatlar\u0131n t\u0259tild\u0259n qay\u0131tmas\u0131ndan sonra baxacaq\u201d. Qeyd ed\u0259k ki, \u00f6t\u0259n g\u00fcn mill\u0259t v\u0259kilinin s\u0259rxo\u015f halda Xa\u00e7maz Rayon Qeydiyyat v\u0259 \u015e\u0259xsiyy\u0259t V\u0259siq\u0259si \u015e\u00f6b\u0259sinin polis \u0259m\u0259kdas\u0327\u0131 Mirz\u0259yev Zaur Cavans\u0327ir og\u0306lunu d\u00f6y\u00fcb.<\/p>\n","protected":false},"author":2,"featured_media":351486,"comment_status":"closed","ping_status":"closed","sticky":false,"template":"","format":"standard","meta":{"om_disable_all_campaigns":false,"_monsterinsights_skip_tracking":false,"_monsterinsights_sitenote_active":false,"_monsterinsights_sitenote_note":"","_monsterinsights_sitenote_category":0},"categories":[4],"tags":[],"aioseo_notices":[],"gutentor_comment":0,"rttpg_featured_image_url":{"full":["https:\/\/arantv.az\/wp-content\/uploads\/2021\/06\/milli_meclis_0574.jpg",800,600,false],"landscape":["https:\/\/arantv.az\/wp-content\/uploads\/2021\/06\/milli_meclis_0574.jpg",800,600,false],"portraits":["https:\/\/arantv.az\/wp-content\/uploads\/2021\/06\/milli_meclis_0574.jpg",800,600,false],"thumbnail":["https:\/\/arantv.az\/wp-content\/uploads\/2021\/06\/milli_meclis_0574-500x280.jpg",500,280,true],"medium":["https:\/\/arantv.az\/wp-content\/uploads\/2021\/06\/milli_meclis_0574-487x365.jpg",487,365,true],"large":["https:\/\/arantv.az\/wp-content\/uploads\/2021\/06\/milli_meclis_0574.jpg",640,480,false],"1536x1536":["https:\/\/arantv.az\/wp-content\/uploads\/2021\/06\/milli_meclis_0574.jpg",800,600,false],"2048x2048":["https:\/\/arantv.az\/wp-content\/uploads\/2021\/06\/milli_meclis_0574.jpg",800,600,false],"post-thumbnail":["https:\/\/arantv.az\/wp-content\/uploads\/2021\/06\/milli_meclis_0574-240x172.jpg",240,172,true],"advps-thumb-one":["https:\/\/arantv.az\/wp-content\/uploads\/2021\/06\/milli_meclis_0574.jpg",800,600,false]},"rttpg_author":{"display_name":"V\u00fcsal Rafiqo\u011flu","author_link":"https:\/\/arantv.az\/?author=2"},"rttpg_comment":0,"rttpg_category":"<a href=\"https:\/\/arantv.az\/?cat=4\" rel=\"category\">Siyas\u0259t<\/a>","rttpg_excerpt":"\u201cArt\u0131q Daxili \u0130\u015fl\u0259r Nazirliyi t\u0259r\u0259find\u0259n mill\u0259t v\u0259kili Eld\u0259niz S\u0259limovun polisi d\u00f6ym\u0259si fakt\u0131 t\u0259sdiql\u0259nib. Bu m\u0259s\u0259l\u0259y\u0259 Milli M\u0259clisin \u0130ntizam komissiyas\u0131 baxacaq\u201d. Bunu Oxu.Az-a a\u00e7\u0131qlamas\u0131nda Milli M\u0259clisin \u0130ntizam Komissiyas\u0131n\u0131n s\u0259dr m\u00fcavini F\u0259zail A\u011famal\u0131 deyib. Onun s\u00f6zl\u0259rin\u0259 g\u00f6r\u0259, m\u0259s\u0259l\u0259 bar\u0259d\u0259 m\u00fcvafiq q\u0259rar q\u0259bul olunacaq. \u201cBa\u015f ver\u0259n hadis\u0259 il\u0259 ba\u011fl\u0131 t\u0259\u0259ss\u00fcf hissi ke\u00e7irir\u0259m. \u0130ntizam komissiyas\u0131 bu m\u0259s\u0259l\u0259y\u0259 deputatlar\u0131n t\u0259tild\u0259n&hellip;","_links":{"self":[{"href":"https:\/\/arantv.az\/index.php?rest_route=\/wp\/v2\/posts\/361753"}],"collection":[{"href":"https:\/\/arantv.az\/index.php?rest_route=\/wp\/v2\/posts"}],"about":[{"href":"https:\/\/arantv.az\/index.php?rest_route=\/wp\/v2\/types\/post"}],"author":[{"embeddable":true,"href":"https:\/\/arantv.az\/index.php?rest_route=\/wp\/v2\/users\/2"}],"replies":[{"embeddable":true,"href":"https:\/\/arantv.az\/index.php?rest_route=%2Fwp%2Fv2%2Fcomments&post=361753"}],"version-history":[{"count":0,"href":"https:\/\/arantv.az\/index.php?rest_route=\/wp\/v2\/posts\/361753\/revisions"}],"wp:featuredmedia":[{"embeddable":true,"href":"https:\/\/arantv.az\/index.php?rest_route=\/wp\/v2\/media\/351486"}],"wp:attachment":[{"href":"https:\/\/arantv.az\/index.php?rest_route=%2Fwp%2Fv2%2Fmedia&parent=361753"}],"wp:term":[{"taxonomy":"category","embeddable":true,"href":"https:\/\/arantv.az\/index.php?rest_route=%2Fwp%2Fv2%2Fcategories&post=361753"},{"taxonomy":"post_tag","embeddable":true,"href":"https:\/\/arantv.az\/index.php?rest_route=%2Fwp%2Fv2%2Ftags&post=361753"}],"curies":[{"name":"wp","href":"https:\/\/api.w.org\/{rel}","templated":true}]}}