{"id":361755,"date":"2021-07-30T10:41:42","date_gmt":"2021-07-30T07:41:42","guid":{"rendered":"http:\/\/arantv.az\/?p=361755"},"modified":"2021-07-30T10:41:42","modified_gmt":"2021-07-30T07:41:42","slug":"qardas-turkiy%c9%99nin-yanindayiq","status":"publish","type":"post","link":"https:\/\/arantv.az\/?p=361755","title":{"rendered":"Qarda\u015f T\u00fcrkiy\u0259nin yan\u0131nday\u0131q!"},"content":{"rendered":"<p>Qarda\u015f T\u00fcrkiy\u0259nin m\u00fcxt\u0259lif b\u00f6lg\u0259l\u0259rind\u0259 ba\u015f ver\u0259n \u00a0me\u015f\u0259 yan\u011f\u0131nlar\u0131 v\u0259 onlar\u0131n t\u00f6r\u0259tdiyi f\u0259sadlar h\u0259r bir Az\u0259rbaycan v\u0259t\u0259nda\u015f\u0131n\u0131 da k\u0259d\u0259rin\u0259 s\u0259b\u0259b olub.<\/p>\n<p><strong>ARANTV.AZ<\/strong> x\u0259b\u0259r verir ki, \u0259ks\u0259r media vasit\u0259l\u0259rind\u0259 qarda\u015f \u00f6lk\u0259ni a\u011fu\u015funa alan yan\u011f\u0131nlarla ba\u011fl\u0131 x\u0259b\u0259rl\u0259r yerl\u0259\u015fdirilir, faci\u0259 il\u0259 ba\u011fl\u0131 T\u00fcrkiy\u0259y\u0259 d\u0259st\u0259k n\u00fcmayi\u015f etdirilir. Az\u0259rbaycan \u0259mindir ki, T\u00fcrkiy\u0259 h\u00f6kum\u0259tinin atd\u0131\u011f\u0131 q\u0259tiyy\u0259tli add\u0131mlar say\u0259sind\u0259 \u0259zmli v\u0259 m\u00fcbariz T\u00fcrkiy\u0259 xalq\u0131 bu f\u0259lak\u0259tin \u00f6hd\u0259sind\u0259n tezlikl\u0259 g\u0259l\u0259c\u0259k.<\/p>\n<p>Milli.Az kollektivi olaraq\u00a0da\u011f\u0131d\u0131c\u0131 yan\u011f\u0131nlar n\u0259tic\u0259sind\u0259 h\u0259lak olanlar\u0131n ail\u0259l\u0259rin\u0259 v\u0259 yax\u0131nlar\u0131na allahdan s\u0259bir dil\u0259yirik.<\/p>\n","protected":false},"excerpt":{"rendered":"<p>Qarda\u015f T\u00fcrkiy\u0259nin m\u00fcxt\u0259lif b\u00f6lg\u0259l\u0259rind\u0259 ba\u015f ver\u0259n \u00a0me\u015f\u0259 yan\u011f\u0131nlar\u0131 v\u0259 onlar\u0131n t\u00f6r\u0259tdiyi f\u0259sadlar h\u0259r bir Az\u0259rbaycan v\u0259t\u0259nda\u015f\u0131n\u0131 da k\u0259d\u0259rin\u0259 s\u0259b\u0259b olub. ARANTV.AZ x\u0259b\u0259r verir ki, \u0259ks\u0259r media vasit\u0259l\u0259rind\u0259 qarda\u015f \u00f6lk\u0259ni a\u011fu\u015funa alan yan\u011f\u0131nlarla ba\u011fl\u0131 x\u0259b\u0259rl\u0259r yerl\u0259\u015fdirilir, faci\u0259 il\u0259 ba\u011fl\u0131 T\u00fcrkiy\u0259y\u0259 d\u0259st\u0259k n\u00fcmayi\u015f etdirilir. Az\u0259rbaycan \u0259mindir ki, T\u00fcrkiy\u0259 h\u00f6kum\u0259tinin atd\u0131\u011f\u0131 q\u0259tiyy\u0259tli add\u0131mlar say\u0259sind\u0259 \u0259zmli v\u0259 m\u00fcbariz T\u00fcrkiy\u0259 xalq\u0131 bu f\u0259lak\u0259tin \u00f6hd\u0259sind\u0259n tezlikl\u0259 g\u0259l\u0259c\u0259k. Milli.Az kollektivi olaraq\u00a0da\u011f\u0131d\u0131c\u0131 yan\u011f\u0131nlar n\u0259tic\u0259sind\u0259 h\u0259lak olanlar\u0131n ail\u0259l\u0259rin\u0259 v\u0259 yax\u0131nlar\u0131na allahdan s\u0259bir dil\u0259yirik.<\/p>\n","protected":false},"author":2,"featured_media":361756,"comment_status":"closed","ping_status":"closed","sticky":false,"template":"","format":"standard","meta":{"om_disable_all_campaigns":false,"_monsterinsights_skip_tracking":false,"_monsterinsights_sitenote_active":false,"_monsterinsights_sitenote_note":"","_monsterinsights_sitenote_category":0},"categories":[26],"tags":[],"aioseo_notices":[],"gutentor_comment":0,"rttpg_featured_image_url":{"full":["https:\/\/arantv.az\/wp-content\/uploads\/2021\/07\/968697-3.jpg",620,349,false],"landscape":["https:\/\/arantv.az\/wp-content\/uploads\/2021\/07\/968697-3.jpg",620,349,false],"portraits":["https:\/\/arantv.az\/wp-content\/uploads\/2021\/07\/968697-3.jpg",620,349,false],"thumbnail":["https:\/\/arantv.az\/wp-content\/uploads\/2021\/07\/968697-3-500x280.jpg",500,280,true],"medium":["https:\/\/arantv.az\/wp-content\/uploads\/2021\/07\/968697-3.jpg",620,349,false],"large":["https:\/\/arantv.az\/wp-content\/uploads\/2021\/07\/968697-3.jpg",620,349,false],"1536x1536":["https:\/\/arantv.az\/wp-content\/uploads\/2021\/07\/968697-3.jpg",620,349,false],"2048x2048":["https:\/\/arantv.az\/wp-content\/uploads\/2021\/07\/968697-3.jpg",620,349,false],"post-thumbnail":["https:\/\/arantv.az\/wp-content\/uploads\/2021\/07\/968697-3-240x172.jpg",240,172,true],"advps-thumb-one":["https:\/\/arantv.az\/wp-content\/uploads\/2021\/07\/968697-3.jpg",620,349,false]},"rttpg_author":{"display_name":"V\u00fcsal Rafiqo\u011flu","author_link":"https:\/\/arantv.az\/?author=2"},"rttpg_comment":0,"rttpg_category":"<a href=\"https:\/\/arantv.az\/?cat=26\" rel=\"category\">Sosial<\/a>","rttpg_excerpt":"Qarda\u015f T\u00fcrkiy\u0259nin m\u00fcxt\u0259lif b\u00f6lg\u0259l\u0259rind\u0259 ba\u015f ver\u0259n \u00a0me\u015f\u0259 yan\u011f\u0131nlar\u0131 v\u0259 onlar\u0131n t\u00f6r\u0259tdiyi f\u0259sadlar h\u0259r bir Az\u0259rbaycan v\u0259t\u0259nda\u015f\u0131n\u0131 da k\u0259d\u0259rin\u0259 s\u0259b\u0259b olub. ARANTV.AZ x\u0259b\u0259r verir ki, \u0259ks\u0259r media vasit\u0259l\u0259rind\u0259 qarda\u015f \u00f6lk\u0259ni a\u011fu\u015funa alan yan\u011f\u0131nlarla ba\u011fl\u0131 x\u0259b\u0259rl\u0259r yerl\u0259\u015fdirilir, faci\u0259 il\u0259 ba\u011fl\u0131 T\u00fcrkiy\u0259y\u0259 d\u0259st\u0259k n\u00fcmayi\u015f etdirilir. Az\u0259rbaycan \u0259mindir ki, T\u00fcrkiy\u0259 h\u00f6kum\u0259tinin atd\u0131\u011f\u0131 q\u0259tiyy\u0259tli add\u0131mlar say\u0259sind\u0259 \u0259zmli v\u0259 m\u00fcbariz T\u00fcrkiy\u0259&hellip;","_links":{"self":[{"href":"https:\/\/arantv.az\/index.php?rest_route=\/wp\/v2\/posts\/361755"}],"collection":[{"href":"https:\/\/arantv.az\/index.php?rest_route=\/wp\/v2\/posts"}],"about":[{"href":"https:\/\/arantv.az\/index.php?rest_route=\/wp\/v2\/types\/post"}],"author":[{"embeddable":true,"href":"https:\/\/arantv.az\/index.php?rest_route=\/wp\/v2\/users\/2"}],"replies":[{"embeddable":true,"href":"https:\/\/arantv.az\/index.php?rest_route=%2Fwp%2Fv2%2Fcomments&post=361755"}],"version-history":[{"count":0,"href":"https:\/\/arantv.az\/index.php?rest_route=\/wp\/v2\/posts\/361755\/revisions"}],"wp:featuredmedia":[{"embeddable":true,"href":"https:\/\/arantv.az\/index.php?rest_route=\/wp\/v2\/media\/361756"}],"wp:attachment":[{"href":"https:\/\/arantv.az\/index.php?rest_route=%2Fwp%2Fv2%2Fmedia&parent=361755"}],"wp:term":[{"taxonomy":"category","embeddable":true,"href":"https:\/\/arantv.az\/index.php?rest_route=%2Fwp%2Fv2%2Fcategories&post=361755"},{"taxonomy":"post_tag","embeddable":true,"href":"https:\/\/arantv.az\/index.php?rest_route=%2Fwp%2Fv2%2Ftags&post=361755"}],"curies":[{"name":"wp","href":"https:\/\/api.w.org\/{rel}","templated":true}]}}