{"id":361768,"date":"2021-07-30T10:58:28","date_gmt":"2021-07-30T07:58:28","guid":{"rendered":"http:\/\/arantv.az\/?p=361768"},"modified":"2021-07-30T10:58:28","modified_gmt":"2021-07-30T07:58:28","slug":"turkiy%c9%99d%c9%99-d%c9%99hs%c9%99tli-mes%c9%99-yanginlarindan-ur%c9%99k-agridan-goruntul%c9%99r-video","status":"publish","type":"post","link":"https:\/\/arantv.az\/?p=361768","title":{"rendered":"T\u00fcrkiy\u0259d\u0259 d\u0259h\u015f\u0259tli me\u015f\u0259 yan\u011f\u0131nlar\u0131ndan \u00fcr\u0259k a\u011fr\u0131dan G\u00d6R\u00dcNT\u00dcL\u018fR &#8211; V\u0130DEO"},"content":{"rendered":"<p>T\u00fcrkiy\u0259d\u0259 d\u0259h\u015f\u0259tli me\u015f\u0259 yan\u011f\u0131nlar\u0131 davam edir.<\/p>\n<p><strong>ARANTV.AZ<\/strong> \u00a0<a title=\"xeberler son xeberler 2021\" href=\"https:\/\/big.az\/\" target=\"_blank\" rel=\"noopener\">x\u0259b\u0259r<\/a>\u00a0verir ki, me\u015f\u0259 yan\u011f\u0131nlar\u0131 bu g\u00fcn\u0259 kimi Kayseri, Manisa, K\u00fctahya, Bal\u0131kesir, Kilis, Kahraman Mara\u015f, Kocaeli, Kastamonu, Sakarya, \u0130stanbul, Hatay, Bursa, \u0130zmir, Diyarb\u0259kir v\u0259 Karaman vilay\u0259tl\u0259rind\u0259 qeyd\u0259 al\u0131n\u0131b.<\/p>\n<div id=\"AdviadNativeVideo0\" class=\"AdviadNativeVideo\"><\/div>\n<p>T\u00fcrkiy\u0259nin me\u015f\u0259 v\u0259 k\u0259nd t\u0259s\u0259rr\u00fcfat\u0131 naziri Bekir Pakdemirli a\u00e7\u0131qlay\u0131b ki, T\u00fcrkiy\u0259d\u0259 42 yan\u011f\u0131n n\u0259zar\u0259t alt\u0131na al\u0131n\u0131b, Antalya, Mersin v\u0259 Adanan\u0131n yer ald\u0131\u011f\u0131 21 yerd\u0259 is\u0259 yan\u011f\u0131n davam edir.<\/p>\n<p>\u00d6lk\u0259d\u0259 bir ne\u00e7\u0259 \u015f\u0259h\u0259rd\u0259 davam ed\u0259n k\u00fctl\u0259vi yan\u011f\u0131nlarda \u00fcmumilikd\u0259 4 n\u0259f\u0259r h\u0259yat\u0131n\u0131 itirib v\u0259 y\u00fczl\u0259rl\u0259 ev\u0259 ziyan d\u0259yib.<\/p>\n<p>T\u00fcrkiy\u0259nin Manisa \u0259yal\u0259tinin Turgutlu rayonunda PKK terror t\u0259\u015fkilat\u0131n\u0131n me\u015f\u0259 yan\u011f\u0131nlar\u0131 t\u00f6r\u0259tm\u0259kd\u0259 \u015f\u00fcbh\u0259li bilin\u0259n \u00fczvl\u0259ri yaxalan\u0131b. M\u0259lumata g\u00f6r\u0259, onlar Suriya \u0259silli 2 qarda\u015fd\u0131r.\/BAKU.WS<\/p>\n<div class=\"embed-responsive embed-responsive-16by9\"><iframe loading=\"lazy\" id=\"nmqembedid\" class=\"embed-responsive-item\" title=\"video player\" src=\"https:\/\/izle.az\/embed\/y0y3dQ4yK0ssLc1ID3YGAA~~\" width=\"600\" height=\"340\" frameborder=\"0\" scrolling=\"no\" allowfullscreen=\"allowfullscreen\" data-mce-fragment=\"1\"><\/iframe><\/div>\n<div class=\"embed-responsive embed-responsive-16by9\"><iframe loading=\"lazy\" id=\"nmqembedid\" class=\"embed-responsive-item\" title=\"video player\" src=\"https:\/\/izle.az\/embed\/y0y3dQ6ycA4vyPAsSHEEAA~~\" width=\"600\" height=\"340\" frameborder=\"0\" scrolling=\"no\" allowfullscreen=\"allowfullscreen\" data-mce-fragment=\"1\"><\/iframe><\/div>\n","protected":false},"excerpt":{"rendered":"<p>T\u00fcrkiy\u0259d\u0259 d\u0259h\u015f\u0259tli me\u015f\u0259 yan\u011f\u0131nlar\u0131 davam edir. ARANTV.AZ \u00a0x\u0259b\u0259r\u00a0verir ki, me\u015f\u0259 yan\u011f\u0131nlar\u0131 bu g\u00fcn\u0259 kimi Kayseri, Manisa, K\u00fctahya, Bal\u0131kesir, Kilis, Kahraman Mara\u015f, Kocaeli, Kastamonu, Sakarya, \u0130stanbul, Hatay, Bursa, \u0130zmir, Diyarb\u0259kir v\u0259 Karaman vilay\u0259tl\u0259rind\u0259 qeyd\u0259 al\u0131n\u0131b. T\u00fcrkiy\u0259nin me\u015f\u0259 v\u0259 k\u0259nd t\u0259s\u0259rr\u00fcfat\u0131 naziri Bekir Pakdemirli a\u00e7\u0131qlay\u0131b ki, T\u00fcrkiy\u0259d\u0259 42 yan\u011f\u0131n n\u0259zar\u0259t alt\u0131na al\u0131n\u0131b, Antalya, Mersin v\u0259 Adanan\u0131n yer ald\u0131\u011f\u0131 21 yerd\u0259 is\u0259 yan\u011f\u0131n davam edir. \u00d6lk\u0259d\u0259 bir ne\u00e7\u0259 \u015f\u0259h\u0259rd\u0259 davam ed\u0259n k\u00fctl\u0259vi yan\u011f\u0131nlarda \u00fcmumilikd\u0259 4 n\u0259f\u0259r h\u0259yat\u0131n\u0131 itirib v\u0259 y\u00fczl\u0259rl\u0259 ev\u0259 ziyan d\u0259yib. T\u00fcrkiy\u0259nin Manisa \u0259yal\u0259tinin Turgutlu rayonunda PKK terror t\u0259\u015fkilat\u0131n\u0131n me\u015f\u0259 yan\u011f\u0131nlar\u0131&hellip;<\/p>\n","protected":false},"author":2,"featured_media":361769,"comment_status":"closed","ping_status":"closed","sticky":false,"template":"","format":"standard","meta":{"om_disable_all_campaigns":false,"_monsterinsights_skip_tracking":false,"_monsterinsights_sitenote_active":false,"_monsterinsights_sitenote_note":"","_monsterinsights_sitenote_category":0},"categories":[5],"tags":[],"aioseo_notices":[],"gutentor_comment":0,"rttpg_featured_image_url":{"full":["https:\/\/arantv.az\/wp-content\/uploads\/2021\/07\/yangin_esas_41627631540.jpg",550,492,false],"landscape":["https:\/\/arantv.az\/wp-content\/uploads\/2021\/07\/yangin_esas_41627631540.jpg",550,492,false],"portraits":["https:\/\/arantv.az\/wp-content\/uploads\/2021\/07\/yangin_esas_41627631540.jpg",550,492,false],"thumbnail":["https:\/\/arantv.az\/wp-content\/uploads\/2021\/07\/yangin_esas_41627631540-500x280.jpg",500,280,true],"medium":["https:\/\/arantv.az\/wp-content\/uploads\/2021\/07\/yangin_esas_41627631540-408x365.jpg",408,365,true],"large":["https:\/\/arantv.az\/wp-content\/uploads\/2021\/07\/yangin_esas_41627631540.jpg",550,492,false],"1536x1536":["https:\/\/arantv.az\/wp-content\/uploads\/2021\/07\/yangin_esas_41627631540.jpg",550,492,false],"2048x2048":["https:\/\/arantv.az\/wp-content\/uploads\/2021\/07\/yangin_esas_41627631540.jpg",550,492,false],"post-thumbnail":["https:\/\/arantv.az\/wp-content\/uploads\/2021\/07\/yangin_esas_41627631540-240x172.jpg",240,172,true],"advps-thumb-one":["https:\/\/arantv.az\/wp-content\/uploads\/2021\/07\/yangin_esas_41627631540.jpg",550,492,false]},"rttpg_author":{"display_name":"V\u00fcsal Rafiqo\u011flu","author_link":"https:\/\/arantv.az\/?author=2"},"rttpg_comment":0,"rttpg_category":"<a href=\"https:\/\/arantv.az\/?cat=5\" rel=\"category\">Hadis\u0259<\/a>","rttpg_excerpt":"T\u00fcrkiy\u0259d\u0259 d\u0259h\u015f\u0259tli me\u015f\u0259 yan\u011f\u0131nlar\u0131 davam edir. ARANTV.AZ \u00a0x\u0259b\u0259r\u00a0verir ki, me\u015f\u0259 yan\u011f\u0131nlar\u0131 bu g\u00fcn\u0259 kimi Kayseri, Manisa, K\u00fctahya, Bal\u0131kesir, Kilis, Kahraman Mara\u015f, Kocaeli, Kastamonu, Sakarya, \u0130stanbul, Hatay, Bursa, \u0130zmir, Diyarb\u0259kir v\u0259 Karaman vilay\u0259tl\u0259rind\u0259 qeyd\u0259 al\u0131n\u0131b. T\u00fcrkiy\u0259nin me\u015f\u0259 v\u0259 k\u0259nd t\u0259s\u0259rr\u00fcfat\u0131 naziri Bekir Pakdemirli a\u00e7\u0131qlay\u0131b ki, T\u00fcrkiy\u0259d\u0259 42 yan\u011f\u0131n n\u0259zar\u0259t alt\u0131na al\u0131n\u0131b, Antalya, Mersin v\u0259 Adanan\u0131n yer&hellip;","_links":{"self":[{"href":"https:\/\/arantv.az\/index.php?rest_route=\/wp\/v2\/posts\/361768"}],"collection":[{"href":"https:\/\/arantv.az\/index.php?rest_route=\/wp\/v2\/posts"}],"about":[{"href":"https:\/\/arantv.az\/index.php?rest_route=\/wp\/v2\/types\/post"}],"author":[{"embeddable":true,"href":"https:\/\/arantv.az\/index.php?rest_route=\/wp\/v2\/users\/2"}],"replies":[{"embeddable":true,"href":"https:\/\/arantv.az\/index.php?rest_route=%2Fwp%2Fv2%2Fcomments&post=361768"}],"version-history":[{"count":0,"href":"https:\/\/arantv.az\/index.php?rest_route=\/wp\/v2\/posts\/361768\/revisions"}],"wp:featuredmedia":[{"embeddable":true,"href":"https:\/\/arantv.az\/index.php?rest_route=\/wp\/v2\/media\/361769"}],"wp:attachment":[{"href":"https:\/\/arantv.az\/index.php?rest_route=%2Fwp%2Fv2%2Fmedia&parent=361768"}],"wp:term":[{"taxonomy":"category","embeddable":true,"href":"https:\/\/arantv.az\/index.php?rest_route=%2Fwp%2Fv2%2Fcategories&post=361768"},{"taxonomy":"post_tag","embeddable":true,"href":"https:\/\/arantv.az\/index.php?rest_route=%2Fwp%2Fv2%2Ftags&post=361768"}],"curies":[{"name":"wp","href":"https:\/\/api.w.org\/{rel}","templated":true}]}}