{"id":361771,"date":"2021-07-30T10:59:06","date_gmt":"2021-07-30T07:59:06","guid":{"rendered":"http:\/\/arantv.az\/?p=361771"},"modified":"2021-07-30T10:59:06","modified_gmt":"2021-07-30T07:59:06","slug":"erm%c9%99nistan-%c9%99lind%c9%99ki-son-imkani-da-itirdi-ustunluk-tamamil%c9%99-az%c9%99rbaycanda","status":"publish","type":"post","link":"https:\/\/arantv.az\/?p=361771","title":{"rendered":"Erm\u0259nistan \u0259lind\u0259ki son imkan\u0131 da itirdi &#8211; \u00dcst\u00fcnl\u00fck tamamil\u0259 Az\u0259rbaycanda"},"content":{"rendered":"<blockquote><p><strong>4 qon\u015fuya malik olan Erm\u0259nistan\u0131n onlardan \u00fc\u00e7\u00fcn\u0259 qar\u015f\u0131 \u0259razi iddialar\u0131 olmas\u0131 tarixi saxta m\u0259lumatlar \u00fcz\u0259rind\u0259 qurulmu\u015f, bu forpost d\u00f6vl\u0259tin kimin hakimiyy\u0259td\u0259 olmas\u0131ndan as\u0131l\u0131 olmayaraq\u00a0i\u015f\u011fal, terror, cinay\u0259t ideyalar\u0131 il\u0259 idar\u0259 edildiyini bir daha t\u0259sdiq edir. Bel\u0259 bir d\u00f6vl\u0259tin t\u0259bii ki, qon\u015fular\u0131 il\u0259 dinc ya\u015famaq ist\u0259yind\u0259n s\u00f6hb\u0259t d\u0259 ged\u0259 bilm\u0259z. Tarixin m\u00fcxt\u0259lif d\u00f6v\u00fcrl\u0259rind\u0259 qon\u015fular\u0131 il\u0259 bu c\u00fcr g\u0259rgin m\u00fcnasib\u0259tl\u0259rinin\u00a0bumeranq effekti il\u0259 ancaq \u00f6zl\u0259rin\u0259 z\u0259rb\u0259 endirdiyin\u0259 \u015fahid olsaq bel\u0259, son 44 g\u00fcnl\u00fck V\u0259t\u0259n m\u00fcharib\u0259sinin ac\u0131 n\u0259tic\u0259si d\u0259 Erm\u0259nistan\u0131 m\u0259kirli planlar\u0131ndan \u00e7\u0259kindirmir.<\/strong><\/p><\/blockquote>\n<p>\u018fsass\u0131z, s\u0259rs\u0259m iddialar\u0131ndan \u0259l \u00e7\u0259km\u0259y\u0259n Erm\u0259nistan\u0131n yenid\u0259n Az\u0259rbaycanla s\u0259rh\u0259dd\u0259 g\u0259rginlik yaratmas\u0131 10 noyabr \u00fc\u00e7t\u0259r\u0259fli b\u0259yanat\u0131n \u015f\u0259rtl\u0259rind\u0259n imtina etm\u0259si, uzun ill\u0259r forpostu oldu\u011fu, gah k\u00f6m\u0259k umub, gah da orbitind\u0259n \u00e7\u0131xma\u011fa \u00e7al\u0131\u015fd\u0131\u011f\u0131\u00a0Rusiyan\u0131n d\u00f6vl\u0259t ba\u015f\u00e7\u0131s\u0131n\u0131n imzas\u0131na h\u00f6rm\u0259tsizlik, Az\u0259rbaycan\u0131n \u0259razi b\u00fct\u00f6vl\u00fcy\u00fcn\u00fc tan\u0131maqdan imtinadan ba\u015fqa bir \u015fey deyil. Bu is\u0259\u00a010 noyabr b\u0259yanat\u0131n\u0131n \u015f\u0259rtl\u0259rini &#8211;\u00a0s\u0259rh\u0259dl\u0259rin delimitasiya, demarkasiyas\u0131n\u0131, Z\u0259ng\u0259zur d\u0259hlizi v\u0259 dig\u0259r kommunikasiyalarla ba\u011fl\u0131 m\u0259s\u0259l\u0259l\u0259rin h\u0259llini tapmas\u0131 \u00fc\u00e7\u00fcn\u00a0Az\u0259rbaycan\u0131n 44 g\u00fcnl\u00fck V\u0259t\u0259n m\u00fcharib\u0259sind\u0259 oldu\u011fu kimi bu missiyan\u0131n \u00f6hd\u0259sind\u0259n g\u00fcc yolu il\u0259 g\u0259lm\u0259sin\u0259 s\u0259b\u0259b yarad\u0131r.<\/p>\n<p><img src=\"https:\/\/img.milli.az\/2021\/07\/30\/xtq_snayper.png\" alt=\"\" \/><\/p>\n<p>Prezident \u0130lham \u018fliyevin Az\u0259rbaycan Televiziyas\u0131na son m\u00fcsahib\u0259sinin ard\u0131ndan atd\u0131\u011f\u0131 son tvitl\u0259ri bir daha d\u00fc\u015fm\u0259ni fakt qar\u015f\u0131s\u0131nda qoyur. Birinci a\u00e7\u0131qlamada Avropa \u0130ttifaq\u0131 il\u0259 Az\u0259rbaycan aras\u0131nda yax\u0131n vaxtlarda Sazi\u015fin imzalaca\u011f\u0131ndan x\u0259b\u0259r verilir: &#8220;Sazi\u015fin 90 faizi raz\u0131la\u015fd\u0131r\u0131l\u0131b, qalan m\u0259s\u0259l\u0259l\u0259r d\u0259, hesab edir\u0259m ki, realizm prinsipl\u0259ri \u00fcst\u00fcnl\u00fck t\u0259\u015fkil ets\u0259 v\u0259 b\u0259zi m\u0259s\u0259l\u0259l\u0259rl\u0259 ba\u011fl\u0131 bizim narahatl\u0131\u011f\u0131m\u0131z n\u0259z\u0259r\u0259 al\u0131nsa, bu sazi\u015f yax\u0131n g\u00fcnl\u0259rd\u0259, b\u0259lk\u0259 d\u0259 yax\u0131n aylarda imzalana bil\u0259r&#8221;.<\/p>\n<p>Bunun ard\u0131nca n\u00f6vb\u0259ti payla\u015f\u0131mda Az\u0259rbaycanla Erm\u0259nistan aras\u0131nda m\u00fcmk\u00fcn s\u00fclh raz\u0131la\u015fmas\u0131ndan s\u00f6hb\u0259t a\u00e7\u0131l\u0131r v\u0259 Prezident \u00f6lk\u0259mizin dan\u0131\u015f\u0131qlara haz\u0131r oldu\u011funu b\u0259yan edir: &#8221; Biz Erm\u0259nistana g\u00fcnd\u0259lik g\u00f6nd\u0259rmi\u015fik &#8211; s\u00fclh m\u00fcqavil\u0259si. Qoy desin ki, ist\u0259mir, qoy desin ki, imtina edir . M\u0259n bunu d\u0259f\u0259l\u0259rl\u0259 demi\u015f\u0259m, deyir\u0259m: Biz haz\u0131r\u0131q, dan\u0131\u015f\u0131qlara ba\u015flayaq&#8221;.<\/p>\n<p>D\u00f6vl\u0259t ba\u015f\u00e7\u0131s\u0131n\u0131n bu tvitl\u0259ri Erm\u0259nistana y\u00f6n\u0259lmi\u015f ciddi mesajlard\u0131r. Qeyd edil\u0259nl\u0259rd\u0259n bel\u0259 q\u0259na\u0259t\u0259 g\u0259lm\u0259k olar ki, d\u00f6vl\u0259t ba\u015f\u00e7\u0131s\u0131 A\u0130 il\u0259 imzalanacaq sazi\u015fin 90 faizinin raz\u0131la\u015fd\u0131r\u0131ld\u0131\u011f\u0131n\u0131 dem\u0259kl\u0259 Az\u0259rbaycan\u0131n irad\u0259sin\u0259 ba\u011fl\u0131 m\u0259s\u0259l\u0259l\u0259ri n\u0259z\u0259rd\u0259 tutur, yerd\u0259 qalan 10 faizin is\u0259 Erm\u0259nistan\u0131n icra etm\u0259kd\u0259n yay\u0131nma\u011fa \u00e7al\u0131\u015fd\u0131\u011f\u0131 kapitulyasiya akt\u0131 hesab edil\u0259n 10 noyabr \u00fc\u00e7t\u0259r\u0259fli b\u0259yanat\u0131ndan as\u0131l\u0131 oldu\u011fu\u00a0ehtimal\u0131 art\u0131r. A\u0130-n\u0131n bu sazi\u015fin imzalanmas\u0131nda maraql\u0131 olmas\u0131 is\u0259, Erm\u0259nistan\u0131n Az\u0259rbaycanla s\u00fclh dan\u0131\u015f\u0131qlar\u0131na ba\u015flamas\u0131na t\u0259sir g\u00f6st\u0259r\u0259c\u0259yi anlam\u0131na g\u0259lir. Az\u0259rbaycan Prezidentinin \u0259minlikl\u0259 dediyi &#8220;Biz Erm\u0259nistana g\u00fcnd\u0259lik g\u00f6nd\u0259rmi\u015fik &#8211; s\u00fclh m\u00fcqavil\u0259si. Qoy desin ki, ist\u0259mir, qoy desin ki, imtina edir&#8221; ifad\u0259l\u0259rd\u0259n bel\u0259 ayd\u0131n olur ki,\u00a0Erm\u0259nistan\u0131n faktiki olaraq Az\u0259rbaycan\u0131n ir\u0259li s\u00fcrd\u00fcy\u00fc g\u00fcnd\u0259likd\u0259n \u00e7\u0131xmas\u0131 m\u00fcmk\u00fcns\u00fczd\u00fcr.<\/p>\n<p><img src=\"https:\/\/img.milli.az\/2021\/07\/30\/prezident_ilahm_aliyev_erm_np.png\" alt=\"\" \/><\/p>\n<p>O da ayd\u0131n olur ki, Rusiya il\u0259 Q\u0259rb aras\u0131nda manevrl\u0259r &#8220;imkanlar\u0131n\u0131&#8221; i\u015f\u0259\u00a0salmaqla destruktiv m\u00f6vqe n\u00fcmayi\u015f etdir\u0259n\u00a0\u0130r\u0259van\u0131n\u00a0\u0259n\u0259n\u0259vi siyas\u0259tin\u0259 s\u00f6yk\u0259n\u0259r\u0259k\u00a0konstruktiv platformadan qa\u00e7d\u0131\u011f\u0131n\u0131 yax\u015f\u0131 bil\u0259n Prezident \u0130lham \u018fliyev pressinqli el\u0259 bir diplomatik h\u00fccum plan\u0131 haz\u0131rlay\u0131b ki, bir-birin\u0259 zidd t\u0259r\u0259fl\u0259rd\u0259 dayanan g\u00fcc m\u0259rk\u0259zl\u0259ri Rusiya v\u0259 Q\u0259rbin\u00a0Az\u0259rbaycan\u0131n t\u0259qdim etdiyi,\u00a0r\u0259smi Bak\u0131n\u0131n maraqlar\u0131 \u0259sas\u0131nda haz\u0131rlanan g\u00fcnd\u0259liy\u0259 &#8220;h\u0259&#8221; dedil\u0259r. M\u00fcharib\u0259d\u0259n sonrak\u0131 m\u0259rh\u0259l\u0259 Erm\u0259nistan \u00fc\u00e7\u00fcn son imkan idi.\u00a0Postkonflikt d\u00f6vr\u00fcnd\u0259 olduqca \u00e7evik add\u0131mlar atan Az\u0259rbaycan bununla da m\u00fcharib\u0259d\u0259ki q\u0259l\u0259b\u0259nin davam\u0131n\u0131 g\u0259tirm\u0259k \u00fc\u00e7\u00fcn \u0259la imkan \u0259ld\u0259 edib. Bu imkan Erm\u0259nistan\u0131n &#8220;come back&#8221; arzusunu s\u0131f\u0131ra endirib.<\/p>\n<p>\u00d6t\u0259n g\u00fcn Erm\u0259nistan\u0131n ba\u015f naziri v\u0259zif\u0259sini icra ed\u0259n Nikol Pa\u015finyan\u0131n Erm\u0259nistan-Az\u0259rbaycan s\u0259rh\u0259dinin b\u00fct\u00fcn perimetri boyunca Rusiya s\u0259rh\u0259d\u00e7il\u0259rinin dayaq m\u0259nt\u0259q\u0259l\u0259rini yerl\u0259\u015fdirm\u0259yi t\u0259klif etm\u0259sin\u0259 Moskvadan cavab \u00f6z\u00fcn\u00fc \u00e7ox g\u00f6zl\u0259tm\u0259di.\u00a0Rusiya prezidentinin s\u00f6z\u00e7\u00fcs\u00fc Dmitri Peskovun Pa\u015finyan\u0131n t\u0259klifin\u0259\u00a0<em>&#8220;Pa\u015finyan\u0131n t\u0259klifi il\u0259 ba\u011fl\u0131 h\u0259r iki t\u0259r\u0259fl\u0259 dan\u0131\u015f\u0131qlar apar\u0131l\u0131r&#8221;<\/em>\u00a0cavab\u0131 bir daha s\u0259rh\u0259d m\u0259s\u0259l\u0259l\u0259ri daxil olmaqla 10 noyabr s\u0259n\u0259dl\u0259rin\u0259 daxil olan bir \u00e7ox m\u0259s\u0259l\u0259l\u0259rin m\u0259hz\u00a0Bak\u0131n\u0131n t\u0259qdim etdiyi g\u00fcnd\u0259lik \u0259sas\u0131nda icra edil\u0259c\u0259yind\u0259n x\u0259b\u0259r verir. Peskov bu cavab\u0131 il\u0259 Erm\u0259nistana &#8220;H\u0259r \u015fey r\u0259smi Bak\u0131n\u0131n reaksiyas\u0131na ba\u011fl\u0131d\u0131r&#8221; mesaj\u0131 verdi.<\/p>\n<p><img src=\"https:\/\/img.milli.az\/2021\/07\/30\/prezident_ilham_eliyev_ali_bas_komandan.jpg\" alt=\"\" \/><\/p>\n<p>Hadis\u0259l\u0259rin bu c\u00fcr inki\u015faf\u0131 Erm\u0259nistanla\u00a0Az\u0259rbaycan aras\u0131nda\u00a0s\u00fclh sazi\u015fi imzalamas\u0131 \u00fc\u00e7\u00fcn son tamamlama i\u015fl\u0259rinin getdiyini dem\u0259y\u0259 imkan verir. T\u0259bii ki, burada \u0259sas Az\u0259rbaycan\u0131n ist\u0259kl\u0259ri prearitet t\u0259\u015fkil ed\u0259c\u0259k. \u00c7\u00fcnki d\u00fcnya tarixin\u0259 d\u0259 n\u0259z\u0259r salsaq, g\u00f6r\u0259rik ki, h\u0259mi\u015f\u0259 g\u00fccl\u00fc t\u0259r\u0259f z\u0259if t\u0259r\u0259fi s\u00fclh sazi\u015fi imzalama\u011fa m\u0259cbur edib. S\u00fclh\u0259 m\u0259cbur etm\u0259 t\u0259cr\u00fcb\u0259sind\u0259n m\u0259har\u0259tl\u0259 istifad\u0259 ed\u0259n r\u0259smi Bak\u0131 Erm\u0259nistan bunu arzulamasa bel\u0259\u00a0diqt\u0259 ed\u0259n t\u0259r\u0259fdir. Bel\u0259 bir v\u0259ziyy\u0259td\u0259 II Qaraba\u011f m\u00fcharib\u0259sind\u0259 ordusu darmada\u011f\u0131n edil\u0259n Erm\u0259nistan\u0131n r\u0259smi Bak\u0131n\u0131n qoydu\u011fu\u00a0\u015f\u0259rtl\u0259r daxilind\u0259 s\u00fclh sazi\u015fini imzalamaqdan yay\u0131nmaq \u00fc\u00e7\u00fcn h\u0259r vasit\u0259l\u0259r\u0259 \u0259l at\u0131r.<\/p>\n<p>M\u0259qs\u0259d is\u0259 d\u00fcnya ictimaiyy\u0259tinin fikrini b\u00f6lg\u0259y\u0259 y\u00f6n\u0259ldib, v\u0259ziyy\u0259td\u0259n \u00e7\u0131xmaq \u00fc\u00e7\u00fcn laz\u0131m\u0131 d\u0259st\u0259yi almaqd\u0131r. El\u0259 bunun \u00fc\u00e7\u00fcn d\u0259 s\u0259rh\u0259dd\u0259ki son t\u0259xribatlar son g\u00fcnl\u0259r daha intensiv xarakter al\u0131b. N\u0259tic\u0259d\u0259 Az\u0259rbaycan Erm\u0259nistan \u0259razisind\u0259n pozulan at\u0259\u015fk\u0259s n\u00f6qt\u0259l\u0259rini susduqrmaq m\u0259cburiyy\u0259tind\u0259 qal\u0131r. Erm\u0259nistan bunu\u00a0 \u0259lind\u0259 \u0259sas g\u00f6t\u00fcr\u0259r\u0259k d\u00fcnyaya hayq\u0131r\u0131r ki, bax\u0131n, Az\u0259rbaycan bizim \u0259razimiz\u0259 h\u0259rbi m\u00fcdaxil\u0259 edir. Lakin, n\u0259 Erm\u0259nistan h\u0259rbi-siyasi r\u0259hb\u0259rliyi, n\u0259 d\u0259 erm\u0259nip\u0259r\u0259st q\u00fcvv\u0259l\u0259r unutmamal\u0131d\u0131rlar ki, Az\u0259rbaycan \u0259razi b\u00fct\u00f6vl\u00fcy\u00fcn\u00fcn v\u0259 s\u0259rh\u0259dl\u0259rinin toxunulmazl\u0131\u011f\u0131 \u00fc\u00e7\u00fcn ist\u0259nil\u0259n laz\u0131m\u0131 add\u0131m\u0131 atma\u011fa haz\u0131rd\u0131r v\u0259 atacaq.<\/p>\n","protected":false},"excerpt":{"rendered":"<p>4 qon\u015fuya malik olan Erm\u0259nistan\u0131n onlardan \u00fc\u00e7\u00fcn\u0259 qar\u015f\u0131 \u0259razi iddialar\u0131 olmas\u0131 tarixi saxta m\u0259lumatlar \u00fcz\u0259rind\u0259 qurulmu\u015f, bu forpost d\u00f6vl\u0259tin kimin hakimiyy\u0259td\u0259 olmas\u0131ndan as\u0131l\u0131 olmayaraq\u00a0i\u015f\u011fal, terror, cinay\u0259t ideyalar\u0131 il\u0259 idar\u0259 edildiyini bir daha t\u0259sdiq edir. Bel\u0259 bir d\u00f6vl\u0259tin t\u0259bii ki, qon\u015fular\u0131 il\u0259 dinc ya\u015famaq ist\u0259yind\u0259n s\u00f6hb\u0259t d\u0259 ged\u0259 bilm\u0259z. Tarixin m\u00fcxt\u0259lif d\u00f6v\u00fcrl\u0259rind\u0259 qon\u015fular\u0131 il\u0259 bu c\u00fcr g\u0259rgin m\u00fcnasib\u0259tl\u0259rinin\u00a0bumeranq effekti il\u0259 ancaq \u00f6zl\u0259rin\u0259 z\u0259rb\u0259 endirdiyin\u0259 \u015fahid olsaq bel\u0259, son 44 g\u00fcnl\u00fck V\u0259t\u0259n m\u00fcharib\u0259sinin ac\u0131 n\u0259tic\u0259si d\u0259 Erm\u0259nistan\u0131 m\u0259kirli planlar\u0131ndan \u00e7\u0259kindirmir. \u018fsass\u0131z, s\u0259rs\u0259m iddialar\u0131ndan \u0259l \u00e7\u0259km\u0259y\u0259n Erm\u0259nistan\u0131n yenid\u0259n Az\u0259rbaycanla s\u0259rh\u0259dd\u0259 g\u0259rginlik yaratmas\u0131 10&hellip;<\/p>\n","protected":false},"author":2,"featured_media":361772,"comment_status":"closed","ping_status":"closed","sticky":false,"template":"","format":"standard","meta":{"om_disable_all_campaigns":false,"_monsterinsights_skip_tracking":false,"_monsterinsights_sitenote_active":false,"_monsterinsights_sitenote_note":"","_monsterinsights_sitenote_category":0},"categories":[4],"tags":[],"aioseo_notices":[],"gutentor_comment":0,"rttpg_featured_image_url":{"full":["https:\/\/arantv.az\/wp-content\/uploads\/2021\/07\/xtq_snayper_esger.png",488,357,false],"landscape":["https:\/\/arantv.az\/wp-content\/uploads\/2021\/07\/xtq_snayper_esger.png",488,357,false],"portraits":["https:\/\/arantv.az\/wp-content\/uploads\/2021\/07\/xtq_snayper_esger.png",488,357,false],"thumbnail":["https:\/\/arantv.az\/wp-content\/uploads\/2021\/07\/xtq_snayper_esger-488x280.png",488,280,true],"medium":["https:\/\/arantv.az\/wp-content\/uploads\/2021\/07\/xtq_snayper_esger.png",488,357,false],"large":["https:\/\/arantv.az\/wp-content\/uploads\/2021\/07\/xtq_snayper_esger.png",488,357,false],"1536x1536":["https:\/\/arantv.az\/wp-content\/uploads\/2021\/07\/xtq_snayper_esger.png",488,357,false],"2048x2048":["https:\/\/arantv.az\/wp-content\/uploads\/2021\/07\/xtq_snayper_esger.png",488,357,false],"post-thumbnail":["https:\/\/arantv.az\/wp-content\/uploads\/2021\/07\/xtq_snayper_esger-240x172.png",240,172,true],"advps-thumb-one":["https:\/\/arantv.az\/wp-content\/uploads\/2021\/07\/xtq_snayper_esger.png",488,357,false]},"rttpg_author":{"display_name":"V\u00fcsal Rafiqo\u011flu","author_link":"https:\/\/arantv.az\/?author=2"},"rttpg_comment":0,"rttpg_category":"<a href=\"https:\/\/arantv.az\/?cat=4\" rel=\"category\">Siyas\u0259t<\/a>","rttpg_excerpt":"4 qon\u015fuya malik olan Erm\u0259nistan\u0131n onlardan \u00fc\u00e7\u00fcn\u0259 qar\u015f\u0131 \u0259razi iddialar\u0131 olmas\u0131 tarixi saxta m\u0259lumatlar \u00fcz\u0259rind\u0259 qurulmu\u015f, bu forpost d\u00f6vl\u0259tin kimin hakimiyy\u0259td\u0259 olmas\u0131ndan as\u0131l\u0131 olmayaraq\u00a0i\u015f\u011fal, terror, cinay\u0259t ideyalar\u0131 il\u0259 idar\u0259 edildiyini bir daha t\u0259sdiq edir. Bel\u0259 bir d\u00f6vl\u0259tin t\u0259bii ki, qon\u015fular\u0131 il\u0259 dinc ya\u015famaq ist\u0259yind\u0259n s\u00f6hb\u0259t d\u0259 ged\u0259 bilm\u0259z. Tarixin m\u00fcxt\u0259lif d\u00f6v\u00fcrl\u0259rind\u0259 qon\u015fular\u0131 il\u0259 bu c\u00fcr&hellip;","_links":{"self":[{"href":"https:\/\/arantv.az\/index.php?rest_route=\/wp\/v2\/posts\/361771"}],"collection":[{"href":"https:\/\/arantv.az\/index.php?rest_route=\/wp\/v2\/posts"}],"about":[{"href":"https:\/\/arantv.az\/index.php?rest_route=\/wp\/v2\/types\/post"}],"author":[{"embeddable":true,"href":"https:\/\/arantv.az\/index.php?rest_route=\/wp\/v2\/users\/2"}],"replies":[{"embeddable":true,"href":"https:\/\/arantv.az\/index.php?rest_route=%2Fwp%2Fv2%2Fcomments&post=361771"}],"version-history":[{"count":0,"href":"https:\/\/arantv.az\/index.php?rest_route=\/wp\/v2\/posts\/361771\/revisions"}],"wp:featuredmedia":[{"embeddable":true,"href":"https:\/\/arantv.az\/index.php?rest_route=\/wp\/v2\/media\/361772"}],"wp:attachment":[{"href":"https:\/\/arantv.az\/index.php?rest_route=%2Fwp%2Fv2%2Fmedia&parent=361771"}],"wp:term":[{"taxonomy":"category","embeddable":true,"href":"https:\/\/arantv.az\/index.php?rest_route=%2Fwp%2Fv2%2Fcategories&post=361771"},{"taxonomy":"post_tag","embeddable":true,"href":"https:\/\/arantv.az\/index.php?rest_route=%2Fwp%2Fv2%2Ftags&post=361771"}],"curies":[{"name":"wp","href":"https:\/\/api.w.org\/{rel}","templated":true}]}}