{"id":361780,"date":"2021-07-30T11:03:29","date_gmt":"2021-07-30T08:03:29","guid":{"rendered":"http:\/\/arantv.az\/?p=361780"},"modified":"2021-07-30T11:03:29","modified_gmt":"2021-07-30T08:03:29","slug":"deputatin-do%cc%88ydu%cc%88yu%cc%88-polis-bakiya-c%cc%a7ag%cc%86irildi-nazir-isi-n%c9%99zar%c9%99t%c9%99-goturdu","status":"publish","type":"post","link":"https:\/\/arantv.az\/?p=361780","title":{"rendered":"Deputat\u0131n do\u0308ydu\u0308yu\u0308 polis Bak\u0131ya c\u0327ag\u0306\u0131r\u0131ld\u0131 &#8211; Nazir i\u015fi n\u0259zar\u0259t\u0259 g\u00f6t\u00fcrd\u00fc"},"content":{"rendered":"<p>O\u0308t\u0259n gu\u0308n Xac\u0327maz rayonunda mill\u0259t v\u0259kili Eld\u0259niz S\u0259limovun polisi do\u0308y\u0259r\u0259k x\u0259sar\u0259t yetirm\u0259si fakt\u0131 is\u0259 bag\u0306l\u0131 aras\u0327d\u0131rman\u0131 daxili is\u0327l\u0259r naziri, general-polkovnik Vilay\u0259t Eyvazov s\u0327\u0259xs\u0259n n\u0259zar\u0259t\u0259 go\u0308tu\u0308ru\u0308b.<\/p>\n<p>Bakupost.az-\u0131n \u0259ld\u0259 etdiyi m\u0259lumata go\u0308r\u0259, Xac\u0327maz Rayon Qeydiyyat v\u0259 S\u0327\u0259xsiyy\u0259t V\u0259siq\u0259si S\u0327o\u0308b\u0259sinin polis \u0259m\u0259kdas\u0327\u0131 Zaur Cavans\u0327ir og\u0306lu Mirz\u0259yev m\u0259s\u0259l\u0259 il\u0259 bag\u0306l\u0131 Bak\u0131ya c\u0327ag\u0306\u0131r\u0131l\u0131b. Z.Mirz\u0259yevin ilkin ifad\u0259si Daxili I\u0307s\u0327l\u0259r Nazirliyinin istintaq idar\u0259sind\u0259 al\u0131n\u0131b v\u0259 fakta hu\u0308quqi qiym\u0259t verilm\u0259si u\u0308c\u0327u\u0308n Bas\u0327 Prokurorlug\u0306a mu\u0308raci\u0259t edilib.<\/p>\n<p>Daxili I\u0307s\u0327l\u0259r Nazirliyinin m\u0259tbuat\u00a0<a title=\"xidmetler\" href=\"https:\/\/xidmetler.az\/\" target=\"_blank\" rel=\"noopener\">xidm\u0259ti<\/a>\u00a0haz\u0131rda Bas\u0327 Prokurorlug\u0306un \u0130stintaq I\u0307dar\u0259sinin faktla ba\u011fl\u0131 ara\u015fd\u0131rmalara bas\u0327lad\u0131g\u0306\u0131n\u0131 t\u0259sdiql\u0259yib.<\/p>\n<p>Qeyd ed\u0259k ki, hadis\u0259 28 iyul gec\u0259\u00a0<a title=\"saatlar brend saatlar qol saatlari\" href=\"https:\/\/saatlar.az\/\" target=\"_blank\" rel=\"noopener\">saatlar\u0131nda<\/a>\u00a0bas\u0327 verib. Deputat Eld\u0259niz S\u0259limov qohumuna aid restoranlar\u0131n birind\u0259 yeyib-ic\u0327\u0259rk\u0259n polis \u0259m\u0259kdas\u0327lar\u0131 g\u0259l\u0259r\u0259k, art\u0131q gec\u0259 12 oldug\u0306unu bildirib v\u0259 restoran\u0131n art\u0131q f\u0259aliyy\u0259tini dayand\u0131rmal\u0131 oldug\u0306unu bildiribl\u0259r. E.S\u0259limov is\u0259 polisl\u0259rd\u0259n restoran\u0131 t\u0259rk etm\u0259yi t\u0259l\u0259b edib. Bu vaxt mu\u0308bahis\u0259 yaran\u0131b v\u0259 o, polis \u0259m\u0259kdas\u0327\u0131 Zaur Mirz\u0259yev\u0259 hu\u0308cum edib.<\/p>\n","protected":false},"excerpt":{"rendered":"<p>O\u0308t\u0259n gu\u0308n Xac\u0327maz rayonunda mill\u0259t v\u0259kili Eld\u0259niz S\u0259limovun polisi do\u0308y\u0259r\u0259k x\u0259sar\u0259t yetirm\u0259si fakt\u0131 is\u0259 bag\u0306l\u0131 aras\u0327d\u0131rman\u0131 daxili is\u0327l\u0259r naziri, general-polkovnik Vilay\u0259t Eyvazov s\u0327\u0259xs\u0259n n\u0259zar\u0259t\u0259 go\u0308tu\u0308ru\u0308b. Bakupost.az-\u0131n \u0259ld\u0259 etdiyi m\u0259lumata go\u0308r\u0259, Xac\u0327maz Rayon Qeydiyyat v\u0259 S\u0327\u0259xsiyy\u0259t V\u0259siq\u0259si S\u0327o\u0308b\u0259sinin polis \u0259m\u0259kdas\u0327\u0131 Zaur Cavans\u0327ir og\u0306lu Mirz\u0259yev m\u0259s\u0259l\u0259 il\u0259 bag\u0306l\u0131 Bak\u0131ya c\u0327ag\u0306\u0131r\u0131l\u0131b. Z.Mirz\u0259yevin ilkin ifad\u0259si Daxili I\u0307s\u0327l\u0259r Nazirliyinin istintaq idar\u0259sind\u0259 al\u0131n\u0131b v\u0259 fakta hu\u0308quqi qiym\u0259t verilm\u0259si u\u0308c\u0327u\u0308n Bas\u0327 Prokurorlug\u0306a mu\u0308raci\u0259t edilib. Daxili I\u0307s\u0327l\u0259r Nazirliyinin m\u0259tbuat\u00a0xidm\u0259ti\u00a0haz\u0131rda Bas\u0327 Prokurorlug\u0306un \u0130stintaq I\u0307dar\u0259sinin faktla ba\u011fl\u0131 ara\u015fd\u0131rmalara bas\u0327lad\u0131g\u0306\u0131n\u0131 t\u0259sdiql\u0259yib. Qeyd ed\u0259k ki, hadis\u0259 28 iyul gec\u0259\u00a0saatlar\u0131nda\u00a0bas\u0327 verib. Deputat Eld\u0259niz&hellip;<\/p>\n","protected":false},"author":2,"featured_media":361781,"comment_status":"closed","ping_status":"closed","sticky":false,"template":"","format":"standard","meta":{"om_disable_all_campaigns":false,"_monsterinsights_skip_tracking":false,"_monsterinsights_sitenote_active":false,"_monsterinsights_sitenote_note":"","_monsterinsights_sitenote_category":0},"categories":[26],"tags":[],"aioseo_notices":[],"gutentor_comment":0,"rttpg_featured_image_url":{"full":["https:\/\/arantv.az\/wp-content\/uploads\/2021\/07\/dep_51627631989.jpg",620,400,false],"landscape":["https:\/\/arantv.az\/wp-content\/uploads\/2021\/07\/dep_51627631989.jpg",620,400,false],"portraits":["https:\/\/arantv.az\/wp-content\/uploads\/2021\/07\/dep_51627631989.jpg",620,400,false],"thumbnail":["https:\/\/arantv.az\/wp-content\/uploads\/2021\/07\/dep_51627631989-500x280.jpg",500,280,true],"medium":["https:\/\/arantv.az\/wp-content\/uploads\/2021\/07\/dep_51627631989-566x365.jpg",566,365,true],"large":["https:\/\/arantv.az\/wp-content\/uploads\/2021\/07\/dep_51627631989.jpg",620,400,false],"1536x1536":["https:\/\/arantv.az\/wp-content\/uploads\/2021\/07\/dep_51627631989.jpg",620,400,false],"2048x2048":["https:\/\/arantv.az\/wp-content\/uploads\/2021\/07\/dep_51627631989.jpg",620,400,false],"post-thumbnail":["https:\/\/arantv.az\/wp-content\/uploads\/2021\/07\/dep_51627631989-240x172.jpg",240,172,true],"advps-thumb-one":["https:\/\/arantv.az\/wp-content\/uploads\/2021\/07\/dep_51627631989.jpg",620,400,false]},"rttpg_author":{"display_name":"V\u00fcsal Rafiqo\u011flu","author_link":"https:\/\/arantv.az\/?author=2"},"rttpg_comment":0,"rttpg_category":"<a href=\"https:\/\/arantv.az\/?cat=26\" rel=\"category\">Sosial<\/a>","rttpg_excerpt":"O\u0308t\u0259n gu\u0308n Xac\u0327maz rayonunda mill\u0259t v\u0259kili Eld\u0259niz S\u0259limovun polisi do\u0308y\u0259r\u0259k x\u0259sar\u0259t yetirm\u0259si fakt\u0131 is\u0259 bag\u0306l\u0131 aras\u0327d\u0131rman\u0131 daxili is\u0327l\u0259r naziri, general-polkovnik Vilay\u0259t Eyvazov s\u0327\u0259xs\u0259n n\u0259zar\u0259t\u0259 go\u0308tu\u0308ru\u0308b. Bakupost.az-\u0131n \u0259ld\u0259 etdiyi m\u0259lumata go\u0308r\u0259, Xac\u0327maz Rayon Qeydiyyat v\u0259 S\u0327\u0259xsiyy\u0259t V\u0259siq\u0259si S\u0327o\u0308b\u0259sinin polis \u0259m\u0259kdas\u0327\u0131 Zaur Cavans\u0327ir og\u0306lu Mirz\u0259yev m\u0259s\u0259l\u0259 il\u0259 bag\u0306l\u0131 Bak\u0131ya c\u0327ag\u0306\u0131r\u0131l\u0131b. Z.Mirz\u0259yevin ilkin ifad\u0259si Daxili I\u0307s\u0327l\u0259r Nazirliyinin istintaq&hellip;","_links":{"self":[{"href":"https:\/\/arantv.az\/index.php?rest_route=\/wp\/v2\/posts\/361780"}],"collection":[{"href":"https:\/\/arantv.az\/index.php?rest_route=\/wp\/v2\/posts"}],"about":[{"href":"https:\/\/arantv.az\/index.php?rest_route=\/wp\/v2\/types\/post"}],"author":[{"embeddable":true,"href":"https:\/\/arantv.az\/index.php?rest_route=\/wp\/v2\/users\/2"}],"replies":[{"embeddable":true,"href":"https:\/\/arantv.az\/index.php?rest_route=%2Fwp%2Fv2%2Fcomments&post=361780"}],"version-history":[{"count":0,"href":"https:\/\/arantv.az\/index.php?rest_route=\/wp\/v2\/posts\/361780\/revisions"}],"wp:featuredmedia":[{"embeddable":true,"href":"https:\/\/arantv.az\/index.php?rest_route=\/wp\/v2\/media\/361781"}],"wp:attachment":[{"href":"https:\/\/arantv.az\/index.php?rest_route=%2Fwp%2Fv2%2Fmedia&parent=361780"}],"wp:term":[{"taxonomy":"category","embeddable":true,"href":"https:\/\/arantv.az\/index.php?rest_route=%2Fwp%2Fv2%2Fcategories&post=361780"},{"taxonomy":"post_tag","embeddable":true,"href":"https:\/\/arantv.az\/index.php?rest_route=%2Fwp%2Fv2%2Ftags&post=361780"}],"curies":[{"name":"wp","href":"https:\/\/api.w.org\/{rel}","templated":true}]}}