{"id":361798,"date":"2021-07-30T12:45:19","date_gmt":"2021-07-30T09:45:19","guid":{"rendered":"http:\/\/arantv.az\/?p=361798"},"modified":"2021-07-30T12:45:19","modified_gmt":"2021-07-30T09:45:19","slug":"agsaqqalsiz-qalan-ir%c9%99vanin-tiktoku-silk%c9%99l%c9%99y%c9%99n-agbirc%c9%99yi-video","status":"publish","type":"post","link":"https:\/\/arantv.az\/?p=361798","title":{"rendered":"\u201cA\u011fsaqqal\u201ds\u0131z qalan \u0130r\u0259van\u0131n \u201cTiktok\u201du silk\u0259l\u0259y\u0259n \u201ca\u011fbir\u00e7\u0259yi\u201d &#8211; V\u0130DEO"},"content":{"rendered":"<article class=\"news\">\n<div class=\"news-inner\">\n<p>\u0130r\u0259van \u015f\u0259h\u0259rinin A\u011fsaqqallar \u015euras\u0131n\u0131n \u00fczv\u00fc Nuard Vardanyan\u0131n sosial \u015f\u0259b\u0259k\u0259 hesab\u0131nda payla\u015fd\u0131\u011f\u0131 videolar Erm\u0259nistanda qalmaqal yarad\u0131b.<\/p>\n<p>Sosial \u015f\u0259b\u0259k\u0259nin erm\u0259ni seqmentind\u0259 yaranm\u0131\u015f q\u0259z\u0259b dal\u011fas\u0131ndan hiss olunur ki, erm\u0259ni v\u0259kil he\u00e7 d\u0259 \u0130r\u0259van\u0131n probleml\u0259rin\u0259 can yand\u0131rmas\u0131 il\u0259 yadda qalmay\u0131b.<\/p>\n<p>\u018fksin\u0259, N.Vardanyan\u0131n A\u011fsaqqallar \u015euras\u0131n\u0131n iclaslar\u0131nda daha yax\u015f\u0131 bacard\u0131\u011f\u0131 \u201ci\u015fl\u0259r\u0259\u201d meyl etm\u0259si erm\u0259nil\u0259ri b\u0259rk q\u0131c\u0131qland\u0131r\u0131b. \u015euran\u0131n \u201ca\u011fbir\u00e7\u0259yi\u201d iclaslarda \u201cTiktok\u201d \u00fc\u00e7\u00fcn videolar \u00e7\u0259kib.<\/p>\n<div id=\"AdviadNativeVideo0\" class=\"AdviadNativeVideo\"><\/div>\n<p>G\u00f6r\u00fcn\u00fcr, qurumun xan\u0131m \u00fczv\u00fc \u00fc\u00e7\u00fcn \u0130r\u0259van\u0131n probleml\u0259ri o q\u0259d\u0259r maraqs\u0131zd\u0131r ki, \u201cTiktok\u201dda izl\u0259yicil\u0259rini sevindirm\u0259k \u00fc\u00e7\u00fcn video \u00e7\u0259km\u0259yi \u00f6z\u00fcn\u0259 daha laz\u0131ml\u0131 bilib, ya da N.Vardanyan bu g\u0259nc ya\u015f\u0131nda A\u011fsaqqallar \u015euras\u0131nda olmas\u0131n\u0131 \u00f6z\u00fcn\u0259 ba\u011f\u0131\u015flaya bilm\u0259yib. Ax\u0131 \u00f6lk\u0259d\u0259 ba\u015fqa a\u011fsaqqal tap\u0131lmay\u0131b ki, onu g\u0259tirib orada \u0259yl\u0259\u015fdiribl\u0259r? Y\u0259qin ki, daha yuxar\u0131 ya\u015f kateqoriyalar\u0131nda m\u0259mur qohumlar\u0131 aras\u0131nda vakansiya olmay\u0131b. El\u0259 ona g\u00f6r\u0259, cazib\u0259dar g\u0259nc q\u0131z\u0131 g\u0259tirib at\u0131blar \u201ca\u011fsaqqal\u201dlar\u0131n aras\u0131na.<\/p>\n<p>Daha bir maraql\u0131 m\u0259qam is\u0259 s\u00f6z\u00fcged\u0259n \u015f\u0259xsin ixtisasca ginekoloq olmas\u0131d\u0131r. \u00c7ox maraql\u0131d\u0131r, erm\u0259ni \u201cse\u00e7ici\u201dl\u0259r v\u0259 ya Nuard Vardanyan\u0131 \u0130r\u0259van\u0131n A\u011fsaqqallar \u015euras\u0131nda \u201ca\u011fbir\u00e7\u0259k\u201d kimi g\u00f6r\u0259n \u201cdahi\u201dl\u0259r ginekoloqun paytaxt\u0131n hans\u0131 probleminin h\u0259llind\u0259 \u00f6n\u0259mli rol oynaya bil\u0259c\u0259yini d\u00fc\u015f\u00fcn\u00fcb? H\u0259r halda s\u00f6hb\u0259t erm\u0259ni c\u0259miyy\u0259tind\u0259n gedirs\u0259, ist\u0259nil\u0259n \u201ca\u011flas\u0131\u011fmaz d\u00fc\u015f\u00fcnc\u0259\u201dni bu m\u0259ntiqin arxas\u0131nda dayanan s\u0259b\u0259b kimi q\u0259bul etm\u0259k el\u0259 d\u0259 \u00e7\u0259tin deyil. H\u0259r halda \u0130r\u0259van\u0131n \u201cA\u011fsaqqallar\u201d\u0131 s\u0131ras\u0131nda paytaxt\u0131n probleml\u0259rinin h\u0259llini g\u0259nc ginekoloqa h\u0259val\u0259 edibl\u0259rs\u0259, dem\u0259k \u00f6lk\u0259d\u0259 ciddi \u201ca\u011fsaqqal\u201d \u00e7at\u0131\u015fmazl\u0131\u011f\u0131 var.<\/p>\n<p>\u018fslind\u0259 bu c\u00fcr davran\u0131\u015flar \u00fcmumilikd\u0259 erm\u0259ni c\u0259miyy\u0259tinin \u0259sl simas\u0131n\u0131 ortaya qoyur. Tarix boyu oldu\u011fu kimi talan\u00e7\u0131l\u0131\u011fa, o\u011furlu\u011fa, \u00f6zba\u015f\u0131nal\u0131\u011fa \u00f6yr\u0259\u015fmi\u015f erm\u0259nil\u0259r bu g\u00fcn d\u0259 m\u00fcasir sivilizasiyalar aras\u0131nda h\u0259min ibtidai t\u0259s\u0259vv\u00fcrl\u0259rl\u0259 idar\u0259 olunur.<\/p>\n<p>Onsuzda a\u011f\u0131r h\u0259yat \u015f\u0259rtl\u0259rinin oldu\u011fu \u00f6lk\u0259d\u0259 sad\u0259 insanlar he\u00e7 kim \u00fc\u00e7\u00fcn maraql\u0131 deyil. Adi v\u0259t\u0259nda\u015flar m\u0259murlar \u00fc\u00e7\u00fcn h\u0259r zaman ikinci, \u00fc\u00e7\u00fcnc\u00fc, h\u0259tta kim bilir ne\u00e7\u0259nci planda dayan\u0131r.<\/p>\n<p>A\u011fsaqqallar \u015euras\u0131n\u0131n \u201ca\u011fbir\u00e7\u0259yi\u201dnin \u0130r\u0259vandan daha \u00e7ox \u201cTiktok\u201d istifad\u0259\u00e7il\u0259rini d\u00fc\u015f\u00fcnm\u0259si d\u0259 he\u00e7 t\u0259\u0259cc\u00fcbl\u00fc deyil. \u00c7\u00fcnki \u0130r\u0259vanla maraqlansa, y\u00fczl\u0259rl\u0259, minl\u0259rl\u0259 probleml\u0259 qar\u015f\u0131la\u015f\u0131b, sonda ba\u015f\u0131n\u0131 g\u00f6t\u00fcr\u00fcb birba\u015fa xaric\u0259 qa\u00e7acaq. \u201cTiktok\u201dda is\u0259 b\u0259z\u0259nib-d\u00fcz\u0259nib videolar payla\u015fanda he\u00e7 kim ona g\u00f6z\u00fcn \u00fcst\u0259 qa\u015f\u0131n var dem\u0259y\u0259c\u0259k. Bu v\u0259ziyy\u0259td\u0259 ikinci se\u00e7im ideal g\u00f6r\u00fcn\u00fcr. El\u0259 bu c\u00fcr \u201ca\u011fsaqqal\u201dlar\u0131 olan \u00f6lk\u0259y\u0259 d\u0259 bu yara\u015f\u0131r&#8230; Olan \u0130r\u0259vana olub, \u015f\u0259h\u0259rin \u0259n b\u00f6y\u00fck problemi a\u011fsaqqal \u00e7at\u0131\u015fmazl\u0131\u011f\u0131d\u0131r, tarixi sahibl\u0259ri, az\u0259rbaycanl\u0131lar oradan qovulandan sonra \u0130r\u0259van a\u011fsaqqals\u0131z qal\u0131b.<\/p>\n<p><iframe loading=\"lazy\" src=\"https:\/\/player.baku.tv\/embed\/41810\" width=\"560\" height=\"315\" frameborder=\"0\" allowfullscreen=\"allowfullscreen\" data-mce-fragment=\"1\"><\/iframe><\/p>\n<\/div>\n<\/article>\n<h2 class=\"news-share-title\"><\/h2>\n","protected":false},"excerpt":{"rendered":"<p>\u0130r\u0259van \u015f\u0259h\u0259rinin A\u011fsaqqallar \u015euras\u0131n\u0131n \u00fczv\u00fc Nuard Vardanyan\u0131n sosial \u015f\u0259b\u0259k\u0259 hesab\u0131nda payla\u015fd\u0131\u011f\u0131 videolar Erm\u0259nistanda qalmaqal yarad\u0131b. Sosial \u015f\u0259b\u0259k\u0259nin erm\u0259ni seqmentind\u0259 yaranm\u0131\u015f q\u0259z\u0259b dal\u011fas\u0131ndan hiss olunur ki, erm\u0259ni v\u0259kil he\u00e7 d\u0259 \u0130r\u0259van\u0131n probleml\u0259rin\u0259 can yand\u0131rmas\u0131 il\u0259 yadda qalmay\u0131b. \u018fksin\u0259, N.Vardanyan\u0131n A\u011fsaqqallar \u015euras\u0131n\u0131n iclaslar\u0131nda daha yax\u015f\u0131 bacard\u0131\u011f\u0131 \u201ci\u015fl\u0259r\u0259\u201d meyl etm\u0259si erm\u0259nil\u0259ri b\u0259rk q\u0131c\u0131qland\u0131r\u0131b. \u015euran\u0131n \u201ca\u011fbir\u00e7\u0259yi\u201d iclaslarda \u201cTiktok\u201d \u00fc\u00e7\u00fcn videolar \u00e7\u0259kib. G\u00f6r\u00fcn\u00fcr, qurumun xan\u0131m \u00fczv\u00fc \u00fc\u00e7\u00fcn \u0130r\u0259van\u0131n probleml\u0259ri o q\u0259d\u0259r maraqs\u0131zd\u0131r ki, \u201cTiktok\u201dda izl\u0259yicil\u0259rini sevindirm\u0259k \u00fc\u00e7\u00fcn video \u00e7\u0259km\u0259yi \u00f6z\u00fcn\u0259 daha laz\u0131ml\u0131 bilib, ya da N.Vardanyan bu g\u0259nc ya\u015f\u0131nda A\u011fsaqqallar \u015euras\u0131nda olmas\u0131n\u0131 \u00f6z\u00fcn\u0259 ba\u011f\u0131\u015flaya bilm\u0259yib.&hellip;<\/p>\n","protected":false},"author":2,"featured_media":361799,"comment_status":"closed","ping_status":"closed","sticky":false,"template":"","format":"standard","meta":{"om_disable_all_campaigns":false,"_monsterinsights_skip_tracking":false,"_monsterinsights_sitenote_active":false,"_monsterinsights_sitenote_note":"","_monsterinsights_sitenote_category":0},"categories":[7],"tags":[],"aioseo_notices":[],"gutentor_comment":0,"rttpg_featured_image_url":{"full":["https:\/\/arantv.az\/wp-content\/uploads\/2021\/07\/226054114_824603588445786_4154011048921028880_n.jpg",590,465,false],"landscape":["https:\/\/arantv.az\/wp-content\/uploads\/2021\/07\/226054114_824603588445786_4154011048921028880_n.jpg",590,465,false],"portraits":["https:\/\/arantv.az\/wp-content\/uploads\/2021\/07\/226054114_824603588445786_4154011048921028880_n.jpg",590,465,false],"thumbnail":["https:\/\/arantv.az\/wp-content\/uploads\/2021\/07\/226054114_824603588445786_4154011048921028880_n-500x280.jpg",500,280,true],"medium":["https:\/\/arantv.az\/wp-content\/uploads\/2021\/07\/226054114_824603588445786_4154011048921028880_n-463x365.jpg",463,365,true],"large":["https:\/\/arantv.az\/wp-content\/uploads\/2021\/07\/226054114_824603588445786_4154011048921028880_n.jpg",590,465,false],"1536x1536":["https:\/\/arantv.az\/wp-content\/uploads\/2021\/07\/226054114_824603588445786_4154011048921028880_n.jpg",590,465,false],"2048x2048":["https:\/\/arantv.az\/wp-content\/uploads\/2021\/07\/226054114_824603588445786_4154011048921028880_n.jpg",590,465,false],"post-thumbnail":["https:\/\/arantv.az\/wp-content\/uploads\/2021\/07\/226054114_824603588445786_4154011048921028880_n-240x172.jpg",240,172,true],"advps-thumb-one":["https:\/\/arantv.az\/wp-content\/uploads\/2021\/07\/226054114_824603588445786_4154011048921028880_n.jpg",590,465,false]},"rttpg_author":{"display_name":"V\u00fcsal Rafiqo\u011flu","author_link":"https:\/\/arantv.az\/?author=2"},"rttpg_comment":0,"rttpg_category":"<a href=\"https:\/\/arantv.az\/?cat=7\" rel=\"category\">D\u00fcnya<\/a>","rttpg_excerpt":"\u0130r\u0259van \u015f\u0259h\u0259rinin A\u011fsaqqallar \u015euras\u0131n\u0131n \u00fczv\u00fc Nuard Vardanyan\u0131n sosial \u015f\u0259b\u0259k\u0259 hesab\u0131nda payla\u015fd\u0131\u011f\u0131 videolar Erm\u0259nistanda qalmaqal yarad\u0131b. Sosial \u015f\u0259b\u0259k\u0259nin erm\u0259ni seqmentind\u0259 yaranm\u0131\u015f q\u0259z\u0259b dal\u011fas\u0131ndan hiss olunur ki, erm\u0259ni v\u0259kil he\u00e7 d\u0259 \u0130r\u0259van\u0131n probleml\u0259rin\u0259 can yand\u0131rmas\u0131 il\u0259 yadda qalmay\u0131b. \u018fksin\u0259, N.Vardanyan\u0131n A\u011fsaqqallar \u015euras\u0131n\u0131n iclaslar\u0131nda daha yax\u015f\u0131 bacard\u0131\u011f\u0131 \u201ci\u015fl\u0259r\u0259\u201d meyl etm\u0259si erm\u0259nil\u0259ri b\u0259rk q\u0131c\u0131qland\u0131r\u0131b. \u015euran\u0131n \u201ca\u011fbir\u00e7\u0259yi\u201d iclaslarda \u201cTiktok\u201d \u00fc\u00e7\u00fcn&hellip;","_links":{"self":[{"href":"https:\/\/arantv.az\/index.php?rest_route=\/wp\/v2\/posts\/361798"}],"collection":[{"href":"https:\/\/arantv.az\/index.php?rest_route=\/wp\/v2\/posts"}],"about":[{"href":"https:\/\/arantv.az\/index.php?rest_route=\/wp\/v2\/types\/post"}],"author":[{"embeddable":true,"href":"https:\/\/arantv.az\/index.php?rest_route=\/wp\/v2\/users\/2"}],"replies":[{"embeddable":true,"href":"https:\/\/arantv.az\/index.php?rest_route=%2Fwp%2Fv2%2Fcomments&post=361798"}],"version-history":[{"count":0,"href":"https:\/\/arantv.az\/index.php?rest_route=\/wp\/v2\/posts\/361798\/revisions"}],"wp:featuredmedia":[{"embeddable":true,"href":"https:\/\/arantv.az\/index.php?rest_route=\/wp\/v2\/media\/361799"}],"wp:attachment":[{"href":"https:\/\/arantv.az\/index.php?rest_route=%2Fwp%2Fv2%2Fmedia&parent=361798"}],"wp:term":[{"taxonomy":"category","embeddable":true,"href":"https:\/\/arantv.az\/index.php?rest_route=%2Fwp%2Fv2%2Fcategories&post=361798"},{"taxonomy":"post_tag","embeddable":true,"href":"https:\/\/arantv.az\/index.php?rest_route=%2Fwp%2Fv2%2Ftags&post=361798"}],"curies":[{"name":"wp","href":"https:\/\/api.w.org\/{rel}","templated":true}]}}