{"id":36181,"date":"2019-02-01T08:25:51","date_gmt":"2019-02-01T05:25:51","guid":{"rendered":"http:\/\/arantv.az\/?p=36181"},"modified":"2019-02-01T08:25:51","modified_gmt":"2019-02-01T05:25:51","slug":"aygunun-h%c9%99yatinda-kim-var","status":"publish","type":"post","link":"https:\/\/arantv.az\/?p=36181","title":{"rendered":"Ayg\u00fcn\u00fcn h\u0259yat\u0131nda kim var?"},"content":{"rendered":"<p>X\u0259b\u0259r verdiyimiz kimi, xalq artisti Ayg\u00fcn Kaz\u0131mova \u201cAsan Radio\u201dnun qona\u011f\u0131 olub. <strong>ARANTV.AZ<\/strong>-\u0131n m\u0259lumat\u0131na g\u00f6r\u0259, m\u00fc\u011f\u0259nni \u015f\u0259xsi h\u0259yat\u0131 il\u0259 ba\u011fl\u0131 b\u0259zi suallara da ayd\u0131nl\u0131q g\u0259tirib. S\u0259n\u0259t\u00e7i, \u015f\u0259xsi h\u0259yat\u0131 il\u0259 ba\u011fl\u0131 a\u00e7\u0131qlamas\u0131nda he\u00e7 kimin olmad\u0131\u011f\u0131n\u0131 v\u0259 h\u0259yat\u0131nda sevgiy\u0259 qada\u011fa qoydu\u011funu bildirib.<\/p>\n","protected":false},"excerpt":{"rendered":"<p>X\u0259b\u0259r verdiyimiz kimi, xalq artisti Ayg\u00fcn Kaz\u0131mova \u201cAsan Radio\u201dnun qona\u011f\u0131 olub. ARANTV.AZ-\u0131n m\u0259lumat\u0131na g\u00f6r\u0259, m\u00fc\u011f\u0259nni \u015f\u0259xsi h\u0259yat\u0131 il\u0259 ba\u011fl\u0131 b\u0259zi suallara da ayd\u0131nl\u0131q g\u0259tirib. S\u0259n\u0259t\u00e7i, \u015f\u0259xsi h\u0259yat\u0131 il\u0259 ba\u011fl\u0131 a\u00e7\u0131qlamas\u0131nda he\u00e7 kimin olmad\u0131\u011f\u0131n\u0131 v\u0259 h\u0259yat\u0131nda sevgiy\u0259 qada\u011fa qoydu\u011funu bildirib.<\/p>\n","protected":false},"author":2,"featured_media":36182,"comment_status":"closed","ping_status":"closed","sticky":false,"template":"","format":"standard","meta":{"om_disable_all_campaigns":false,"_monsterinsights_skip_tracking":false,"_monsterinsights_sitenote_active":false,"_monsterinsights_sitenote_note":"","_monsterinsights_sitenote_category":0},"categories":[20],"tags":[],"aioseo_notices":[],"gutentor_comment":0,"rttpg_featured_image_url":{"full":["https:\/\/arantv.az\/wp-content\/uploads\/2019\/02\/51771403_323093398314609_5823629947163377664_n.png",800,525,false],"landscape":["https:\/\/arantv.az\/wp-content\/uploads\/2019\/02\/51771403_323093398314609_5823629947163377664_n.png",800,525,false],"portraits":["https:\/\/arantv.az\/wp-content\/uploads\/2019\/02\/51771403_323093398314609_5823629947163377664_n.png",800,525,false],"thumbnail":["https:\/\/arantv.az\/wp-content\/uploads\/2019\/02\/51771403_323093398314609_5823629947163377664_n-150x150.png",150,150,true],"medium":["https:\/\/arantv.az\/wp-content\/uploads\/2019\/02\/51771403_323093398314609_5823629947163377664_n-300x197.png",300,197,true],"large":["https:\/\/arantv.az\/wp-content\/uploads\/2019\/02\/51771403_323093398314609_5823629947163377664_n.png",640,420,false],"1536x1536":["https:\/\/arantv.az\/wp-content\/uploads\/2019\/02\/51771403_323093398314609_5823629947163377664_n.png",800,525,false],"2048x2048":["https:\/\/arantv.az\/wp-content\/uploads\/2019\/02\/51771403_323093398314609_5823629947163377664_n.png",800,525,false],"post-thumbnail":["https:\/\/arantv.az\/wp-content\/uploads\/2019\/02\/51771403_323093398314609_5823629947163377664_n-240x172.png",240,172,true],"advps-thumb-one":["https:\/\/arantv.az\/wp-content\/uploads\/2019\/02\/51771403_323093398314609_5823629947163377664_n.png",800,525,false]},"rttpg_author":{"display_name":"V\u00fcsal Rafiqo\u011flu","author_link":"https:\/\/arantv.az\/?author=2"},"rttpg_comment":0,"rttpg_category":"<a href=\"https:\/\/arantv.az\/?cat=20\" rel=\"category\">\u015eou biznes<\/a>","rttpg_excerpt":"X\u0259b\u0259r verdiyimiz kimi, xalq artisti Ayg\u00fcn Kaz\u0131mova \u201cAsan Radio\u201dnun qona\u011f\u0131 olub. ARANTV.AZ-\u0131n m\u0259lumat\u0131na g\u00f6r\u0259, m\u00fc\u011f\u0259nni \u015f\u0259xsi h\u0259yat\u0131 il\u0259 ba\u011fl\u0131 b\u0259zi suallara da ayd\u0131nl\u0131q g\u0259tirib. S\u0259n\u0259t\u00e7i, \u015f\u0259xsi h\u0259yat\u0131 il\u0259 ba\u011fl\u0131 a\u00e7\u0131qlamas\u0131nda he\u00e7 kimin olmad\u0131\u011f\u0131n\u0131 v\u0259 h\u0259yat\u0131nda sevgiy\u0259 qada\u011fa qoydu\u011funu bildirib.","_links":{"self":[{"href":"https:\/\/arantv.az\/index.php?rest_route=\/wp\/v2\/posts\/36181"}],"collection":[{"href":"https:\/\/arantv.az\/index.php?rest_route=\/wp\/v2\/posts"}],"about":[{"href":"https:\/\/arantv.az\/index.php?rest_route=\/wp\/v2\/types\/post"}],"author":[{"embeddable":true,"href":"https:\/\/arantv.az\/index.php?rest_route=\/wp\/v2\/users\/2"}],"replies":[{"embeddable":true,"href":"https:\/\/arantv.az\/index.php?rest_route=%2Fwp%2Fv2%2Fcomments&post=36181"}],"version-history":[{"count":0,"href":"https:\/\/arantv.az\/index.php?rest_route=\/wp\/v2\/posts\/36181\/revisions"}],"wp:featuredmedia":[{"embeddable":true,"href":"https:\/\/arantv.az\/index.php?rest_route=\/wp\/v2\/media\/36182"}],"wp:attachment":[{"href":"https:\/\/arantv.az\/index.php?rest_route=%2Fwp%2Fv2%2Fmedia&parent=36181"}],"wp:term":[{"taxonomy":"category","embeddable":true,"href":"https:\/\/arantv.az\/index.php?rest_route=%2Fwp%2Fv2%2Fcategories&post=36181"},{"taxonomy":"post_tag","embeddable":true,"href":"https:\/\/arantv.az\/index.php?rest_route=%2Fwp%2Fv2%2Ftags&post=36181"}],"curies":[{"name":"wp","href":"https:\/\/api.w.org\/{rel}","templated":true}]}}