{"id":36192,"date":"2019-02-01T08:59:14","date_gmt":"2019-02-01T05:59:14","guid":{"rendered":"http:\/\/arantv.az\/?p=36192"},"modified":"2019-02-01T08:59:14","modified_gmt":"2019-02-01T05:59:14","slug":"bakida-avtomobil-yolda-qazilmis-cuxura-dusub-yox-oldu-foto","status":"publish","type":"post","link":"https:\/\/arantv.az\/?p=36192","title":{"rendered":"Bak\u0131da avtomobil yolda qaz\u0131lm\u0131\u015f \u00e7uxura d\u00fc\u015f\u00fcb &#8220;YOX OLDU&#8221; &#8211; FOTO"},"content":{"rendered":"<p><strong>Bak\u0131 \u015f\u0259h\u0259rinin Nizami rayonu \u0259razisind\u0259 &#8211; Bab\u0259k prospektind\u0259 minik avtomobili yolda qaz\u0131lm\u0131\u015f \u00e7uxura d\u00fc\u015f\u00fcb.<\/strong><\/p>\n<p><b>ARANTV.AZ\u00a0\u00a0<\/b>x\u0259b\u0259r verir ki, xo\u015fag\u0259lm\u0259z hadis\u0259 fevral\u0131n 1-n\u0259 ke\u00e7\u0259n gec\u0259 ba\u015f verib.<\/p>\n<p>&#8220;Mercedes&#8221; markal\u0131 minik avtomobili s\u00fcr\u00fcc\u00fcn\u00fcn diqq\u0259tsizliyi n\u0259tic\u0259sind\u0259 yolun h\u0259r\u0259k\u0259t hiss\u0259sind\u0259 qaz\u0131lm\u0131\u015f quyuya d\u00fc\u015f\u00fcb.<\/p>\n<p>N\u0259tic\u0259d\u0259 avtomobil tamamil\u0259 yaras\u0131z hala d\u00fc\u015f\u00fcb.<\/p>\n<p>Ma\u015f\u0131n\u0131n quyudan \u00e7\u0131xar\u0131lmas\u0131 \u00fc\u00e7\u00fcn \u0259raziy\u0259 kran c\u0259lb edilib.<\/p>\n<p>Az\u0259rbaycan Avtomobil Yollar\u0131 D\u00f6vl\u0259t Agentliyinin m\u0259tbuat xidm\u0259tinin r\u0259hb\u0259ri Anar N\u0259c\u0259fli bildirib ki, Bab\u0259k prospektind\u0259 yol \u00e7\u00f6km\u0259yib: \u201cProspektin k\u00f6m\u0259k\u00e7i yolunda magistral su k\u0259m\u0259rind\u0259 q\u0259za ba\u015f verib v\u0259 q\u0259zan\u0131 aradan qald\u0131rmaq \u00fc\u00e7\u00fcn aidiyy\u0259ti qurum t\u0259r\u0259find\u0259n qaz\u0131nt\u0131 i\u015fl\u0259ri apar\u0131l\u0131r\u201d.publika.az<\/p>\n","protected":false},"excerpt":{"rendered":"<p>Bak\u0131 \u015f\u0259h\u0259rinin Nizami rayonu \u0259razisind\u0259 &#8211; Bab\u0259k prospektind\u0259 minik avtomobili yolda qaz\u0131lm\u0131\u015f \u00e7uxura d\u00fc\u015f\u00fcb. ARANTV.AZ\u00a0\u00a0x\u0259b\u0259r verir ki, xo\u015fag\u0259lm\u0259z hadis\u0259 fevral\u0131n 1-n\u0259 ke\u00e7\u0259n gec\u0259 ba\u015f verib. &#8220;Mercedes&#8221; markal\u0131 minik avtomobili s\u00fcr\u00fcc\u00fcn\u00fcn diqq\u0259tsizliyi n\u0259tic\u0259sind\u0259 yolun h\u0259r\u0259k\u0259t hiss\u0259sind\u0259 qaz\u0131lm\u0131\u015f quyuya d\u00fc\u015f\u00fcb. N\u0259tic\u0259d\u0259 avtomobil tamamil\u0259 yaras\u0131z hala d\u00fc\u015f\u00fcb. Ma\u015f\u0131n\u0131n quyudan \u00e7\u0131xar\u0131lmas\u0131 \u00fc\u00e7\u00fcn \u0259raziy\u0259 kran c\u0259lb edilib. Az\u0259rbaycan Avtomobil Yollar\u0131 D\u00f6vl\u0259t Agentliyinin m\u0259tbuat xidm\u0259tinin r\u0259hb\u0259ri Anar N\u0259c\u0259fli bildirib ki, Bab\u0259k prospektind\u0259 yol \u00e7\u00f6km\u0259yib: \u201cProspektin k\u00f6m\u0259k\u00e7i yolunda magistral su k\u0259m\u0259rind\u0259 q\u0259za ba\u015f verib v\u0259 q\u0259zan\u0131 aradan qald\u0131rmaq \u00fc\u00e7\u00fcn aidiyy\u0259ti qurum t\u0259r\u0259find\u0259n qaz\u0131nt\u0131 i\u015fl\u0259ri apar\u0131l\u0131r\u201d.publika.az<\/p>\n","protected":false},"author":2,"featured_media":36193,"comment_status":"closed","ping_status":"closed","sticky":false,"template":"","format":"standard","meta":{"om_disable_all_campaigns":false,"_monsterinsights_skip_tracking":false,"_monsterinsights_sitenote_active":false,"_monsterinsights_sitenote_note":"","_monsterinsights_sitenote_category":0},"categories":[5],"tags":[],"aioseo_notices":[],"gutentor_comment":0,"rttpg_featured_image_url":{"full":["https:\/\/arantv.az\/wp-content\/uploads\/2019\/02\/51755183_2382658441768351_6861117423936864256_n.jpg",800,450,false],"landscape":["https:\/\/arantv.az\/wp-content\/uploads\/2019\/02\/51755183_2382658441768351_6861117423936864256_n.jpg",800,450,false],"portraits":["https:\/\/arantv.az\/wp-content\/uploads\/2019\/02\/51755183_2382658441768351_6861117423936864256_n.jpg",800,450,false],"thumbnail":["https:\/\/arantv.az\/wp-content\/uploads\/2019\/02\/51755183_2382658441768351_6861117423936864256_n-150x150.jpg",150,150,true],"medium":["https:\/\/arantv.az\/wp-content\/uploads\/2019\/02\/51755183_2382658441768351_6861117423936864256_n-300x169.jpg",300,169,true],"large":["https:\/\/arantv.az\/wp-content\/uploads\/2019\/02\/51755183_2382658441768351_6861117423936864256_n.jpg",640,360,false],"1536x1536":["https:\/\/arantv.az\/wp-content\/uploads\/2019\/02\/51755183_2382658441768351_6861117423936864256_n.jpg",800,450,false],"2048x2048":["https:\/\/arantv.az\/wp-content\/uploads\/2019\/02\/51755183_2382658441768351_6861117423936864256_n.jpg",800,450,false],"post-thumbnail":["https:\/\/arantv.az\/wp-content\/uploads\/2019\/02\/51755183_2382658441768351_6861117423936864256_n-240x172.jpg",240,172,true],"advps-thumb-one":["https:\/\/arantv.az\/wp-content\/uploads\/2019\/02\/51755183_2382658441768351_6861117423936864256_n.jpg",800,450,false]},"rttpg_author":{"display_name":"V\u00fcsal Rafiqo\u011flu","author_link":"https:\/\/arantv.az\/?author=2"},"rttpg_comment":0,"rttpg_category":"<a href=\"https:\/\/arantv.az\/?cat=5\" rel=\"category\">Hadis\u0259<\/a>","rttpg_excerpt":"Bak\u0131 \u015f\u0259h\u0259rinin Nizami rayonu \u0259razisind\u0259 &#8211; Bab\u0259k prospektind\u0259 minik avtomobili yolda qaz\u0131lm\u0131\u015f \u00e7uxura d\u00fc\u015f\u00fcb. ARANTV.AZ\u00a0\u00a0x\u0259b\u0259r verir ki, xo\u015fag\u0259lm\u0259z hadis\u0259 fevral\u0131n 1-n\u0259 ke\u00e7\u0259n gec\u0259 ba\u015f verib. &#8220;Mercedes&#8221; markal\u0131 minik avtomobili s\u00fcr\u00fcc\u00fcn\u00fcn diqq\u0259tsizliyi n\u0259tic\u0259sind\u0259 yolun h\u0259r\u0259k\u0259t hiss\u0259sind\u0259 qaz\u0131lm\u0131\u015f quyuya d\u00fc\u015f\u00fcb. N\u0259tic\u0259d\u0259 avtomobil tamamil\u0259 yaras\u0131z hala d\u00fc\u015f\u00fcb. Ma\u015f\u0131n\u0131n quyudan \u00e7\u0131xar\u0131lmas\u0131 \u00fc\u00e7\u00fcn \u0259raziy\u0259 kran c\u0259lb edilib. Az\u0259rbaycan Avtomobil Yollar\u0131&hellip;","_links":{"self":[{"href":"https:\/\/arantv.az\/index.php?rest_route=\/wp\/v2\/posts\/36192"}],"collection":[{"href":"https:\/\/arantv.az\/index.php?rest_route=\/wp\/v2\/posts"}],"about":[{"href":"https:\/\/arantv.az\/index.php?rest_route=\/wp\/v2\/types\/post"}],"author":[{"embeddable":true,"href":"https:\/\/arantv.az\/index.php?rest_route=\/wp\/v2\/users\/2"}],"replies":[{"embeddable":true,"href":"https:\/\/arantv.az\/index.php?rest_route=%2Fwp%2Fv2%2Fcomments&post=36192"}],"version-history":[{"count":0,"href":"https:\/\/arantv.az\/index.php?rest_route=\/wp\/v2\/posts\/36192\/revisions"}],"wp:featuredmedia":[{"embeddable":true,"href":"https:\/\/arantv.az\/index.php?rest_route=\/wp\/v2\/media\/36193"}],"wp:attachment":[{"href":"https:\/\/arantv.az\/index.php?rest_route=%2Fwp%2Fv2%2Fmedia&parent=36192"}],"wp:term":[{"taxonomy":"category","embeddable":true,"href":"https:\/\/arantv.az\/index.php?rest_route=%2Fwp%2Fv2%2Fcategories&post=36192"},{"taxonomy":"post_tag","embeddable":true,"href":"https:\/\/arantv.az\/index.php?rest_route=%2Fwp%2Fv2%2Ftags&post=36192"}],"curies":[{"name":"wp","href":"https:\/\/api.w.org\/{rel}","templated":true}]}}