{"id":36198,"date":"2019-02-01T09:04:35","date_gmt":"2019-02-01T06:04:35","guid":{"rendered":"http:\/\/arantv.az\/?p=36198"},"modified":"2019-02-01T09:04:35","modified_gmt":"2019-02-01T06:04:35","slug":"vuqar-s%c9%99f%c9%99rli-q%c9%99zetl%c9%99r%c9%99-maliyy%c9%99-yardiminin-ayrilmasi-il%c9%99-bagli-q%c9%99rar-mart-ayinin-sonunda-veril%c9%99c%c9%99k","status":"publish","type":"post","link":"https:\/\/arantv.az\/?p=36198","title":{"rendered":"V\u00fcqar S\u0259f\u0259rli: &#8220;Q\u0259zetl\u0259r\u0259 maliyy\u0259 yard\u0131m\u0131n\u0131n ayr\u0131lmas\u0131 il\u0259 ba\u011fl\u0131 q\u0259rar mart ay\u0131n\u0131n sonunda veril\u0259c\u0259k&#8221;"},"content":{"rendered":"<p><strong>Bu g\u00fcn bir s\u0131ra x\u0259b\u0259r portallar\u0131nda Az\u0259rbaycanda 20-d\u0259n \u00e7ox q\u0259zet\u0259 maliyy\u0259 yard\u0131m\u0131n\u0131n dayand\u0131r\u0131laca\u011f\u0131 bar\u0259d\u0259 m\u0259lumat yay\u0131l\u0131b.\u00a0<\/strong><\/p>\n<p><strong>ARANTV.AZ<\/strong>\u00a0 bildirir ki, movqe.az\u00a0m\u0259s\u0259l\u0259y\u0259 ayd\u0131nl\u0131q g\u0259tirm\u0259k m\u0259qs\u0259dil\u0259 Az\u0259rbaycan Respublikas\u0131n\u0131n Prezidenti yan\u0131nda K\u00fctl\u0259vi \u0130nformasiya Vasit\u0259l\u0259rinin \u0130nki\u015faf\u0131na D\u00f6vl\u0259t D\u0259st\u0259yi Fondunun icra\u00e7\u0131 direktoru V\u00fcqar S\u0259f\u0259rli il\u0259 \u0259laq\u0259 saxlay\u0131b.<\/p>\n<p>K\u0130VDF-nin icra\u00e7\u0131 direktorunun s\u00f6zl\u0259rin\u0259 g\u00f6r\u0259, 20-d\u0259n \u00e7ox q\u0259zet\u0259 Fond t\u0259r\u0259find\u0259n ayr\u0131lan maliyy\u0259 yard\u0131m\u0131n\u0131n dayand\u0131r\u0131laca\u011f\u0131 bar\u0259d\u0259 m\u0259lumat h\u0259qiq\u0259ti \u0259ks etdirmir: &#8221;\u00a0 Bu g\u00fcn Az\u0259rbaycan Respublikas\u0131n\u0131n Prezidenti yan\u0131nda K\u00fctl\u0259vi \u0130nformasiya Vasit\u0259l\u0259rinin \u0130nki\u015faf\u0131na D\u00f6vl\u0259t D\u0259st\u0259yi Fondunun M\u00fc\u015fahid\u0259 \u015euras\u0131n\u0131n n\u00f6vb\u0259ti iclas\u0131 ke\u00e7irilib. Bu iclasda m\u00fczakir\u0259 olunanan m\u0259s\u0259l\u0259l\u0259rd\u0259n biri d\u0259, cari ilin 2-ci r\u00fcb\u00fc \u0259rzind\u0259 maliyy\u0259l\u0259\u015fdiril\u0259c\u0259k K\u0130V layih\u0259l\u0259ri, bunun hans\u0131 \u015f\u0259rtl\u0259r \u0259sas\u0131nda h\u0259yata ke\u00e7iril\u0259c\u0259yi il\u0259\u00a0 ba\u011fl\u0131 olub.<\/p>\n<div id=\"AdributorNativeVideo0\" class=\"AdributorNativeVideo\"><\/div>\n<p>2-ci r\u00fcbd\u0259 q\u0259zetl\u0259rin maliyy\u0259l\u0259\u015fm\u0259si haqq\u0131nda qaydalar m\u00fczakir\u0259y\u0259 \u00e7\u0131xar\u0131ld\u0131qdan sonra q\u0259rar q\u0259bul edildi ki, 10 ildir K\u0130VDF t\u0259r\u0259find\u0259n maliyy\u0259 yard\u0131m\u0131 alan q\u0259zetl\u0259rin tiraj\u0131 minimum 5 min olmal\u0131d\u0131r. \u018fvv\u0259l bu t\u0259l\u0259b 2500 idi. Bundan ba\u015fqa q\u0259zetl\u0259rin yay\u0131m\u0131n\u0131n mind\u0259n iki min\u0259 \u00e7atd\u0131r\u0131lmas\u0131 bar\u0259d\u0259 d\u0259 q\u0259rar q\u0259bul olundu. Hans\u0131 q\u0259zetl\u0259r qoyulan bu t\u0259l\u0259bl\u0259r\u0259 uy\u011fun g\u0259l\u0259c\u0259ks\u0259, onlara maliyy\u0259nin ayr\u0131lmas\u0131 davam etdiril\u0259c\u0259k. El\u0259c\u0259 d\u0259 xarici dild\u0259 yay\u0131mlanan, tiraj\u0131 3000-d\u0259n az olmayan, h\u0259r burax\u0131l\u0131\u015f\u0131ndan \u0259n az\u0131 1500 n\u00fcsx\u0259si sat\u0131lan v\u0259 ya abun\u0259 yolu il\u0259 yay\u0131lan ictimai-siyasi q\u0259zetl\u0259r d\u0259 maliyy\u0259 yard\u0131m\u0131 ala bil\u0259c\u0259kl\u0259r.\u00a0 Q\u0259zetl\u0259r\u0259\u00a0maliyy\u0259 yard\u0131m\u0131n\u0131n ayr\u0131lmas\u0131 il\u0259 ba\u011fl\u0131 q\u0259rar mart ay\u0131n\u0131n sonunda veril\u0259c\u0259k.<\/p>\n<p>Qeyd edim ki, 2019-cu ilin II r\u00fcb\u00fc \u00fc\u00e7\u00fcn K\u0130V layih\u0259l\u0259rinin maliyy\u0259l\u0259\u015fdirilm\u0259si il\u0259 ba\u011fl\u0131 m\u00fcsabiq\u0259 h\u0259l\u0259 bu g\u00fcn elan edilib. Bu ajiotaj\u0131 yayanlar bilm\u0259lidir ki, hans\u0131 q\u0259zetin maliyy\u0259l\u0259\u015f\u0259c\u0259yi, hans\u0131n\u0131n is\u0259 maliyy\u0259 almayaca\u011f\u0131n\u0131 indid\u0259n s\u00f6yl\u0259m\u0259k m\u00fcmk\u00fcn deyil. K\u0130VDF q\u0259zet ba\u011flayan bir qurum deyil. Biz q\u0259zetl\u0259rin maliyy\u0259l\u0259\u015fm\u0259si il\u0259 m\u0259\u015f\u011fuluq&#8221;.<\/p>\n","protected":false},"excerpt":{"rendered":"<p>Bu g\u00fcn bir s\u0131ra x\u0259b\u0259r portallar\u0131nda Az\u0259rbaycanda 20-d\u0259n \u00e7ox q\u0259zet\u0259 maliyy\u0259 yard\u0131m\u0131n\u0131n dayand\u0131r\u0131laca\u011f\u0131 bar\u0259d\u0259 m\u0259lumat yay\u0131l\u0131b.\u00a0 ARANTV.AZ\u00a0 bildirir ki, movqe.az\u00a0m\u0259s\u0259l\u0259y\u0259 ayd\u0131nl\u0131q g\u0259tirm\u0259k m\u0259qs\u0259dil\u0259 Az\u0259rbaycan Respublikas\u0131n\u0131n Prezidenti yan\u0131nda K\u00fctl\u0259vi \u0130nformasiya Vasit\u0259l\u0259rinin \u0130nki\u015faf\u0131na D\u00f6vl\u0259t D\u0259st\u0259yi Fondunun icra\u00e7\u0131 direktoru V\u00fcqar S\u0259f\u0259rli il\u0259 \u0259laq\u0259 saxlay\u0131b. K\u0130VDF-nin icra\u00e7\u0131 direktorunun s\u00f6zl\u0259rin\u0259 g\u00f6r\u0259, 20-d\u0259n \u00e7ox q\u0259zet\u0259 Fond t\u0259r\u0259find\u0259n ayr\u0131lan maliyy\u0259 yard\u0131m\u0131n\u0131n dayand\u0131r\u0131laca\u011f\u0131 bar\u0259d\u0259 m\u0259lumat h\u0259qiq\u0259ti \u0259ks etdirmir: &#8221;\u00a0 Bu g\u00fcn Az\u0259rbaycan Respublikas\u0131n\u0131n Prezidenti yan\u0131nda K\u00fctl\u0259vi \u0130nformasiya Vasit\u0259l\u0259rinin \u0130nki\u015faf\u0131na D\u00f6vl\u0259t D\u0259st\u0259yi Fondunun M\u00fc\u015fahid\u0259 \u015euras\u0131n\u0131n n\u00f6vb\u0259ti iclas\u0131 ke\u00e7irilib. Bu iclasda m\u00fczakir\u0259 olunanan m\u0259s\u0259l\u0259l\u0259rd\u0259n biri d\u0259, cari ilin 2-ci r\u00fcb\u00fc&hellip;<\/p>\n","protected":false},"author":2,"featured_media":36199,"comment_status":"closed","ping_status":"closed","sticky":false,"template":"","format":"standard","meta":{"om_disable_all_campaigns":false,"_monsterinsights_skip_tracking":false,"_monsterinsights_sitenote_active":false,"_monsterinsights_sitenote_note":"","_monsterinsights_sitenote_category":0},"categories":[1],"tags":[],"aioseo_notices":[],"gutentor_comment":0,"rttpg_featured_image_url":{"full":["https:\/\/arantv.az\/wp-content\/uploads\/2019\/02\/726544.jpg",850,637,false],"landscape":["https:\/\/arantv.az\/wp-content\/uploads\/2019\/02\/726544.jpg",850,637,false],"portraits":["https:\/\/arantv.az\/wp-content\/uploads\/2019\/02\/726544.jpg",850,637,false],"thumbnail":["https:\/\/arantv.az\/wp-content\/uploads\/2019\/02\/726544-150x150.jpg",150,150,true],"medium":["https:\/\/arantv.az\/wp-content\/uploads\/2019\/02\/726544-300x225.jpg",300,225,true],"large":["https:\/\/arantv.az\/wp-content\/uploads\/2019\/02\/726544.jpg",640,480,false],"1536x1536":["https:\/\/arantv.az\/wp-content\/uploads\/2019\/02\/726544.jpg",850,637,false],"2048x2048":["https:\/\/arantv.az\/wp-content\/uploads\/2019\/02\/726544.jpg",850,637,false],"post-thumbnail":["https:\/\/arantv.az\/wp-content\/uploads\/2019\/02\/726544-240x172.jpg",240,172,true],"advps-thumb-one":["https:\/\/arantv.az\/wp-content\/uploads\/2019\/02\/726544-850x620.jpg",850,620,true]},"rttpg_author":{"display_name":"V\u00fcsal Rafiqo\u011flu","author_link":"https:\/\/arantv.az\/?author=2"},"rttpg_comment":0,"rttpg_category":"<a href=\"https:\/\/arantv.az\/?cat=1\" rel=\"category\">C\u0259miyy\u0259t<\/a>","rttpg_excerpt":"Bu g\u00fcn bir s\u0131ra x\u0259b\u0259r portallar\u0131nda Az\u0259rbaycanda 20-d\u0259n \u00e7ox q\u0259zet\u0259 maliyy\u0259 yard\u0131m\u0131n\u0131n dayand\u0131r\u0131laca\u011f\u0131 bar\u0259d\u0259 m\u0259lumat yay\u0131l\u0131b.\u00a0 ARANTV.AZ\u00a0 bildirir ki, movqe.az\u00a0m\u0259s\u0259l\u0259y\u0259 ayd\u0131nl\u0131q g\u0259tirm\u0259k m\u0259qs\u0259dil\u0259 Az\u0259rbaycan Respublikas\u0131n\u0131n Prezidenti yan\u0131nda K\u00fctl\u0259vi \u0130nformasiya Vasit\u0259l\u0259rinin \u0130nki\u015faf\u0131na D\u00f6vl\u0259t D\u0259st\u0259yi Fondunun icra\u00e7\u0131 direktoru V\u00fcqar S\u0259f\u0259rli il\u0259 \u0259laq\u0259 saxlay\u0131b. K\u0130VDF-nin icra\u00e7\u0131 direktorunun s\u00f6zl\u0259rin\u0259 g\u00f6r\u0259, 20-d\u0259n \u00e7ox q\u0259zet\u0259 Fond t\u0259r\u0259find\u0259n ayr\u0131lan maliyy\u0259 yard\u0131m\u0131n\u0131n dayand\u0131r\u0131laca\u011f\u0131&hellip;","_links":{"self":[{"href":"https:\/\/arantv.az\/index.php?rest_route=\/wp\/v2\/posts\/36198"}],"collection":[{"href":"https:\/\/arantv.az\/index.php?rest_route=\/wp\/v2\/posts"}],"about":[{"href":"https:\/\/arantv.az\/index.php?rest_route=\/wp\/v2\/types\/post"}],"author":[{"embeddable":true,"href":"https:\/\/arantv.az\/index.php?rest_route=\/wp\/v2\/users\/2"}],"replies":[{"embeddable":true,"href":"https:\/\/arantv.az\/index.php?rest_route=%2Fwp%2Fv2%2Fcomments&post=36198"}],"version-history":[{"count":0,"href":"https:\/\/arantv.az\/index.php?rest_route=\/wp\/v2\/posts\/36198\/revisions"}],"wp:featuredmedia":[{"embeddable":true,"href":"https:\/\/arantv.az\/index.php?rest_route=\/wp\/v2\/media\/36199"}],"wp:attachment":[{"href":"https:\/\/arantv.az\/index.php?rest_route=%2Fwp%2Fv2%2Fmedia&parent=36198"}],"wp:term":[{"taxonomy":"category","embeddable":true,"href":"https:\/\/arantv.az\/index.php?rest_route=%2Fwp%2Fv2%2Fcategories&post=36198"},{"taxonomy":"post_tag","embeddable":true,"href":"https:\/\/arantv.az\/index.php?rest_route=%2Fwp%2Fv2%2Ftags&post=36198"}],"curies":[{"name":"wp","href":"https:\/\/api.w.org\/{rel}","templated":true}]}}