{"id":36210,"date":"2019-02-01T09:23:42","date_gmt":"2019-02-01T06:23:42","guid":{"rendered":"http:\/\/arantv.az\/?p=36210"},"modified":"2019-02-01T09:23:42","modified_gmt":"2019-02-01T06:23:42","slug":"az%c9%99rbaycanda-kadr-banki-yaradilir","status":"publish","type":"post","link":"https:\/\/arantv.az\/?p=36210","title":{"rendered":"Az\u0259rbaycanda kadr bank\u0131 yarad\u0131l\u0131r"},"content":{"rendered":"<p>Az\u0259rbaycanda i\u015fsizl\u0259rin i\u015fl\u0259 t\u0259minat\u0131 il\u0259 ba\u011fl\u0131 yenilikl\u0259r g\u00f6zl\u0259nilir.<\/p>\n<p><b>ARANTV.AZ\u00a0<\/b>x\u0259b\u0259r verir ki, \u0259m\u0259k v\u0259 \u0259halinin sosial m\u00fcdafi\u0259si naziri Sahil Babayevin s\u00f6zl\u0259rin\u0259 g\u00f6r\u0259, x\u00fcsus\u0259n ki\u00e7ik v\u0259 orta sahibkarlar \u00fc\u00e7\u00fcn kadr bazas\u0131n\u0131n formala\u015fd\u0131r\u0131lmas\u0131 m\u0259qs\u0259dil\u0259 i\u015faxtaranlar v\u0259 vakansiyalar bazas\u0131 yarad\u0131lacaq, h\u0259m\u00e7inin, bu bazalar daim onlayn olacaq, yenil\u0259n\u0259c\u0259k.<\/p>\n<p>Bu yolla i\u015f axtaran\u0131n vakansiya bank\u0131na \u00e7\u0131x\u0131\u015f\u0131 t\u0259min edil\u0259c\u0259k v\u0259 eyni zamanda, sahibkarlar i\u015f\u00e7i resurslar\u0131 bazas\u0131na daxil ola bil\u0259c\u0259kl\u0259r. N\u0259tic\u0259d\u0259, \u0259m\u0259k bazar\u0131nda i\u015f t\u0259klif ed\u0259nl\u0259 i\u015f axtaran k\u0259nar \u015f\u0259xsin i\u015ftirak\u0131 olmadan se\u00e7im ed\u0259 bil\u0259c\u0259kl\u0259r.<\/p>\n<div id=\"AdributorNativeVideo0\" class=\"AdributorNativeVideo\"><\/div>\n<p>\u201cDOST\u201d Agentliyinin f\u0259aliyy\u0259t\u0259 ba\u015flamas\u0131 \u00e7\u0259r\u00e7iv\u0259sind\u0259 bu m\u0259s\u0259l\u0259 d\u0259 yax\u0131n vaxtlarda \u00f6z h\u0259llini tapacaq.oxu.az<\/p>\n","protected":false},"excerpt":{"rendered":"<p>Az\u0259rbaycanda i\u015fsizl\u0259rin i\u015fl\u0259 t\u0259minat\u0131 il\u0259 ba\u011fl\u0131 yenilikl\u0259r g\u00f6zl\u0259nilir. ARANTV.AZ\u00a0x\u0259b\u0259r verir ki, \u0259m\u0259k v\u0259 \u0259halinin sosial m\u00fcdafi\u0259si naziri Sahil Babayevin s\u00f6zl\u0259rin\u0259 g\u00f6r\u0259, x\u00fcsus\u0259n ki\u00e7ik v\u0259 orta sahibkarlar \u00fc\u00e7\u00fcn kadr bazas\u0131n\u0131n formala\u015fd\u0131r\u0131lmas\u0131 m\u0259qs\u0259dil\u0259 i\u015faxtaranlar v\u0259 vakansiyalar bazas\u0131 yarad\u0131lacaq, h\u0259m\u00e7inin, bu bazalar daim onlayn olacaq, yenil\u0259n\u0259c\u0259k. Bu yolla i\u015f axtaran\u0131n vakansiya bank\u0131na \u00e7\u0131x\u0131\u015f\u0131 t\u0259min edil\u0259c\u0259k v\u0259 eyni zamanda, sahibkarlar i\u015f\u00e7i resurslar\u0131 bazas\u0131na daxil ola bil\u0259c\u0259kl\u0259r. N\u0259tic\u0259d\u0259, \u0259m\u0259k bazar\u0131nda i\u015f t\u0259klif ed\u0259nl\u0259 i\u015f axtaran k\u0259nar \u015f\u0259xsin i\u015ftirak\u0131 olmadan se\u00e7im ed\u0259 bil\u0259c\u0259kl\u0259r. \u201cDOST\u201d Agentliyinin f\u0259aliyy\u0259t\u0259 ba\u015flamas\u0131 \u00e7\u0259r\u00e7iv\u0259sind\u0259 bu m\u0259s\u0259l\u0259 d\u0259 yax\u0131n vaxtlarda \u00f6z h\u0259llini tapacaq.oxu.az<\/p>\n","protected":false},"author":2,"featured_media":36211,"comment_status":"closed","ping_status":"closed","sticky":false,"template":"","format":"standard","meta":{"om_disable_all_campaigns":false,"_monsterinsights_skip_tracking":false,"_monsterinsights_sitenote_active":false,"_monsterinsights_sitenote_note":"","_monsterinsights_sitenote_category":0},"categories":[19],"tags":[],"aioseo_notices":[],"gutentor_comment":0,"rttpg_featured_image_url":{"full":["https:\/\/arantv.az\/wp-content\/uploads\/2019\/02\/8f33a6b6fcad2079216a10893dbceaa4.jpg",620,412,false],"landscape":["https:\/\/arantv.az\/wp-content\/uploads\/2019\/02\/8f33a6b6fcad2079216a10893dbceaa4.jpg",620,412,false],"portraits":["https:\/\/arantv.az\/wp-content\/uploads\/2019\/02\/8f33a6b6fcad2079216a10893dbceaa4.jpg",620,412,false],"thumbnail":["https:\/\/arantv.az\/wp-content\/uploads\/2019\/02\/8f33a6b6fcad2079216a10893dbceaa4-150x150.jpg",150,150,true],"medium":["https:\/\/arantv.az\/wp-content\/uploads\/2019\/02\/8f33a6b6fcad2079216a10893dbceaa4-300x199.jpg",300,199,true],"large":["https:\/\/arantv.az\/wp-content\/uploads\/2019\/02\/8f33a6b6fcad2079216a10893dbceaa4.jpg",620,412,false],"1536x1536":["https:\/\/arantv.az\/wp-content\/uploads\/2019\/02\/8f33a6b6fcad2079216a10893dbceaa4.jpg",620,412,false],"2048x2048":["https:\/\/arantv.az\/wp-content\/uploads\/2019\/02\/8f33a6b6fcad2079216a10893dbceaa4.jpg",620,412,false],"post-thumbnail":["https:\/\/arantv.az\/wp-content\/uploads\/2019\/02\/8f33a6b6fcad2079216a10893dbceaa4-240x172.jpg",240,172,true],"advps-thumb-one":["https:\/\/arantv.az\/wp-content\/uploads\/2019\/02\/8f33a6b6fcad2079216a10893dbceaa4.jpg",620,412,false]},"rttpg_author":{"display_name":"V\u00fcsal Rafiqo\u011flu","author_link":"https:\/\/arantv.az\/?author=2"},"rttpg_comment":0,"rttpg_category":"<a href=\"https:\/\/arantv.az\/?cat=19\" rel=\"category\">G\u00fcnd\u0259m<\/a>","rttpg_excerpt":"Az\u0259rbaycanda i\u015fsizl\u0259rin i\u015fl\u0259 t\u0259minat\u0131 il\u0259 ba\u011fl\u0131 yenilikl\u0259r g\u00f6zl\u0259nilir. ARANTV.AZ\u00a0x\u0259b\u0259r verir ki, \u0259m\u0259k v\u0259 \u0259halinin sosial m\u00fcdafi\u0259si naziri Sahil Babayevin s\u00f6zl\u0259rin\u0259 g\u00f6r\u0259, x\u00fcsus\u0259n ki\u00e7ik v\u0259 orta sahibkarlar \u00fc\u00e7\u00fcn kadr bazas\u0131n\u0131n formala\u015fd\u0131r\u0131lmas\u0131 m\u0259qs\u0259dil\u0259 i\u015faxtaranlar v\u0259 vakansiyalar bazas\u0131 yarad\u0131lacaq, h\u0259m\u00e7inin, bu bazalar daim onlayn olacaq, yenil\u0259n\u0259c\u0259k. Bu yolla i\u015f axtaran\u0131n vakansiya bank\u0131na \u00e7\u0131x\u0131\u015f\u0131 t\u0259min edil\u0259c\u0259k v\u0259 eyni zamanda,&hellip;","_links":{"self":[{"href":"https:\/\/arantv.az\/index.php?rest_route=\/wp\/v2\/posts\/36210"}],"collection":[{"href":"https:\/\/arantv.az\/index.php?rest_route=\/wp\/v2\/posts"}],"about":[{"href":"https:\/\/arantv.az\/index.php?rest_route=\/wp\/v2\/types\/post"}],"author":[{"embeddable":true,"href":"https:\/\/arantv.az\/index.php?rest_route=\/wp\/v2\/users\/2"}],"replies":[{"embeddable":true,"href":"https:\/\/arantv.az\/index.php?rest_route=%2Fwp%2Fv2%2Fcomments&post=36210"}],"version-history":[{"count":0,"href":"https:\/\/arantv.az\/index.php?rest_route=\/wp\/v2\/posts\/36210\/revisions"}],"wp:featuredmedia":[{"embeddable":true,"href":"https:\/\/arantv.az\/index.php?rest_route=\/wp\/v2\/media\/36211"}],"wp:attachment":[{"href":"https:\/\/arantv.az\/index.php?rest_route=%2Fwp%2Fv2%2Fmedia&parent=36210"}],"wp:term":[{"taxonomy":"category","embeddable":true,"href":"https:\/\/arantv.az\/index.php?rest_route=%2Fwp%2Fv2%2Fcategories&post=36210"},{"taxonomy":"post_tag","embeddable":true,"href":"https:\/\/arantv.az\/index.php?rest_route=%2Fwp%2Fv2%2Ftags&post=36210"}],"curies":[{"name":"wp","href":"https:\/\/api.w.org\/{rel}","templated":true}]}}