{"id":36221,"date":"2019-02-01T09:27:06","date_gmt":"2019-02-01T06:27:06","guid":{"rendered":"http:\/\/arantv.az\/?p=36221"},"modified":"2019-02-01T09:27:06","modified_gmt":"2019-02-01T06:27:06","slug":"baki-g%c9%99nc%c9%99-baki-sur%c9%99t-qatarinda-gedis-haqqi-azaldilir","status":"publish","type":"post","link":"https:\/\/arantv.az\/?p=36221","title":{"rendered":"Bak\u0131-G\u0259nc\u0259-Bak\u0131 s\u00fcr\u0259t qatar\u0131nda gedi\u015f haqq\u0131 azald\u0131l\u0131r"},"content":{"rendered":"<p><strong>ARANTV.AZ<\/strong> x\u0259b\u0259r verir ki, \u00f6t\u0259n ilin\u00a0 sonunda istifad\u0259y\u0259 veril\u0259n Bak\u0131-G\u0259nc\u0259-Bak\u0131 s\u00fcr\u0259tli s\u0259rni\u015fin qatar\u0131n\u0131n h\u0259r\u0259k\u0259t qrafiki v\u0259 gedi\u015f haqq\u0131na b\u0259zi d\u0259yi\u015fikl\u0259r olunacaq. Fevral\u0131n 4-d\u0259n etibar\u0259n s\u0259rni\u015finl\u0259r qatar\u0131n xidm\u0259tind\u0259n yeni tarifl\u0259 istifad\u0259 ed\u0259c\u0259kl\u0259r.<\/p>\n<p>\u201cAz\u0259rbaycan D\u0259mir Yollar\u0131\u201d QSC Bak\u0131-G\u0259nc\u0259 s\u00fcr\u0259t qatar\u0131n\u0131n h\u0259r\u0259k\u0259t qrafikini v\u0259 gedi\u015f haqq\u0131n\u0131 d\u0259yi\u015fir. M\u0259qs\u0259d is\u0259 bu n\u0259qliyyat vasit\u0259sin\u0259 daha \u00e7ox s\u0259rni\u015finin c\u0259lb edilm\u0259si v\u0259 onlar\u0131n raz\u0131l\u0131\u011f\u0131n\u0131 art\u0131rmaqd\u0131r. B\u0259s bu yenilikl\u0259r n\u0259d\u0259n ibar\u0259tdir?<\/p>\n<p>Qiym\u0259td\u0259 d\u0259 d\u0259yi\u015fiklik var. \u018fg\u0259r \u0259vv\u0259l\u0259r standart vaqonlarda gedi\u015f haqq\u0131 15 manat t\u0259\u015fkil edirdis\u0259, indi 10 manat olacaq. Birinci sinif v\u0259 biznes vaqonlarda is\u0259 gedi\u015f haqq\u0131 oldu\u011fu kimi qalacaq. Qatar\u0131n interval\u0131na g\u0259linc\u0259 is\u0259..<\/p>\n<p>S\u00fcr\u0259t qatarlar\u0131 bir s\u0131ra \u00fcst\u00fcnl\u00fckl\u0259ri il\u0259 se\u00e7ilir. Bu n\u0259qliyyat vasit\u0259sind\u0259n istifad\u0259 et\u0259kl\u0259 h\u0259m m\u0259saf\u0259 q\u0131sal\u0131r, h\u0259m d\u0259 s\u0259rni\u015finl\u0259r \u00fcnvana daha komfortlu v\u0259 t\u0259hl\u00fck\u0259siz \u015f\u0259raitd\u0259 \u00e7at\u0131rlar.<\/p>\n","protected":false},"excerpt":{"rendered":"<p>ARANTV.AZ x\u0259b\u0259r verir ki, \u00f6t\u0259n ilin\u00a0 sonunda istifad\u0259y\u0259 veril\u0259n Bak\u0131-G\u0259nc\u0259-Bak\u0131 s\u00fcr\u0259tli s\u0259rni\u015fin qatar\u0131n\u0131n h\u0259r\u0259k\u0259t qrafiki v\u0259 gedi\u015f haqq\u0131na b\u0259zi d\u0259yi\u015fikl\u0259r olunacaq. Fevral\u0131n 4-d\u0259n etibar\u0259n s\u0259rni\u015finl\u0259r qatar\u0131n xidm\u0259tind\u0259n yeni tarifl\u0259 istifad\u0259 ed\u0259c\u0259kl\u0259r. \u201cAz\u0259rbaycan D\u0259mir Yollar\u0131\u201d QSC Bak\u0131-G\u0259nc\u0259 s\u00fcr\u0259t qatar\u0131n\u0131n h\u0259r\u0259k\u0259t qrafikini v\u0259 gedi\u015f haqq\u0131n\u0131 d\u0259yi\u015fir. M\u0259qs\u0259d is\u0259 bu n\u0259qliyyat vasit\u0259sin\u0259 daha \u00e7ox s\u0259rni\u015finin c\u0259lb edilm\u0259si v\u0259 onlar\u0131n raz\u0131l\u0131\u011f\u0131n\u0131 art\u0131rmaqd\u0131r. B\u0259s bu yenilikl\u0259r n\u0259d\u0259n ibar\u0259tdir? Qiym\u0259td\u0259 d\u0259 d\u0259yi\u015fiklik var. \u018fg\u0259r \u0259vv\u0259l\u0259r standart vaqonlarda gedi\u015f haqq\u0131 15 manat t\u0259\u015fkil edirdis\u0259, indi 10 manat olacaq. Birinci sinif v\u0259 biznes vaqonlarda is\u0259 gedi\u015f haqq\u0131 oldu\u011fu&hellip;<\/p>\n","protected":false},"author":2,"featured_media":36222,"comment_status":"closed","ping_status":"closed","sticky":false,"template":"","format":"standard","meta":{"om_disable_all_campaigns":false,"_monsterinsights_skip_tracking":false,"_monsterinsights_sitenote_active":false,"_monsterinsights_sitenote_note":"","_monsterinsights_sitenote_category":0},"categories":[2],"tags":[],"aioseo_notices":[],"gutentor_comment":0,"rttpg_featured_image_url":{"full":["https:\/\/arantv.az\/wp-content\/uploads\/2019\/02\/1l2m9p0cpkkstp57oc84qf9tm3qat.jpg",1280,850,false],"landscape":["https:\/\/arantv.az\/wp-content\/uploads\/2019\/02\/1l2m9p0cpkkstp57oc84qf9tm3qat.jpg",1280,850,false],"portraits":["https:\/\/arantv.az\/wp-content\/uploads\/2019\/02\/1l2m9p0cpkkstp57oc84qf9tm3qat.jpg",1280,850,false],"thumbnail":["https:\/\/arantv.az\/wp-content\/uploads\/2019\/02\/1l2m9p0cpkkstp57oc84qf9tm3qat-150x150.jpg",150,150,true],"medium":["https:\/\/arantv.az\/wp-content\/uploads\/2019\/02\/1l2m9p0cpkkstp57oc84qf9tm3qat-300x199.jpg",300,199,true],"large":["https:\/\/arantv.az\/wp-content\/uploads\/2019\/02\/1l2m9p0cpkkstp57oc84qf9tm3qat-1024x680.jpg",640,425,true],"1536x1536":["https:\/\/arantv.az\/wp-content\/uploads\/2019\/02\/1l2m9p0cpkkstp57oc84qf9tm3qat.jpg",1280,850,false],"2048x2048":["https:\/\/arantv.az\/wp-content\/uploads\/2019\/02\/1l2m9p0cpkkstp57oc84qf9tm3qat.jpg",1280,850,false],"post-thumbnail":["https:\/\/arantv.az\/wp-content\/uploads\/2019\/02\/1l2m9p0cpkkstp57oc84qf9tm3qat-240x172.jpg",240,172,true],"advps-thumb-one":["https:\/\/arantv.az\/wp-content\/uploads\/2019\/02\/1l2m9p0cpkkstp57oc84qf9tm3qat-1200x620.jpg",1200,620,true]},"rttpg_author":{"display_name":"V\u00fcsal Rafiqo\u011flu","author_link":"https:\/\/arantv.az\/?author=2"},"rttpg_comment":0,"rttpg_category":"<a href=\"https:\/\/arantv.az\/?cat=2\" rel=\"category\">Region X\u0259b\u0259rl\u0259ri<\/a>","rttpg_excerpt":"ARANTV.AZ x\u0259b\u0259r verir ki, \u00f6t\u0259n ilin\u00a0 sonunda istifad\u0259y\u0259 veril\u0259n Bak\u0131-G\u0259nc\u0259-Bak\u0131 s\u00fcr\u0259tli s\u0259rni\u015fin qatar\u0131n\u0131n h\u0259r\u0259k\u0259t qrafiki v\u0259 gedi\u015f haqq\u0131na b\u0259zi d\u0259yi\u015fikl\u0259r olunacaq. Fevral\u0131n 4-d\u0259n etibar\u0259n s\u0259rni\u015finl\u0259r qatar\u0131n xidm\u0259tind\u0259n yeni tarifl\u0259 istifad\u0259 ed\u0259c\u0259kl\u0259r. \u201cAz\u0259rbaycan D\u0259mir Yollar\u0131\u201d QSC Bak\u0131-G\u0259nc\u0259 s\u00fcr\u0259t qatar\u0131n\u0131n h\u0259r\u0259k\u0259t qrafikini v\u0259 gedi\u015f haqq\u0131n\u0131 d\u0259yi\u015fir. M\u0259qs\u0259d is\u0259 bu n\u0259qliyyat vasit\u0259sin\u0259 daha \u00e7ox s\u0259rni\u015finin c\u0259lb edilm\u0259si v\u0259&hellip;","_links":{"self":[{"href":"https:\/\/arantv.az\/index.php?rest_route=\/wp\/v2\/posts\/36221"}],"collection":[{"href":"https:\/\/arantv.az\/index.php?rest_route=\/wp\/v2\/posts"}],"about":[{"href":"https:\/\/arantv.az\/index.php?rest_route=\/wp\/v2\/types\/post"}],"author":[{"embeddable":true,"href":"https:\/\/arantv.az\/index.php?rest_route=\/wp\/v2\/users\/2"}],"replies":[{"embeddable":true,"href":"https:\/\/arantv.az\/index.php?rest_route=%2Fwp%2Fv2%2Fcomments&post=36221"}],"version-history":[{"count":0,"href":"https:\/\/arantv.az\/index.php?rest_route=\/wp\/v2\/posts\/36221\/revisions"}],"wp:featuredmedia":[{"embeddable":true,"href":"https:\/\/arantv.az\/index.php?rest_route=\/wp\/v2\/media\/36222"}],"wp:attachment":[{"href":"https:\/\/arantv.az\/index.php?rest_route=%2Fwp%2Fv2%2Fmedia&parent=36221"}],"wp:term":[{"taxonomy":"category","embeddable":true,"href":"https:\/\/arantv.az\/index.php?rest_route=%2Fwp%2Fv2%2Fcategories&post=36221"},{"taxonomy":"post_tag","embeddable":true,"href":"https:\/\/arantv.az\/index.php?rest_route=%2Fwp%2Fv2%2Ftags&post=36221"}],"curies":[{"name":"wp","href":"https:\/\/api.w.org\/{rel}","templated":true}]}}