{"id":36224,"date":"2019-02-01T09:28:11","date_gmt":"2019-02-01T06:28:11","guid":{"rendered":"http:\/\/arantv.az\/?p=36224"},"modified":"2019-02-01T09:28:11","modified_gmt":"2019-02-01T06:28:11","slug":"az%c9%99rbaycanin-xarici-isl%c9%99r-nazirliyi-erm%c9%99nistanin-bas-naziri-nikol-pasinyanin-b%c9%99yanatina-munasib%c9%99t-bildirib","status":"publish","type":"post","link":"https:\/\/arantv.az\/?p=36224","title":{"rendered":"Az\u0259rbaycan\u0131n Xarici \u0130\u015fl\u0259r Nazirliyi Erm\u0259nistan\u0131n ba\u015f naziri Nikol Pa\u015finyan\u0131n b\u0259yanat\u0131na m\u00fcnasib\u0259t bildirib"},"content":{"rendered":"<p><strong>ARANTV.AZ<\/strong> x\u0259b\u0259r verir ki, Az\u0259rbaycan\u0131n Xarici \u0130\u015fl\u0259r Nazirliyi Erm\u0259nistan\u0131n ba\u015f naziri Nikol Pa\u015finyan\u0131n \u201cQaraba\u011f m\u0259s\u0259l\u0259sind\u0259 s\u00fclh \u0259v\u0259zin\u0259 \u0259razil\u0259rin qaytar\u0131lmas\u0131 imkanlar\u0131n\u0131 m\u00fczakir\u0259 etm\u0259y\u0259c\u0259yik\u201d b\u0259yanat\u0131na m\u00fcnasib\u0259t bildirib.<\/p>\n<p>\u201cPa\u015finyan\u0131n m\u0259ntiqini anlamaq \u00e7\u0259tindir. M\u0259lum oldu\u011fu kimi, Erm\u0259nistan-Az\u0259rbaycan Da\u011fl\u0131q Qaraba\u011f m\u00fcnaqi\u015f\u0259sinin h\u0259lli \u00fczr\u0259 AT\u018fT-in Minsk qrupunun h\u0259ms\u0259drl\u0259rinin himay\u0259si alt\u0131nda apar\u0131lan dan\u0131\u015f\u0131qlar\u0131n t\u0259m\u0259lind\u0259 m\u0259hz Az\u0259rbaycan\u0131n i\u015f\u011fal olunmu\u015f \u0259razil\u0259rind\u0259n Erm\u0259nistan silahl\u0131 q\u00fcvv\u0259l\u0259rinin \u00e7axar\u0131lmas\u0131 durur. Bu t\u0259l\u0259b BMT-nin T\u0259hl\u00fck\u0259sizlik \u015euras\u0131n\u0131n m\u0259lum 4 q\u0259tnam\u0259sind\u0259, el\u0259c\u0259 d\u0259 m\u00fcnaqi\u015f\u0259nin h\u0259lli il\u0259 ba\u011fl\u0131 dem\u0259k olar ki, b\u00fct\u00fcn beyn\u0259lxalq t\u0259\u015fkilatlar\u0131n q\u0259bul etdiyi s\u0259n\u0259dl\u0259rd\u0259 \u0259ks olunur. Bel\u0259 oldu\u011fu t\u0259qdird\u0259, sual meydana \u00e7\u0131x\u0131r: Pa\u015finyan\u0131n bu m\u00f6vqeyi onun dan\u0131\u015f\u0131qlardan imtina etm\u0259si dem\u0259kdirmi?\u201d<\/p>\n","protected":false},"excerpt":{"rendered":"<p>ARANTV.AZ x\u0259b\u0259r verir ki, Az\u0259rbaycan\u0131n Xarici \u0130\u015fl\u0259r Nazirliyi Erm\u0259nistan\u0131n ba\u015f naziri Nikol Pa\u015finyan\u0131n \u201cQaraba\u011f m\u0259s\u0259l\u0259sind\u0259 s\u00fclh \u0259v\u0259zin\u0259 \u0259razil\u0259rin qaytar\u0131lmas\u0131 imkanlar\u0131n\u0131 m\u00fczakir\u0259 etm\u0259y\u0259c\u0259yik\u201d b\u0259yanat\u0131na m\u00fcnasib\u0259t bildirib. \u201cPa\u015finyan\u0131n m\u0259ntiqini anlamaq \u00e7\u0259tindir. M\u0259lum oldu\u011fu kimi, Erm\u0259nistan-Az\u0259rbaycan Da\u011fl\u0131q Qaraba\u011f m\u00fcnaqi\u015f\u0259sinin h\u0259lli \u00fczr\u0259 AT\u018fT-in Minsk qrupunun h\u0259ms\u0259drl\u0259rinin himay\u0259si alt\u0131nda apar\u0131lan dan\u0131\u015f\u0131qlar\u0131n t\u0259m\u0259lind\u0259 m\u0259hz Az\u0259rbaycan\u0131n i\u015f\u011fal olunmu\u015f \u0259razil\u0259rind\u0259n Erm\u0259nistan silahl\u0131 q\u00fcvv\u0259l\u0259rinin \u00e7axar\u0131lmas\u0131 durur. Bu t\u0259l\u0259b BMT-nin T\u0259hl\u00fck\u0259sizlik \u015euras\u0131n\u0131n m\u0259lum 4 q\u0259tnam\u0259sind\u0259, el\u0259c\u0259 d\u0259 m\u00fcnaqi\u015f\u0259nin h\u0259lli il\u0259 ba\u011fl\u0131 dem\u0259k olar ki, b\u00fct\u00fcn beyn\u0259lxalq t\u0259\u015fkilatlar\u0131n q\u0259bul etdiyi s\u0259n\u0259dl\u0259rd\u0259 \u0259ks olunur. Bel\u0259 oldu\u011fu t\u0259qdird\u0259, sual meydana \u00e7\u0131x\u0131r: Pa\u015finyan\u0131n bu&hellip;<\/p>\n","protected":false},"author":2,"featured_media":36225,"comment_status":"closed","ping_status":"closed","sticky":false,"template":"","format":"standard","meta":{"om_disable_all_campaigns":false,"_monsterinsights_skip_tracking":false,"_monsterinsights_sitenote_active":false,"_monsterinsights_sitenote_note":"","_monsterinsights_sitenote_category":0},"categories":[4],"tags":[],"aioseo_notices":[],"gutentor_comment":0,"rttpg_featured_image_url":{"full":["https:\/\/arantv.az\/wp-content\/uploads\/2019\/02\/1l2m9p0cpkkstp57oc84qf9tm3xin.jpg",1000,646,false],"landscape":["https:\/\/arantv.az\/wp-content\/uploads\/2019\/02\/1l2m9p0cpkkstp57oc84qf9tm3xin.jpg",1000,646,false],"portraits":["https:\/\/arantv.az\/wp-content\/uploads\/2019\/02\/1l2m9p0cpkkstp57oc84qf9tm3xin.jpg",1000,646,false],"thumbnail":["https:\/\/arantv.az\/wp-content\/uploads\/2019\/02\/1l2m9p0cpkkstp57oc84qf9tm3xin-150x150.jpg",150,150,true],"medium":["https:\/\/arantv.az\/wp-content\/uploads\/2019\/02\/1l2m9p0cpkkstp57oc84qf9tm3xin-300x194.jpg",300,194,true],"large":["https:\/\/arantv.az\/wp-content\/uploads\/2019\/02\/1l2m9p0cpkkstp57oc84qf9tm3xin.jpg",640,413,false],"1536x1536":["https:\/\/arantv.az\/wp-content\/uploads\/2019\/02\/1l2m9p0cpkkstp57oc84qf9tm3xin.jpg",1000,646,false],"2048x2048":["https:\/\/arantv.az\/wp-content\/uploads\/2019\/02\/1l2m9p0cpkkstp57oc84qf9tm3xin.jpg",1000,646,false],"post-thumbnail":["https:\/\/arantv.az\/wp-content\/uploads\/2019\/02\/1l2m9p0cpkkstp57oc84qf9tm3xin-240x172.jpg",240,172,true],"advps-thumb-one":["https:\/\/arantv.az\/wp-content\/uploads\/2019\/02\/1l2m9p0cpkkstp57oc84qf9tm3xin-1000x620.jpg",1000,620,true]},"rttpg_author":{"display_name":"V\u00fcsal Rafiqo\u011flu","author_link":"https:\/\/arantv.az\/?author=2"},"rttpg_comment":0,"rttpg_category":"<a href=\"https:\/\/arantv.az\/?cat=4\" rel=\"category\">Siyas\u0259t<\/a>","rttpg_excerpt":"ARANTV.AZ x\u0259b\u0259r verir ki, Az\u0259rbaycan\u0131n Xarici \u0130\u015fl\u0259r Nazirliyi Erm\u0259nistan\u0131n ba\u015f naziri Nikol Pa\u015finyan\u0131n \u201cQaraba\u011f m\u0259s\u0259l\u0259sind\u0259 s\u00fclh \u0259v\u0259zin\u0259 \u0259razil\u0259rin qaytar\u0131lmas\u0131 imkanlar\u0131n\u0131 m\u00fczakir\u0259 etm\u0259y\u0259c\u0259yik\u201d b\u0259yanat\u0131na m\u00fcnasib\u0259t bildirib. \u201cPa\u015finyan\u0131n m\u0259ntiqini anlamaq \u00e7\u0259tindir. M\u0259lum oldu\u011fu kimi, Erm\u0259nistan-Az\u0259rbaycan Da\u011fl\u0131q Qaraba\u011f m\u00fcnaqi\u015f\u0259sinin h\u0259lli \u00fczr\u0259 AT\u018fT-in Minsk qrupunun h\u0259ms\u0259drl\u0259rinin himay\u0259si alt\u0131nda apar\u0131lan dan\u0131\u015f\u0131qlar\u0131n t\u0259m\u0259lind\u0259 m\u0259hz Az\u0259rbaycan\u0131n i\u015f\u011fal olunmu\u015f \u0259razil\u0259rind\u0259n Erm\u0259nistan silahl\u0131 q\u00fcvv\u0259l\u0259rinin&hellip;","_links":{"self":[{"href":"https:\/\/arantv.az\/index.php?rest_route=\/wp\/v2\/posts\/36224"}],"collection":[{"href":"https:\/\/arantv.az\/index.php?rest_route=\/wp\/v2\/posts"}],"about":[{"href":"https:\/\/arantv.az\/index.php?rest_route=\/wp\/v2\/types\/post"}],"author":[{"embeddable":true,"href":"https:\/\/arantv.az\/index.php?rest_route=\/wp\/v2\/users\/2"}],"replies":[{"embeddable":true,"href":"https:\/\/arantv.az\/index.php?rest_route=%2Fwp%2Fv2%2Fcomments&post=36224"}],"version-history":[{"count":0,"href":"https:\/\/arantv.az\/index.php?rest_route=\/wp\/v2\/posts\/36224\/revisions"}],"wp:featuredmedia":[{"embeddable":true,"href":"https:\/\/arantv.az\/index.php?rest_route=\/wp\/v2\/media\/36225"}],"wp:attachment":[{"href":"https:\/\/arantv.az\/index.php?rest_route=%2Fwp%2Fv2%2Fmedia&parent=36224"}],"wp:term":[{"taxonomy":"category","embeddable":true,"href":"https:\/\/arantv.az\/index.php?rest_route=%2Fwp%2Fv2%2Fcategories&post=36224"},{"taxonomy":"post_tag","embeddable":true,"href":"https:\/\/arantv.az\/index.php?rest_route=%2Fwp%2Fv2%2Ftags&post=36224"}],"curies":[{"name":"wp","href":"https:\/\/api.w.org\/{rel}","templated":true}]}}