{"id":36227,"date":"2019-02-01T09:29:44","date_gmt":"2019-02-01T06:29:44","guid":{"rendered":"http:\/\/arantv.az\/?p=36227"},"modified":"2019-02-01T09:29:44","modified_gmt":"2019-02-01T06:29:44","slug":"metroda-%c9%99lil-arabasi-ucun-yerl%c9%99r-ayrilib","status":"publish","type":"post","link":"https:\/\/arantv.az\/?p=36227","title":{"rendered":"Metroda \u0259lil arabas\u0131 \u00fc\u00e7\u00fcn yerl\u0259r ayr\u0131l\u0131b"},"content":{"rendered":"<p><strong>ARANTV.AZ<\/strong> x\u0259b\u0259r verir ki, \u201cBak\u0131 Metropoliteni\u201d QSC sosial \u0259h\u0259miyy\u0259tli v\u0259 geni\u015fmiqyasl\u0131 layih\u0259y\u0259 start verib. M\u0259qs\u0259d sa\u011flaml\u0131q imkanlar\u0131 m\u0259hdud insanlar\u0131n da metropolitend\u0259n mane\u0259siz, t\u0259hl\u00fck\u0259siz, rahat istifad\u0259 imkanlar\u0131n\u0131 art\u0131rmaqd\u0131r.<\/p>\n<p>Bununla da sa\u011flaml\u0131q imkanlar\u0131 m\u0259hdud insanlar\u0131n metropolitend\u0259n t\u0259hl\u00fck\u0259siz, rahat istifad\u0259 imkanlar\u0131 artacaq. Layih\u0259nin icras\u0131ndan \u0259vv\u0259l m\u00fct\u0259x\u0259ssisl\u0259r bu q\u0259bild\u0259n olan \u015f\u0259xsl\u0259rin metro i\u015f\u00e7il\u0259rinin v\u0259 x\u00fcsusi avadanl\u0131qlar\u0131n k\u00f6m\u0259yi il\u0259 metrodan istifad\u0259 etm\u0259sinin m\u00fcmk\u00fcnl\u00fcy\u00fcn\u00fc\u00a0 ara\u015fd\u0131r\u0131blar.<\/p>\n<p>\u018flil arabas\u0131ndan metropolitend\u0259 istifad\u0259 etm\u0259k ist\u0259y\u0259nl\u0259r sifari\u015fini \u0259vv\u0259lc\u0259d\u0259n ver\u0259c\u0259k. Onlar\u0131 metropolitend\u0259 bu i\u015f \u00fc\u00e7\u00fcn ayr\u0131lan \u015f\u0259xs giri\u015fd\u0259 qar\u015f\u0131layaraq, stansiyaya endir\u0259c\u0259k. Fiziki m\u0259hdudiyy\u0259tli s\u0259rni\u015finin qatarla m\u0259nzil ba\u015f\u0131na \u00e7ataraq, stansiyan\u0131 t\u0259rk etm\u0259si d\u0259 t\u0259min olunacaq. Bu xidm\u0259t is\u0259 tam \u00f6d\u0259ni\u015fsizdir. \u018flil arabas\u0131nda metropolitend\u0259n istifad\u0259 etm\u0259k ist\u0259y\u0259nl\u0259r \u00fc\u00e7\u00fcn x\u00fcsusi mobil \u0259lav\u0259 haz\u0131rlan\u0131r. Bu proqram\u0131 y\u00fckl\u0259m\u0259kl\u0259 s\u0259rni\u015finl\u0259rin sifari\u015f imkanlar\u0131 da geni\u015fl\u0259n\u0259c\u0259k.<\/p>\n<p>Tezlikl\u0259 dig\u0259r qatarlar da haz\u0131r olacaq. Bundan ba\u015fqa bu il Bak\u0131 Metropoliteni 30 vaqonu istismardan \u00e7\u0131xarma\u011fa n\u0259z\u0259rd\u0259 tutur. Bunun \u0259v\u0259zind\u0259 \u0259n m\u00fcasir standarlara cavab ver\u0259n Rusiya istehsal\u0131 olan vaqonlar al\u0131nacaq.<\/p>\n","protected":false},"excerpt":{"rendered":"<p>ARANTV.AZ x\u0259b\u0259r verir ki, \u201cBak\u0131 Metropoliteni\u201d QSC sosial \u0259h\u0259miyy\u0259tli v\u0259 geni\u015fmiqyasl\u0131 layih\u0259y\u0259 start verib. M\u0259qs\u0259d sa\u011flaml\u0131q imkanlar\u0131 m\u0259hdud insanlar\u0131n da metropolitend\u0259n mane\u0259siz, t\u0259hl\u00fck\u0259siz, rahat istifad\u0259 imkanlar\u0131n\u0131 art\u0131rmaqd\u0131r. Bununla da sa\u011flaml\u0131q imkanlar\u0131 m\u0259hdud insanlar\u0131n metropolitend\u0259n t\u0259hl\u00fck\u0259siz, rahat istifad\u0259 imkanlar\u0131 artacaq. Layih\u0259nin icras\u0131ndan \u0259vv\u0259l m\u00fct\u0259x\u0259ssisl\u0259r bu q\u0259bild\u0259n olan \u015f\u0259xsl\u0259rin metro i\u015f\u00e7il\u0259rinin v\u0259 x\u00fcsusi avadanl\u0131qlar\u0131n k\u00f6m\u0259yi il\u0259 metrodan istifad\u0259 etm\u0259sinin m\u00fcmk\u00fcnl\u00fcy\u00fcn\u00fc\u00a0 ara\u015fd\u0131r\u0131blar. \u018flil arabas\u0131ndan metropolitend\u0259 istifad\u0259 etm\u0259k ist\u0259y\u0259nl\u0259r sifari\u015fini \u0259vv\u0259lc\u0259d\u0259n ver\u0259c\u0259k. Onlar\u0131 metropolitend\u0259 bu i\u015f \u00fc\u00e7\u00fcn ayr\u0131lan \u015f\u0259xs giri\u015fd\u0259 qar\u015f\u0131layaraq, stansiyaya endir\u0259c\u0259k. Fiziki m\u0259hdudiyy\u0259tli s\u0259rni\u015finin qatarla m\u0259nzil ba\u015f\u0131na \u00e7ataraq, stansiyan\u0131 t\u0259rk etm\u0259si d\u0259&hellip;<\/p>\n","protected":false},"author":2,"featured_media":36228,"comment_status":"closed","ping_status":"closed","sticky":false,"template":"","format":"standard","meta":{"om_disable_all_campaigns":false,"_monsterinsights_skip_tracking":false,"_monsterinsights_sitenote_active":false,"_monsterinsights_sitenote_note":"","_monsterinsights_sitenote_category":0},"categories":[1],"tags":[],"aioseo_notices":[],"gutentor_comment":0,"rttpg_featured_image_url":{"full":["https:\/\/arantv.az\/wp-content\/uploads\/2019\/02\/1l2m9p0cpkkstp57oc84qf9tm3met.jpg",981,669,false],"landscape":["https:\/\/arantv.az\/wp-content\/uploads\/2019\/02\/1l2m9p0cpkkstp57oc84qf9tm3met.jpg",981,669,false],"portraits":["https:\/\/arantv.az\/wp-content\/uploads\/2019\/02\/1l2m9p0cpkkstp57oc84qf9tm3met.jpg",981,669,false],"thumbnail":["https:\/\/arantv.az\/wp-content\/uploads\/2019\/02\/1l2m9p0cpkkstp57oc84qf9tm3met-150x150.jpg",150,150,true],"medium":["https:\/\/arantv.az\/wp-content\/uploads\/2019\/02\/1l2m9p0cpkkstp57oc84qf9tm3met-300x205.jpg",300,205,true],"large":["https:\/\/arantv.az\/wp-content\/uploads\/2019\/02\/1l2m9p0cpkkstp57oc84qf9tm3met.jpg",640,436,false],"1536x1536":["https:\/\/arantv.az\/wp-content\/uploads\/2019\/02\/1l2m9p0cpkkstp57oc84qf9tm3met.jpg",981,669,false],"2048x2048":["https:\/\/arantv.az\/wp-content\/uploads\/2019\/02\/1l2m9p0cpkkstp57oc84qf9tm3met.jpg",981,669,false],"post-thumbnail":["https:\/\/arantv.az\/wp-content\/uploads\/2019\/02\/1l2m9p0cpkkstp57oc84qf9tm3met-240x172.jpg",240,172,true],"advps-thumb-one":["https:\/\/arantv.az\/wp-content\/uploads\/2019\/02\/1l2m9p0cpkkstp57oc84qf9tm3met-981x620.jpg",981,620,true]},"rttpg_author":{"display_name":"V\u00fcsal Rafiqo\u011flu","author_link":"https:\/\/arantv.az\/?author=2"},"rttpg_comment":0,"rttpg_category":"<a href=\"https:\/\/arantv.az\/?cat=1\" rel=\"category\">C\u0259miyy\u0259t<\/a>","rttpg_excerpt":"ARANTV.AZ x\u0259b\u0259r verir ki, \u201cBak\u0131 Metropoliteni\u201d QSC sosial \u0259h\u0259miyy\u0259tli v\u0259 geni\u015fmiqyasl\u0131 layih\u0259y\u0259 start verib. M\u0259qs\u0259d sa\u011flaml\u0131q imkanlar\u0131 m\u0259hdud insanlar\u0131n da metropolitend\u0259n mane\u0259siz, t\u0259hl\u00fck\u0259siz, rahat istifad\u0259 imkanlar\u0131n\u0131 art\u0131rmaqd\u0131r. Bununla da sa\u011flaml\u0131q imkanlar\u0131 m\u0259hdud insanlar\u0131n metropolitend\u0259n t\u0259hl\u00fck\u0259siz, rahat istifad\u0259 imkanlar\u0131 artacaq. Layih\u0259nin icras\u0131ndan \u0259vv\u0259l m\u00fct\u0259x\u0259ssisl\u0259r bu q\u0259bild\u0259n olan \u015f\u0259xsl\u0259rin metro i\u015f\u00e7il\u0259rinin v\u0259 x\u00fcsusi avadanl\u0131qlar\u0131n k\u00f6m\u0259yi il\u0259 metrodan&hellip;","_links":{"self":[{"href":"https:\/\/arantv.az\/index.php?rest_route=\/wp\/v2\/posts\/36227"}],"collection":[{"href":"https:\/\/arantv.az\/index.php?rest_route=\/wp\/v2\/posts"}],"about":[{"href":"https:\/\/arantv.az\/index.php?rest_route=\/wp\/v2\/types\/post"}],"author":[{"embeddable":true,"href":"https:\/\/arantv.az\/index.php?rest_route=\/wp\/v2\/users\/2"}],"replies":[{"embeddable":true,"href":"https:\/\/arantv.az\/index.php?rest_route=%2Fwp%2Fv2%2Fcomments&post=36227"}],"version-history":[{"count":0,"href":"https:\/\/arantv.az\/index.php?rest_route=\/wp\/v2\/posts\/36227\/revisions"}],"wp:featuredmedia":[{"embeddable":true,"href":"https:\/\/arantv.az\/index.php?rest_route=\/wp\/v2\/media\/36228"}],"wp:attachment":[{"href":"https:\/\/arantv.az\/index.php?rest_route=%2Fwp%2Fv2%2Fmedia&parent=36227"}],"wp:term":[{"taxonomy":"category","embeddable":true,"href":"https:\/\/arantv.az\/index.php?rest_route=%2Fwp%2Fv2%2Fcategories&post=36227"},{"taxonomy":"post_tag","embeddable":true,"href":"https:\/\/arantv.az\/index.php?rest_route=%2Fwp%2Fv2%2Ftags&post=36227"}],"curies":[{"name":"wp","href":"https:\/\/api.w.org\/{rel}","templated":true}]}}