{"id":362318,"date":"2021-08-02T08:43:29","date_gmt":"2021-08-02T05:43:29","guid":{"rendered":"http:\/\/arantv.az\/?p=362318"},"modified":"2021-08-02T08:43:29","modified_gmt":"2021-08-02T05:43:29","slug":"bu-gun-milli-m%c9%99clisd%c9%99-eld%c9%99niz-s%c9%99limo-muzakir%c9%99-olunacaq","status":"publish","type":"post","link":"https:\/\/arantv.az\/?p=362318","title":{"rendered":"Bu g\u00fcn Milli M\u0259clisd\u0259 Eld\u0259niz S\u0259limo m\u00fczakir\u0259 olunacaq"},"content":{"rendered":"<p>Bu g\u00fcn Milli M\u0259clisin \u0130ntizam komissiyas\u0131n\u0131n iclas\u0131 ke\u00e7iril\u0259c\u0259k.<\/p>\n<p><strong>ARANTV.AZ<\/strong>\u00a0 APA-ya istinad\u0259n bildirir ki, bu g\u00fcn saat 12.00-da ba\u015flayacaq iclasda Ba\u015f prokuror Kamran \u018fliyevin &#8220;Az\u0259rbaycan Respublikas\u0131 Milli M\u0259clisinin deputat\u0131 Eld\u0259niz Adil o\u011flu S\u0259limovun toxunulmazl\u0131\u011f\u0131na xitam verilm\u0259si haqq\u0131nda&#8221; Milli M\u0259clis\u0259 t\u0259qdimat\u0131na bax\u0131lacaq.<\/p>\n<p>Qeyd ed\u0259k ki, Milli M\u0259clisin Daxili Nizamnam\u0259sin\u0259 \u0259sas\u0259n, Milli M\u0259clisin S\u0259dri Milli M\u0259clisin deputat\u0131 haqq\u0131nda t\u0259qdimat\u0131 \u0259vv\u0259lc\u0259 Milli M\u0259clisin \u0130ntizam komissiyas\u0131na g\u00f6nd\u0259rir. \u0130ntizam komissiyas\u0131 t\u0259qdimata baxaraq Milli M\u0259clisin deputat\u0131n\u0131n toxunulmazl\u0131\u011f\u0131na xitam verilib-verilm\u0259m\u0259si bar\u0259d\u0259 r\u0259y q\u0259bul edir. Milli M\u0259clis bu bar\u0259d\u0259 m\u0259s\u0259l\u0259l\u0259r\u0259 deputat toxunulmazl\u0131\u011f\u0131na xitam verilm\u0259si bar\u0259d\u0259 t\u0259qdimat olan deputat\u0131n i\u015ftirak\u0131 il\u0259 bax\u0131r. H\u0259min deputat\u0131n iclasda i\u015ftirak\u0131 m\u00fcmk\u00fcn olmad\u0131qda m\u0259s\u0259l\u0259y\u0259 onun i\u015ftirak\u0131 olmadan bax\u0131l\u0131r. Bu m\u0259s\u0259l\u0259 Milli M\u0259clisin iclas\u0131nda m\u00fczakir\u0259 edil\u0259rk\u0259n deputat\u0131n ittiham edildiyi cinay\u0259td\u0259 t\u0259qsirli olub-olmamas\u0131 m\u00fczakir\u0259 oluna bilm\u0259z. \u0130clasda i\u015ftirak ed\u0259n deputatlar yaln\u0131z deputat toxunulmazl\u0131\u011f\u0131na xitam verilm\u0259si bar\u0259d\u0259 Az\u0259rbaycan Respublikas\u0131 Ba\u015f prokurorunun t\u0259qdimat\u0131nda kifay\u0259t q\u0259d\u0259r \u0259saslar\u0131n olub-olmamas\u0131n\u0131 ayd\u0131nla\u015fd\u0131ra bil\u0259rl\u0259r v\u0259 bu m\u0259qs\u0259dl\u0259 Az\u0259rbaycan Respublikas\u0131n\u0131n Ba\u015f prokuroruna suallar ver\u0259 bil\u0259r, deputat toxunulmazl\u0131\u011f\u0131na xitam verilm\u0259sinin lehin\u0259 v\u0259 ya \u0259leyhin\u0259 \u00e7\u0131x\u0131\u015f ed\u0259 bil\u0259rl\u0259r. Milli M\u0259clisin deputat\u0131n\u0131n toxunulmazl\u0131\u011f\u0131na xitam verilm\u0259si bar\u0259d\u0259 Milli M\u0259clisin q\u0259rar\u0131 az\u0131 63 s\u0259s \u00e7oxlu\u011fu il\u0259 q\u0259bul edilir.<\/p>\n<p>Xat\u0131rladaq ki, iyul ay\u0131n\u0131n 29-da saat 01 rad\u0259l\u0259rind\u0259 Xa\u00e7maz \u015f\u0259h\u0259rind\u0259 yerl\u0259\u015f\u0259n &#8220;Star\u0131y Dvor&#8221; restoran\u0131nda Az\u0259rbaycan Respublikas\u0131 Milli M\u0259clisinin deputat\u0131 Eld\u0259niz S\u0259limovun polis \u0259m\u0259kda\u015f\u0131na xidm\u0259ti v\u0259zif\u0259l\u0259rinin icras\u0131 il\u0259 \u0259laq\u0259dar zor t\u0259tbiq etm\u0259si bar\u0259d\u0259 Daxili \u0130\u015fl\u0259r Nazirliyind\u0259n daxil olmu\u015f material Ba\u015f Prokurorluqda ara\u015fd\u0131r\u0131l\u0131b.<\/p>\n<div>\n<div id=\"AdviadNativeVideo0\" class=\"AdviadNativeVideo\"><\/div>\n<\/div>\n<p>Toplanm\u0131\u015f material \u00fczr\u0259 Az\u0259rbaycan Respublikas\u0131 Cinay\u0259t M\u0259c\u0259ll\u0259sinin 309.2-ci (v\u0259zif\u0259 s\u0259lahiyy\u0259tl\u0259rini a\u015fma) madd\u0259si il\u0259 cinay\u0259t i\u015fi ba\u015flan\u0131b v\u0259 istintaq\u0131n apar\u0131lmas\u0131 Ba\u015f Prokurorlu\u011fun \u0130stintaq \u0130dar\u0259sin\u0259 tap\u015f\u0131r\u0131l\u0131b. Haz\u0131rda i\u015f \u00fczr\u0259 intensiv istintaq h\u0259r\u0259k\u0259tl\u0259ri apar\u0131l\u0131r.<\/p>\n<p><strong>Milli.Az<\/strong><\/p>\n","protected":false},"excerpt":{"rendered":"<p>Bu g\u00fcn Milli M\u0259clisin \u0130ntizam komissiyas\u0131n\u0131n iclas\u0131 ke\u00e7iril\u0259c\u0259k. ARANTV.AZ\u00a0 APA-ya istinad\u0259n bildirir ki, bu g\u00fcn saat 12.00-da ba\u015flayacaq iclasda Ba\u015f prokuror Kamran \u018fliyevin &#8220;Az\u0259rbaycan Respublikas\u0131 Milli M\u0259clisinin deputat\u0131 Eld\u0259niz Adil o\u011flu S\u0259limovun toxunulmazl\u0131\u011f\u0131na xitam verilm\u0259si haqq\u0131nda&#8221; Milli M\u0259clis\u0259 t\u0259qdimat\u0131na bax\u0131lacaq. Qeyd ed\u0259k ki, Milli M\u0259clisin Daxili Nizamnam\u0259sin\u0259 \u0259sas\u0259n, Milli M\u0259clisin S\u0259dri Milli M\u0259clisin deputat\u0131 haqq\u0131nda t\u0259qdimat\u0131 \u0259vv\u0259lc\u0259 Milli M\u0259clisin \u0130ntizam komissiyas\u0131na g\u00f6nd\u0259rir. \u0130ntizam komissiyas\u0131 t\u0259qdimata baxaraq Milli M\u0259clisin deputat\u0131n\u0131n toxunulmazl\u0131\u011f\u0131na xitam verilib-verilm\u0259m\u0259si bar\u0259d\u0259 r\u0259y q\u0259bul edir. Milli M\u0259clis bu bar\u0259d\u0259 m\u0259s\u0259l\u0259l\u0259r\u0259 deputat toxunulmazl\u0131\u011f\u0131na xitam verilm\u0259si bar\u0259d\u0259 t\u0259qdimat olan deputat\u0131n i\u015ftirak\u0131&hellip;<\/p>\n","protected":false},"author":2,"featured_media":362319,"comment_status":"closed","ping_status":"closed","sticky":false,"template":"","format":"standard","meta":{"om_disable_all_campaigns":false,"_monsterinsights_skip_tracking":false,"_monsterinsights_sitenote_active":false,"_monsterinsights_sitenote_note":"","_monsterinsights_sitenote_category":0},"categories":[19],"tags":[],"aioseo_notices":[],"gutentor_comment":0,"rttpg_featured_image_url":{"full":["https:\/\/arantv.az\/wp-content\/uploads\/2021\/08\/eldeniz_selimov_deputat.jpg",800,600,false],"landscape":["https:\/\/arantv.az\/wp-content\/uploads\/2021\/08\/eldeniz_selimov_deputat.jpg",800,600,false],"portraits":["https:\/\/arantv.az\/wp-content\/uploads\/2021\/08\/eldeniz_selimov_deputat.jpg",800,600,false],"thumbnail":["https:\/\/arantv.az\/wp-content\/uploads\/2021\/08\/eldeniz_selimov_deputat-500x280.jpg",500,280,true],"medium":["https:\/\/arantv.az\/wp-content\/uploads\/2021\/08\/eldeniz_selimov_deputat-487x365.jpg",487,365,true],"large":["https:\/\/arantv.az\/wp-content\/uploads\/2021\/08\/eldeniz_selimov_deputat.jpg",640,480,false],"1536x1536":["https:\/\/arantv.az\/wp-content\/uploads\/2021\/08\/eldeniz_selimov_deputat.jpg",800,600,false],"2048x2048":["https:\/\/arantv.az\/wp-content\/uploads\/2021\/08\/eldeniz_selimov_deputat.jpg",800,600,false],"post-thumbnail":["https:\/\/arantv.az\/wp-content\/uploads\/2021\/08\/eldeniz_selimov_deputat-240x172.jpg",240,172,true],"advps-thumb-one":["https:\/\/arantv.az\/wp-content\/uploads\/2021\/08\/eldeniz_selimov_deputat.jpg",800,600,false]},"rttpg_author":{"display_name":"V\u00fcsal Rafiqo\u011flu","author_link":"https:\/\/arantv.az\/?author=2"},"rttpg_comment":0,"rttpg_category":"<a href=\"https:\/\/arantv.az\/?cat=19\" rel=\"category\">G\u00fcnd\u0259m<\/a>","rttpg_excerpt":"Bu g\u00fcn Milli M\u0259clisin \u0130ntizam komissiyas\u0131n\u0131n iclas\u0131 ke\u00e7iril\u0259c\u0259k. ARANTV.AZ\u00a0 APA-ya istinad\u0259n bildirir ki, bu g\u00fcn saat 12.00-da ba\u015flayacaq iclasda Ba\u015f prokuror Kamran \u018fliyevin &#8220;Az\u0259rbaycan Respublikas\u0131 Milli M\u0259clisinin deputat\u0131 Eld\u0259niz Adil o\u011flu S\u0259limovun toxunulmazl\u0131\u011f\u0131na xitam verilm\u0259si haqq\u0131nda&#8221; Milli M\u0259clis\u0259 t\u0259qdimat\u0131na bax\u0131lacaq. Qeyd ed\u0259k ki, Milli M\u0259clisin Daxili Nizamnam\u0259sin\u0259 \u0259sas\u0259n, Milli M\u0259clisin S\u0259dri Milli M\u0259clisin deputat\u0131 haqq\u0131nda&hellip;","_links":{"self":[{"href":"https:\/\/arantv.az\/index.php?rest_route=\/wp\/v2\/posts\/362318"}],"collection":[{"href":"https:\/\/arantv.az\/index.php?rest_route=\/wp\/v2\/posts"}],"about":[{"href":"https:\/\/arantv.az\/index.php?rest_route=\/wp\/v2\/types\/post"}],"author":[{"embeddable":true,"href":"https:\/\/arantv.az\/index.php?rest_route=\/wp\/v2\/users\/2"}],"replies":[{"embeddable":true,"href":"https:\/\/arantv.az\/index.php?rest_route=%2Fwp%2Fv2%2Fcomments&post=362318"}],"version-history":[{"count":0,"href":"https:\/\/arantv.az\/index.php?rest_route=\/wp\/v2\/posts\/362318\/revisions"}],"wp:featuredmedia":[{"embeddable":true,"href":"https:\/\/arantv.az\/index.php?rest_route=\/wp\/v2\/media\/362319"}],"wp:attachment":[{"href":"https:\/\/arantv.az\/index.php?rest_route=%2Fwp%2Fv2%2Fmedia&parent=362318"}],"wp:term":[{"taxonomy":"category","embeddable":true,"href":"https:\/\/arantv.az\/index.php?rest_route=%2Fwp%2Fv2%2Fcategories&post=362318"},{"taxonomy":"post_tag","embeddable":true,"href":"https:\/\/arantv.az\/index.php?rest_route=%2Fwp%2Fv2%2Ftags&post=362318"}],"curies":[{"name":"wp","href":"https:\/\/api.w.org\/{rel}","templated":true}]}}