{"id":362321,"date":"2021-08-02T08:44:09","date_gmt":"2021-08-02T05:44:09","guid":{"rendered":"http:\/\/arantv.az\/?p=362321"},"modified":"2021-08-02T08:44:09","modified_gmt":"2021-08-02T05:44:09","slug":"turkiy%c9%99-mes%c9%99l%c9%99rin%c9%99-od-vuranlar-erm%c9%99nil%c9%99rdir-fakt","status":"publish","type":"post","link":"https:\/\/arantv.az\/?p=362321","title":{"rendered":"T\u00fcrkiy\u0259 me\u015f\u0259l\u0259rin\u0259 od vuranlar erm\u0259nil\u0259rdir \u2013 FAKT"},"content":{"rendered":"<p><strong>T\u00fcrkiy\u0259nin c\u0259nub b\u00f6lg\u0259l\u0259rind\u0259 ba\u015flayan me\u015f\u0259 yan\u011f\u0131nlar\u0131na g\u00f6r\u0259 m\u0259suliyy\u0259ti PKK terror t\u0259\u015fkilat\u0131na ba\u011fl\u0131 olan \u201cAt\u0259\u015fin u\u015faqlar\u0131\u201d qrupu \u00fcz\u0259rin\u0259 g\u00f6t\u00fcr\u00fcb. Bu t\u0259\u015fkilat PKK n\u0259zdind\u0259 yaransa da, daim erm\u0259nil\u0259ri m\u00fcdafi\u0259 edib. 2019 v\u0259 2020-ci ill\u0259rd\u0259 erm\u0259nil\u0259ri m\u00fcdafi\u0259 ed\u0259n bu terror t\u0259\u015fkilat\u0131n\u0131n maliyy\u0259\u00e7il\u0259ri i\u00e7\u0259risind\u0259 Amerika v\u0259 Fransadak\u0131 erm\u0259ni fondlar\u0131 var.<\/strong><\/p>\n<p><strong>ARANTV.AZ <\/strong><a href=\"http:\/\/axar.az\/\" target=\"_blank\" rel=\"noopener\">Axar.az<\/a>-a istinadla x\u0259b\u0259r verir ki, bu s\u00f6zl\u0259ri tarix\u00e7i alim, dosent\u00a0<strong>Zaur \u018fliyev<\/strong>\u00a0qeyd edib.<\/p>\n<p>O bildirib ki, bu terror t\u0259\u015fkilat\u0131n\u0131n yaranmas\u0131n\u0131n t\u0259\u015f\u0259bb\u00fcskar\u0131 ASALA-d\u0131r:<\/p>\n<p>\u201cAt\u0259\u015fin u\u015faqlar\u0131\u201dna t\u0259liml\u0259r ASALA kamplar\u0131nda ke\u00e7irilib. Bunu ASALA haqq\u0131nda olan s\u0259n\u0259dl\u0259rd\u0259 g\u00f6rm\u0259k olar. PKK-n\u0131n bu qanad\u0131n\u0131n \u00fczvl\u0259ri 2016-2017-ci ill\u0259rd\u0259 o zaman i\u015f\u011fal alt\u0131nda olan Qaraba\u011fda t\u0259liml\u0259rd\u0259 i\u015ftirak edibl\u0259r. T\u0259\u015fkilat\u0131n maliyy\u0259 m\u0259s\u0259l\u0259rind\u0259n m\u0259sul \u015f\u0259xsi d\u0259 m\u0259hz erm\u0259nidr&#8230;<\/p>\n<p>T\u00fcrkiy\u0259nin Hatay \u015f\u0259h\u0259rind\u0259 bir m\u00fcdd\u0259t \u00f6nc\u0259 400 hektarl\u0131q \u0259razini yand\u0131ran \u201cAt\u0259\u015fin u\u015faqlar\u0131\u201d terror t\u0259\u015fkilat\u0131 r\u0259smi b\u0259yanat\u0131nda da demi\u015fdir: \u201cHatay\u0131 biz erm\u0259nil\u0259r\u0259 d\u0259st\u0259k \u00fc\u00e7\u00fcn yand\u0131rd\u0131q\u201d.<\/p>\n<p>T\u00fcrkiy\u0259d\u0259 i\u015f adam\u0131 olan erm\u0259nil\u0259r bu terror t\u0259\u015fkilat\u0131na m\u00fctamadi maliyy\u0259 yard\u0131m\u0131 edirl\u0259r. \u0130kinci Qaraba\u011f m\u00fcharib\u0259si zaman\u0131 \u00f6z saytlar\u0131nda erm\u0259nil\u0259r\u0259 d\u0259st\u0259k ver\u0259n bu terror t\u0259\u015fkilat\u0131 PKK-n\u0131 erm\u0259nil\u0259ri m\u00fcdafi\u0259 etm\u0259y\u0259 s\u0259sl\u0259yib\u201d.<\/p>\n","protected":false},"excerpt":{"rendered":"<p>T\u00fcrkiy\u0259nin c\u0259nub b\u00f6lg\u0259l\u0259rind\u0259 ba\u015flayan me\u015f\u0259 yan\u011f\u0131nlar\u0131na g\u00f6r\u0259 m\u0259suliyy\u0259ti PKK terror t\u0259\u015fkilat\u0131na ba\u011fl\u0131 olan \u201cAt\u0259\u015fin u\u015faqlar\u0131\u201d qrupu \u00fcz\u0259rin\u0259 g\u00f6t\u00fcr\u00fcb. Bu t\u0259\u015fkilat PKK n\u0259zdind\u0259 yaransa da, daim erm\u0259nil\u0259ri m\u00fcdafi\u0259 edib. 2019 v\u0259 2020-ci ill\u0259rd\u0259 erm\u0259nil\u0259ri m\u00fcdafi\u0259 ed\u0259n bu terror t\u0259\u015fkilat\u0131n\u0131n maliyy\u0259\u00e7il\u0259ri i\u00e7\u0259risind\u0259 Amerika v\u0259 Fransadak\u0131 erm\u0259ni fondlar\u0131 var. ARANTV.AZ Axar.az-a istinadla x\u0259b\u0259r verir ki, bu s\u00f6zl\u0259ri tarix\u00e7i alim, dosent\u00a0Zaur \u018fliyev\u00a0qeyd edib. O bildirib ki, bu terror t\u0259\u015fkilat\u0131n\u0131n yaranmas\u0131n\u0131n t\u0259\u015f\u0259bb\u00fcskar\u0131 ASALA-d\u0131r: \u201cAt\u0259\u015fin u\u015faqlar\u0131\u201dna t\u0259liml\u0259r ASALA kamplar\u0131nda ke\u00e7irilib. Bunu ASALA haqq\u0131nda olan s\u0259n\u0259dl\u0259rd\u0259 g\u00f6rm\u0259k olar. PKK-n\u0131n bu qanad\u0131n\u0131n \u00fczvl\u0259ri 2016-2017-ci ill\u0259rd\u0259 o zaman i\u015f\u011fal&hellip;<\/p>\n","protected":false},"author":2,"featured_media":362322,"comment_status":"closed","ping_status":"closed","sticky":false,"template":"","format":"standard","meta":{"om_disable_all_campaigns":false,"_monsterinsights_skip_tracking":false,"_monsterinsights_sitenote_active":false,"_monsterinsights_sitenote_note":"","_monsterinsights_sitenote_category":0},"categories":[19],"tags":[],"aioseo_notices":[],"gutentor_comment":0,"rttpg_featured_image_url":{"full":["https:\/\/arantv.az\/wp-content\/uploads\/2021\/08\/mese_yanqini_1.jpg",800,450,false],"landscape":["https:\/\/arantv.az\/wp-content\/uploads\/2021\/08\/mese_yanqini_1.jpg",800,450,false],"portraits":["https:\/\/arantv.az\/wp-content\/uploads\/2021\/08\/mese_yanqini_1.jpg",800,450,false],"thumbnail":["https:\/\/arantv.az\/wp-content\/uploads\/2021\/08\/mese_yanqini_1-500x280.jpg",500,280,true],"medium":["https:\/\/arantv.az\/wp-content\/uploads\/2021\/08\/mese_yanqini_1-649x365.jpg",649,365,true],"large":["https:\/\/arantv.az\/wp-content\/uploads\/2021\/08\/mese_yanqini_1.jpg",640,360,false],"1536x1536":["https:\/\/arantv.az\/wp-content\/uploads\/2021\/08\/mese_yanqini_1.jpg",800,450,false],"2048x2048":["https:\/\/arantv.az\/wp-content\/uploads\/2021\/08\/mese_yanqini_1.jpg",800,450,false],"post-thumbnail":["https:\/\/arantv.az\/wp-content\/uploads\/2021\/08\/mese_yanqini_1-240x172.jpg",240,172,true],"advps-thumb-one":["https:\/\/arantv.az\/wp-content\/uploads\/2021\/08\/mese_yanqini_1.jpg",800,450,false]},"rttpg_author":{"display_name":"V\u00fcsal Rafiqo\u011flu","author_link":"https:\/\/arantv.az\/?author=2"},"rttpg_comment":0,"rttpg_category":"<a href=\"https:\/\/arantv.az\/?cat=19\" rel=\"category\">G\u00fcnd\u0259m<\/a>","rttpg_excerpt":"T\u00fcrkiy\u0259nin c\u0259nub b\u00f6lg\u0259l\u0259rind\u0259 ba\u015flayan me\u015f\u0259 yan\u011f\u0131nlar\u0131na g\u00f6r\u0259 m\u0259suliyy\u0259ti PKK terror t\u0259\u015fkilat\u0131na ba\u011fl\u0131 olan \u201cAt\u0259\u015fin u\u015faqlar\u0131\u201d qrupu \u00fcz\u0259rin\u0259 g\u00f6t\u00fcr\u00fcb. Bu t\u0259\u015fkilat PKK n\u0259zdind\u0259 yaransa da, daim erm\u0259nil\u0259ri m\u00fcdafi\u0259 edib. 2019 v\u0259 2020-ci ill\u0259rd\u0259 erm\u0259nil\u0259ri m\u00fcdafi\u0259 ed\u0259n bu terror t\u0259\u015fkilat\u0131n\u0131n maliyy\u0259\u00e7il\u0259ri i\u00e7\u0259risind\u0259 Amerika v\u0259 Fransadak\u0131 erm\u0259ni fondlar\u0131 var. ARANTV.AZ Axar.az-a istinadla x\u0259b\u0259r verir ki, bu s\u00f6zl\u0259ri tarix\u00e7i&hellip;","_links":{"self":[{"href":"https:\/\/arantv.az\/index.php?rest_route=\/wp\/v2\/posts\/362321"}],"collection":[{"href":"https:\/\/arantv.az\/index.php?rest_route=\/wp\/v2\/posts"}],"about":[{"href":"https:\/\/arantv.az\/index.php?rest_route=\/wp\/v2\/types\/post"}],"author":[{"embeddable":true,"href":"https:\/\/arantv.az\/index.php?rest_route=\/wp\/v2\/users\/2"}],"replies":[{"embeddable":true,"href":"https:\/\/arantv.az\/index.php?rest_route=%2Fwp%2Fv2%2Fcomments&post=362321"}],"version-history":[{"count":0,"href":"https:\/\/arantv.az\/index.php?rest_route=\/wp\/v2\/posts\/362321\/revisions"}],"wp:featuredmedia":[{"embeddable":true,"href":"https:\/\/arantv.az\/index.php?rest_route=\/wp\/v2\/media\/362322"}],"wp:attachment":[{"href":"https:\/\/arantv.az\/index.php?rest_route=%2Fwp%2Fv2%2Fmedia&parent=362321"}],"wp:term":[{"taxonomy":"category","embeddable":true,"href":"https:\/\/arantv.az\/index.php?rest_route=%2Fwp%2Fv2%2Fcategories&post=362321"},{"taxonomy":"post_tag","embeddable":true,"href":"https:\/\/arantv.az\/index.php?rest_route=%2Fwp%2Fv2%2Ftags&post=362321"}],"curies":[{"name":"wp","href":"https:\/\/api.w.org\/{rel}","templated":true}]}}