{"id":362357,"date":"2021-08-02T09:56:19","date_gmt":"2021-08-02T06:56:19","guid":{"rendered":"http:\/\/arantv.az\/?p=362357"},"modified":"2021-08-02T09:56:19","modified_gmt":"2021-08-02T06:56:19","slug":"nazir-muavini-yanginla-bagli-turkiy%c9%99y%c9%99-getdi","status":"publish","type":"post","link":"https:\/\/arantv.az\/?p=362357","title":{"rendered":"Nazir m\u00fcavini yan\u011f\u0131nla ba\u011fl\u0131 T\u00fcrkiy\u0259y\u0259 getdi"},"content":{"rendered":"<p>Az\u0259rbaycan Respublikas\u0131n\u0131n Prezidenti\u00a0\u0130lham \u018fliyevin tap\u015f\u0131r\u0131\u011f\u0131na uy\u011fun olaraq, T\u00fcrkiy\u0259 Respublikas\u0131n\u0131n \u0259razisind\u0259 ba\u015f vermi\u015f me\u015f\u0259 yan\u011f\u0131nlar\u0131n\u0131n s\u00f6nd\u00fcr\u00fclm\u0259si v\u0259 daha geni\u015f miqyas almas\u0131na imkan verilm\u0259m\u0259si m\u0259qs\u0259dil\u0259 Az\u0259rbaycan Respublikas\u0131 F\u00f6vq\u0259lad\u0259 Hallar Nazirliyinin yan\u011f\u0131n-xilasetm\u0259 q\u00fcvv\u0259l\u0259ri haz\u0131rda qarda\u015f \u00f6lk\u0259d\u0259 yan\u011f\u0131nlarla m\u00fcbariz\u0259 apar\u0131r.<\/p>\n<div id=\"AdviadNativeVideo0\" class=\"AdviadNativeVideo\"><\/div>\n<p>FHN-in q\u00fcvv\u0259l\u0259rinin koordinasiyal\u0131 idar\u0259 edilm\u0259si m\u0259qs\u0259dil\u0259, bu g\u00fcn s\u0259h\u0259r Az\u0259rbaycan Respublikas\u0131 f\u00f6vq\u0259lad\u0259 hallar nazirinin m\u00fcavini general-leytenant Etibar Mirz\u0259yevin ba\u015f\u00e7\u0131l\u0131q etdiyi nazirliyin m\u0259sul v\u0259zif\u0259li \u0259m\u0259kda\u015flar\u0131ndan ibar\u0259t n\u00fcmay\u0259nd\u0259 hey\u0259ti T\u00fcrkiy\u0259y\u0259 gedib.<\/p>\n","protected":false},"excerpt":{"rendered":"<p>Az\u0259rbaycan Respublikas\u0131n\u0131n Prezidenti\u00a0\u0130lham \u018fliyevin tap\u015f\u0131r\u0131\u011f\u0131na uy\u011fun olaraq, T\u00fcrkiy\u0259 Respublikas\u0131n\u0131n \u0259razisind\u0259 ba\u015f vermi\u015f me\u015f\u0259 yan\u011f\u0131nlar\u0131n\u0131n s\u00f6nd\u00fcr\u00fclm\u0259si v\u0259 daha geni\u015f miqyas almas\u0131na imkan verilm\u0259m\u0259si m\u0259qs\u0259dil\u0259 Az\u0259rbaycan Respublikas\u0131 F\u00f6vq\u0259lad\u0259 Hallar Nazirliyinin yan\u011f\u0131n-xilasetm\u0259 q\u00fcvv\u0259l\u0259ri haz\u0131rda qarda\u015f \u00f6lk\u0259d\u0259 yan\u011f\u0131nlarla m\u00fcbariz\u0259 apar\u0131r. FHN-in q\u00fcvv\u0259l\u0259rinin koordinasiyal\u0131 idar\u0259 edilm\u0259si m\u0259qs\u0259dil\u0259, bu g\u00fcn s\u0259h\u0259r Az\u0259rbaycan Respublikas\u0131 f\u00f6vq\u0259lad\u0259 hallar nazirinin m\u00fcavini general-leytenant Etibar Mirz\u0259yevin ba\u015f\u00e7\u0131l\u0131q etdiyi nazirliyin m\u0259sul v\u0259zif\u0259li \u0259m\u0259kda\u015flar\u0131ndan ibar\u0259t n\u00fcmay\u0259nd\u0259 hey\u0259ti T\u00fcrkiy\u0259y\u0259 gedib.<\/p>\n","protected":false},"author":2,"featured_media":362358,"comment_status":"closed","ping_status":"closed","sticky":false,"template":"","format":"standard","meta":{"om_disable_all_campaigns":false,"_monsterinsights_skip_tracking":false,"_monsterinsights_sitenote_active":false,"_monsterinsights_sitenote_note":"","_monsterinsights_sitenote_category":0},"categories":[26],"tags":[],"aioseo_notices":[],"gutentor_comment":0,"rttpg_featured_image_url":{"full":["https:\/\/arantv.az\/wp-content\/uploads\/2021\/08\/2856505.jpg",750,499,false],"landscape":["https:\/\/arantv.az\/wp-content\/uploads\/2021\/08\/2856505.jpg",750,499,false],"portraits":["https:\/\/arantv.az\/wp-content\/uploads\/2021\/08\/2856505.jpg",750,499,false],"thumbnail":["https:\/\/arantv.az\/wp-content\/uploads\/2021\/08\/2856505-500x280.jpg",500,280,true],"medium":["https:\/\/arantv.az\/wp-content\/uploads\/2021\/08\/2856505-549x365.jpg",549,365,true],"large":["https:\/\/arantv.az\/wp-content\/uploads\/2021\/08\/2856505.jpg",640,426,false],"1536x1536":["https:\/\/arantv.az\/wp-content\/uploads\/2021\/08\/2856505.jpg",750,499,false],"2048x2048":["https:\/\/arantv.az\/wp-content\/uploads\/2021\/08\/2856505.jpg",750,499,false],"post-thumbnail":["https:\/\/arantv.az\/wp-content\/uploads\/2021\/08\/2856505-240x172.jpg",240,172,true],"advps-thumb-one":["https:\/\/arantv.az\/wp-content\/uploads\/2021\/08\/2856505.jpg",750,499,false]},"rttpg_author":{"display_name":"V\u00fcsal Rafiqo\u011flu","author_link":"https:\/\/arantv.az\/?author=2"},"rttpg_comment":0,"rttpg_category":"<a href=\"https:\/\/arantv.az\/?cat=26\" rel=\"category\">Sosial<\/a>","rttpg_excerpt":"Az\u0259rbaycan Respublikas\u0131n\u0131n Prezidenti\u00a0\u0130lham \u018fliyevin tap\u015f\u0131r\u0131\u011f\u0131na uy\u011fun olaraq, T\u00fcrkiy\u0259 Respublikas\u0131n\u0131n \u0259razisind\u0259 ba\u015f vermi\u015f me\u015f\u0259 yan\u011f\u0131nlar\u0131n\u0131n s\u00f6nd\u00fcr\u00fclm\u0259si v\u0259 daha geni\u015f miqyas almas\u0131na imkan verilm\u0259m\u0259si m\u0259qs\u0259dil\u0259 Az\u0259rbaycan Respublikas\u0131 F\u00f6vq\u0259lad\u0259 Hallar Nazirliyinin yan\u011f\u0131n-xilasetm\u0259 q\u00fcvv\u0259l\u0259ri haz\u0131rda qarda\u015f \u00f6lk\u0259d\u0259 yan\u011f\u0131nlarla m\u00fcbariz\u0259 apar\u0131r. FHN-in q\u00fcvv\u0259l\u0259rinin koordinasiyal\u0131 idar\u0259 edilm\u0259si m\u0259qs\u0259dil\u0259, bu g\u00fcn s\u0259h\u0259r Az\u0259rbaycan Respublikas\u0131 f\u00f6vq\u0259lad\u0259 hallar nazirinin m\u00fcavini general-leytenant Etibar Mirz\u0259yevin ba\u015f\u00e7\u0131l\u0131q&hellip;","_links":{"self":[{"href":"https:\/\/arantv.az\/index.php?rest_route=\/wp\/v2\/posts\/362357"}],"collection":[{"href":"https:\/\/arantv.az\/index.php?rest_route=\/wp\/v2\/posts"}],"about":[{"href":"https:\/\/arantv.az\/index.php?rest_route=\/wp\/v2\/types\/post"}],"author":[{"embeddable":true,"href":"https:\/\/arantv.az\/index.php?rest_route=\/wp\/v2\/users\/2"}],"replies":[{"embeddable":true,"href":"https:\/\/arantv.az\/index.php?rest_route=%2Fwp%2Fv2%2Fcomments&post=362357"}],"version-history":[{"count":0,"href":"https:\/\/arantv.az\/index.php?rest_route=\/wp\/v2\/posts\/362357\/revisions"}],"wp:featuredmedia":[{"embeddable":true,"href":"https:\/\/arantv.az\/index.php?rest_route=\/wp\/v2\/media\/362358"}],"wp:attachment":[{"href":"https:\/\/arantv.az\/index.php?rest_route=%2Fwp%2Fv2%2Fmedia&parent=362357"}],"wp:term":[{"taxonomy":"category","embeddable":true,"href":"https:\/\/arantv.az\/index.php?rest_route=%2Fwp%2Fv2%2Fcategories&post=362357"},{"taxonomy":"post_tag","embeddable":true,"href":"https:\/\/arantv.az\/index.php?rest_route=%2Fwp%2Fv2%2Ftags&post=362357"}],"curies":[{"name":"wp","href":"https:\/\/api.w.org\/{rel}","templated":true}]}}