{"id":362363,"date":"2021-08-02T09:59:55","date_gmt":"2021-08-02T06:59:55","guid":{"rendered":"http:\/\/arantv.az\/?p=362363"},"modified":"2021-08-02T09:59:55","modified_gmt":"2021-08-02T06:59:55","slug":"fahrettin-altundan-help-turkey-aciqlamasi-turkiy%c9%99ni-aciz-gost%c9%99rm%c9%99k-ucun-basladilib-foto","status":"publish","type":"post","link":"https:\/\/arantv.az\/?p=362363","title":{"rendered":"Fahrettin Altundan \u201cHelp Turkey\u201d a\u00e7\u0131qlamas\u0131: \u201cT\u00fcrkiy\u0259ni aciz g\u00f6st\u0259rm\u0259k \u00fc\u00e7\u00fcn ba\u015flad\u0131l\u0131b\u201d &#8211; FOTO"},"content":{"rendered":"<article class=\"news\">\n<div class=\"news-inner\">\n<p>\u201cXaricd\u0259n t\u0259\u015fkil edil\u0259n \u201cyard\u0131m\u201d kampaniyalar\u0131 ideoloji motivl\u0259rl\u0259 d\u00f6vl\u0259timizi aciz g\u00f6st\u0259rm\u0259k v\u0259 d\u00f6vl\u0259t-mill\u0259t birliyimizi z\u0259ifl\u0259tm\u0259k \u00fc\u00e7\u00fcn ba\u015flad\u0131l\u0131b\u201d.<\/p>\n<p>\u201cHaber Global\u201d\u0131n m\u0259lumat\u0131na g\u00f6r\u0259, bunu T\u00fcrkiy\u0259 Prezidenti Administrasiyas\u0131n\u0131n Kommunikasiya \u0130dar\u0259sinin s\u0259dri Fahrettin Altun \u00f6z\u00fcn\u00fcn \u201cTwitter\u201d hesab\u0131ndan b\u0259yan edib.<\/p>\n<div id=\"AdviadNativeVideo0\" class=\"AdviadNativeVideo\"><\/div>\n<p>O, T\u00fcrkiy\u0259ni c\u0259ngin\u0259\u00a0alan me\u015f\u0259 yan\u011f\u0131nlar\u0131 il\u0259 m\u00fcbariz\u0259d\u0259 d\u00f6vl\u0259tin b\u00fct\u00fcn vasit\u0259l\u0259rini s\u0259f\u0259rb\u0259r etdiyini vur\u011fulay\u0131b v\u0259 35 \u0259yal\u0259td\u0259 129 yan\u011f\u0131ndan art\u0131q 122-sinin n\u0259zar\u0259t alt\u0131na al\u0131nd\u0131\u011f\u0131n\u0131 vur\u011fulay\u0131b.<\/p>\n<p>\u201cT\u00fcrkiy\u0259miz g\u00fccl\u00fcd\u00fcr. D\u00f6vl\u0259timiz\u00a0ayaqdad\u0131r. Prezidentin dediyi kimi, itirdiyimiz h\u0259yatlar istisna olmaqla, b\u00fct\u00fcn itkil\u0259rimizi kompensasiya ed\u0259c\u0259yik, bizi yand\u0131ran bu at\u0259\u015fi s\u00f6nd\u00fcr\u0259c\u0259yik. Haz\u0131rda sosial media platformalar\u0131nda, mesajla\u015fma qruplar\u0131nda v\u0259 forumlarda yay\u0131lan m\u0259lumatlar\u0131n \u0259ks\u0259riyy\u0259ti saxta x\u0259b\u0259rl\u0259rdir. Bu g\u00fcn bel\u0259 bir t\u0259bii f\u0259lak\u0259t\u0259 baxmayaraq, bel\u0259 yalanlar\u0131 yayanlar\u0131n t\u0259l\u0259sin\u0259 d\u00fc\u015fm\u0259yin. Ancaq\u00a0r\u0259smi orqanlar\u0131n a\u00e7\u0131qlamalar\u0131na etibar edin\u201d, &#8211; dey\u0259 Fahrettin Altun \u0259lav\u0259 edib.<\/p>\n<div>\n<div class=\"twitter-tweet twitter-tweet-rendered\"><iframe id=\"twitter-widget-0\" class=\"\" title=\"Twitter Tweet\" src=\"https:\/\/platform.twitter.com\/embed\/Tweet.html?creatorScreenName=oxuaz&amp;dnt=false&amp;embedId=twitter-widget-0&amp;features=eyJ0ZndfZXhwZXJpbWVudHNfY29va2llX2V4cGlyYXRpb24iOnsiYnVja2V0IjoxMjA5NjAwLCJ2ZXJzaW9uIjpudWxsfSwidGZ3X2hvcml6b25fdHdlZXRfZW1iZWRfOTU1NSI6eyJidWNrZXQiOiJodGUiLCJ2ZXJzaW9uIjpudWxsfSwidGZ3X3NwYWNlX2NhcmQiOnsiYnVja2V0Ijoib2ZmIiwidmVyc2lvbiI6bnVsbH19&amp;frame=false&amp;hideCard=false&amp;hideThread=false&amp;id=1421969606844035075&amp;lang=en&amp;origin=https%3A%2F%2Foxu.az%2Fworld%2F517049&amp;sessionId=eea42ac168dcd59c70f583cd157614fef60fcce8&amp;siteScreenName=oxuaz&amp;theme=light&amp;widgetsVersion=e9dfb5f%3A1627539779275&amp;width=550px\" frameborder=\"0\" scrolling=\"no\" allowfullscreen=\"allowfullscreen\" data-tweet-id=\"1421969606844035075\" data-mce-fragment=\"1\"><\/iframe><\/div>\n<\/div>\n<p>&nbsp;<\/p>\n<div>\n<div class=\"twitter-tweet twitter-tweet-rendered\"><iframe id=\"twitter-widget-1\" class=\"\" title=\"Twitter Tweet\" src=\"https:\/\/platform.twitter.com\/embed\/Tweet.html?creatorScreenName=oxuaz&amp;dnt=false&amp;embedId=twitter-widget-1&amp;features=eyJ0ZndfZXhwZXJpbWVudHNfY29va2llX2V4cGlyYXRpb24iOnsiYnVja2V0IjoxMjA5NjAwLCJ2ZXJzaW9uIjpudWxsfSwidGZ3X2hvcml6b25fdHdlZXRfZW1iZWRfOTU1NSI6eyJidWNrZXQiOiJodGUiLCJ2ZXJzaW9uIjpudWxsfSwidGZ3X3NwYWNlX2NhcmQiOnsiYnVja2V0Ijoib2ZmIiwidmVyc2lvbiI6bnVsbH19&amp;frame=false&amp;hideCard=false&amp;hideThread=false&amp;id=1421969610035933188&amp;lang=en&amp;origin=https%3A%2F%2Foxu.az%2Fworld%2F517049&amp;sessionId=eea42ac168dcd59c70f583cd157614fef60fcce8&amp;siteScreenName=oxuaz&amp;theme=light&amp;widgetsVersion=e9dfb5f%3A1627539779275&amp;width=550px\" frameborder=\"0\" scrolling=\"no\" allowfullscreen=\"allowfullscreen\" data-tweet-id=\"1421969610035933188\" data-mce-fragment=\"1\"><\/iframe><\/div>\n<\/div>\n<\/div>\n<\/article>\n","protected":false},"excerpt":{"rendered":"<p>\u201cXaricd\u0259n t\u0259\u015fkil edil\u0259n \u201cyard\u0131m\u201d kampaniyalar\u0131 ideoloji motivl\u0259rl\u0259 d\u00f6vl\u0259timizi aciz g\u00f6st\u0259rm\u0259k v\u0259 d\u00f6vl\u0259t-mill\u0259t birliyimizi z\u0259ifl\u0259tm\u0259k \u00fc\u00e7\u00fcn ba\u015flad\u0131l\u0131b\u201d. \u201cHaber Global\u201d\u0131n m\u0259lumat\u0131na g\u00f6r\u0259, bunu T\u00fcrkiy\u0259 Prezidenti Administrasiyas\u0131n\u0131n Kommunikasiya \u0130dar\u0259sinin s\u0259dri Fahrettin Altun \u00f6z\u00fcn\u00fcn \u201cTwitter\u201d hesab\u0131ndan b\u0259yan edib. O, T\u00fcrkiy\u0259ni c\u0259ngin\u0259\u00a0alan me\u015f\u0259 yan\u011f\u0131nlar\u0131 il\u0259 m\u00fcbariz\u0259d\u0259 d\u00f6vl\u0259tin b\u00fct\u00fcn vasit\u0259l\u0259rini s\u0259f\u0259rb\u0259r etdiyini vur\u011fulay\u0131b v\u0259 35 \u0259yal\u0259td\u0259 129 yan\u011f\u0131ndan art\u0131q 122-sinin n\u0259zar\u0259t alt\u0131na al\u0131nd\u0131\u011f\u0131n\u0131 vur\u011fulay\u0131b. \u201cT\u00fcrkiy\u0259miz g\u00fccl\u00fcd\u00fcr. D\u00f6vl\u0259timiz\u00a0ayaqdad\u0131r. Prezidentin dediyi kimi, itirdiyimiz h\u0259yatlar istisna olmaqla, b\u00fct\u00fcn itkil\u0259rimizi kompensasiya ed\u0259c\u0259yik, bizi yand\u0131ran bu at\u0259\u015fi s\u00f6nd\u00fcr\u0259c\u0259yik. Haz\u0131rda sosial media platformalar\u0131nda, mesajla\u015fma qruplar\u0131nda v\u0259 forumlarda yay\u0131lan m\u0259lumatlar\u0131n \u0259ks\u0259riyy\u0259ti saxta x\u0259b\u0259rl\u0259rdir.&hellip;<\/p>\n","protected":false},"author":2,"featured_media":362364,"comment_status":"closed","ping_status":"closed","sticky":false,"template":"","format":"standard","meta":{"om_disable_all_campaigns":false,"_monsterinsights_skip_tracking":false,"_monsterinsights_sitenote_active":false,"_monsterinsights_sitenote_note":"","_monsterinsights_sitenote_category":0},"categories":[7],"tags":[],"aioseo_notices":[],"gutentor_comment":0,"rttpg_featured_image_url":{"full":["https:\/\/arantv.az\/wp-content\/uploads\/2021\/08\/portugalwildfires0608h.jpg",620,413,false],"landscape":["https:\/\/arantv.az\/wp-content\/uploads\/2021\/08\/portugalwildfires0608h.jpg",620,413,false],"portraits":["https:\/\/arantv.az\/wp-content\/uploads\/2021\/08\/portugalwildfires0608h.jpg",620,413,false],"thumbnail":["https:\/\/arantv.az\/wp-content\/uploads\/2021\/08\/portugalwildfires0608h-500x280.jpg",500,280,true],"medium":["https:\/\/arantv.az\/wp-content\/uploads\/2021\/08\/portugalwildfires0608h-548x365.jpg",548,365,true],"large":["https:\/\/arantv.az\/wp-content\/uploads\/2021\/08\/portugalwildfires0608h.jpg",620,413,false],"1536x1536":["https:\/\/arantv.az\/wp-content\/uploads\/2021\/08\/portugalwildfires0608h.jpg",620,413,false],"2048x2048":["https:\/\/arantv.az\/wp-content\/uploads\/2021\/08\/portugalwildfires0608h.jpg",620,413,false],"post-thumbnail":["https:\/\/arantv.az\/wp-content\/uploads\/2021\/08\/portugalwildfires0608h-240x172.jpg",240,172,true],"advps-thumb-one":["https:\/\/arantv.az\/wp-content\/uploads\/2021\/08\/portugalwildfires0608h.jpg",620,413,false]},"rttpg_author":{"display_name":"V\u00fcsal Rafiqo\u011flu","author_link":"https:\/\/arantv.az\/?author=2"},"rttpg_comment":0,"rttpg_category":"<a href=\"https:\/\/arantv.az\/?cat=7\" rel=\"category\">D\u00fcnya<\/a>","rttpg_excerpt":"\u201cXaricd\u0259n t\u0259\u015fkil edil\u0259n \u201cyard\u0131m\u201d kampaniyalar\u0131 ideoloji motivl\u0259rl\u0259 d\u00f6vl\u0259timizi aciz g\u00f6st\u0259rm\u0259k v\u0259 d\u00f6vl\u0259t-mill\u0259t birliyimizi z\u0259ifl\u0259tm\u0259k \u00fc\u00e7\u00fcn ba\u015flad\u0131l\u0131b\u201d. \u201cHaber Global\u201d\u0131n m\u0259lumat\u0131na g\u00f6r\u0259, bunu T\u00fcrkiy\u0259 Prezidenti Administrasiyas\u0131n\u0131n Kommunikasiya \u0130dar\u0259sinin s\u0259dri Fahrettin Altun \u00f6z\u00fcn\u00fcn \u201cTwitter\u201d hesab\u0131ndan b\u0259yan edib. O, T\u00fcrkiy\u0259ni c\u0259ngin\u0259\u00a0alan me\u015f\u0259 yan\u011f\u0131nlar\u0131 il\u0259 m\u00fcbariz\u0259d\u0259 d\u00f6vl\u0259tin b\u00fct\u00fcn vasit\u0259l\u0259rini s\u0259f\u0259rb\u0259r etdiyini vur\u011fulay\u0131b v\u0259 35 \u0259yal\u0259td\u0259 129 yan\u011f\u0131ndan art\u0131q 122-sinin n\u0259zar\u0259t&hellip;","_links":{"self":[{"href":"https:\/\/arantv.az\/index.php?rest_route=\/wp\/v2\/posts\/362363"}],"collection":[{"href":"https:\/\/arantv.az\/index.php?rest_route=\/wp\/v2\/posts"}],"about":[{"href":"https:\/\/arantv.az\/index.php?rest_route=\/wp\/v2\/types\/post"}],"author":[{"embeddable":true,"href":"https:\/\/arantv.az\/index.php?rest_route=\/wp\/v2\/users\/2"}],"replies":[{"embeddable":true,"href":"https:\/\/arantv.az\/index.php?rest_route=%2Fwp%2Fv2%2Fcomments&post=362363"}],"version-history":[{"count":0,"href":"https:\/\/arantv.az\/index.php?rest_route=\/wp\/v2\/posts\/362363\/revisions"}],"wp:featuredmedia":[{"embeddable":true,"href":"https:\/\/arantv.az\/index.php?rest_route=\/wp\/v2\/media\/362364"}],"wp:attachment":[{"href":"https:\/\/arantv.az\/index.php?rest_route=%2Fwp%2Fv2%2Fmedia&parent=362363"}],"wp:term":[{"taxonomy":"category","embeddable":true,"href":"https:\/\/arantv.az\/index.php?rest_route=%2Fwp%2Fv2%2Fcategories&post=362363"},{"taxonomy":"post_tag","embeddable":true,"href":"https:\/\/arantv.az\/index.php?rest_route=%2Fwp%2Fv2%2Ftags&post=362363"}],"curies":[{"name":"wp","href":"https:\/\/api.w.org\/{rel}","templated":true}]}}